{"id":28115,"date":"2026-01-26T08:37:25","date_gmt":"2026-01-26T07:37:25","guid":{"rendered":"https:\/\/www.chg.at\/?p=28115"},"modified":"2026-01-26T08:37:25","modified_gmt":"2026-01-26T07:37:25","slug":"nisg-2026-in-oesterreich-wer-betroffen-ist-und-was-jetzt-zu-tun-ist","status":"publish","type":"post","link":"https:\/\/www.chg.at\/en\/nisg-2026-in-oesterreich-wer-betroffen-ist-und-was-jetzt-zu-tun-ist\/","title":{"rendered":"NISG 2026 in \u00d6sterreich: Wer betroffen ist und was jetzt zu tun ist"},"content":{"rendered":"<style type=\"text\/css\"> \n#cmsmasters_row_69f184efef7022_00443584 .cmsmasters_row_outer_parent { \n\tpadding-top: 30px; \n} \n\n#cmsmasters_row_69f184efef7022_00443584 .cmsmasters_row_outer_parent { \n\tpadding-bottom: 30px; \n} \n\n \n#cmsmasters_row_69f184efefa8d2_98275943 .cmsmasters_row_outer_parent { \n\tpadding-top: 0px; \n} \n\n#cmsmasters_row_69f184efefa8d2_98275943 .cmsmasters_row_outer_parent { \n\tpadding-bottom: 50px; \n} \n\n<\/style><div id=\"cmsmasters_row_69f184efef7022_00443584\" class=\"cmsmasters_row cmsmasters_color_scheme_default cmsmasters_row_top_default cmsmasters_row_bot_default cmsmasters_row_boxed\">\n<div class=\"cmsmasters_row_outer_parent\">\n<div class=\"cmsmasters_row_outer\">\n<div class=\"cmsmasters_row_inner\">\n<div class=\"cmsmasters_row_margin\">\n<div class=\"cmsmasters_column one_first\">\n<div class=\"cmsmasters_text\">\n<h1><span lang=\"DE\" style=\"color: #d43555;\">NISG 2026 in \u00d6sterreich: Wer betroffen ist und was jetzt zu tun ist<\/span><\/h1>\n<p>von RA <a href=\"https:\/\/www.chg.at\/profile\/clemens-handl\/\">Clemens Handl\u00a0<\/a><\/p>\n<p><strong><a name=\"_Toc216859234\"><\/a>\u00a01. Ausgangslage<\/strong><\/p>\n<p>Mit dem Netz- und Informationssystemsicherheitsgesetz 2026 (NISG 2026) setzt \u00d6sterreich die <strong>NIS-2-Richtlinie<\/strong> Das Gesetz wurde am 23. Dezember 2025 kundgemacht und tritt mit <strong>1. Oktober 2026<\/strong> in Kraft. Ziel des Gesetzgebers ist es, ein unionsweit hohes und m\u00f6glichst einheitliches Cybersicherheitsniveau f\u00fcr Netz- und Informationssysteme sicherzustellen.<\/p>\n<p>F\u00fcr Unternehmen stellt sich damit eine zentrale Weichenstellung: Ob und in welchem Umfang das NISG 2026 zur Anwendung kommt. Diese Frage l\u00e4sst sich nicht allein anhand der Unternehmensgr\u00f6\u00dfe beantworten. Ausschlaggebend ist stets das Zusammenspiel von Gr\u00f6\u00dfe und konkreter wirtschaftlicher T\u00e4tigkeit.<\/p>\n<p>Der folgende Beitrag ordnet den Anwendungsbereich des NISG 2026 rechtlich ein, zeigt typische Abgrenzungsprobleme auf und skizziert die praktischen Konsequenzen f\u00fcr betroffene Unternehmen.<\/p>\n<p><strong>2. Anwendungsbereich des NISG 2026<\/strong><\/p>\n<p>Der pers\u00f6nliche Anwendungsbereich des NISG 2026 ergibt sich aus den \u00a7\u00a7 24 ff NISG 2026 und erfasst Unternehmen mit einer <strong>Niederlassung in \u00d6sterreich<\/strong>. Das Gesetz unterscheidet systematisch zwischen sogenannten <strong>wesentlichen Einrichtungen<\/strong> und <strong>wichtigen Einrichtungen<\/strong>. Die Zuordnung erfolgt nach einem zweistufigen Pr\u00fcfungsmodell, das zun\u00e4chst auf die <strong>Unternehmensgr\u00f6\u00dfe<\/strong> und in einem zweiten Schritt auf die Zugeh\u00f6rigkeit zu bestimmten gesetzlich definierten <strong>Sektoren<\/strong><\/p>\n<p>Als mittlere Unternehmen gelten Unternehmen mit zumindest <strong>50 Besch\u00e4ftigten<\/strong> oder mit einem <strong>Jahresumsatz und einer Jahresbilanzsumme<\/strong> von jeweils mehr als zehn Millionen Euro.<\/p>\n<p>Gro\u00dfe Unternehmen liegen vor, wenn zumindest <strong>250 Mitarbeiter<\/strong> besch\u00e4ftigt werden oder ein <strong>Jahresumsatz<\/strong> von mehr als <strong>f\u00fcnfzig Millionen Euro<\/strong> sowie eine <strong>Bilanzsumme<\/strong> von mehr als <strong>dreiundvierzig Millionen Euro<\/strong> erreicht werden.<\/p>\n<p>Bei der Ermittlung dieser Schwellenwerte sind die Kennzahlen von Partner- oder verbundenen Unternehmen zu ber\u00fccksichtigen, sofern keine vollst\u00e4ndige organisatorische, technische und operative Trennung besteht. In der Praxis f\u00fchrt dies insbesondere bei konzerninternen IT- oder Shared-Service-Gesellschaften regelm\u00e4\u00dfig zu einer Zurechnung.<\/p>\n<p><strong>3.<a name=\"_Toc216859241\"><\/a> Wesentliche Einrichtungen<\/strong><\/p>\n<p>Als wesentliche Einrichtungen qualifizieren einerseits bestimmte Unternehmen unabh\u00e4ngig von ihrer Gr\u00f6\u00dfe, sofern sie besonders kritische T\u00e4tigkeiten aus\u00fcben. Dazu z\u00e4hlen etwa qualifizierte Vertrauensdiensteanbieter oder Betreiber zentraler digitaler Infrastrukturen. Dar\u00fcber hinaus gelten mittlere Unternehmen als wesentliche Einrichtungen, wenn sie \u00f6ffentliche elektronische Kommunikationsnetze oder \u00f6ffentlich zug\u00e4ngliche Kommunikationsdienste betreiben. Schlie\u00dflich fallen auch gro\u00dfe Unternehmen unter diese Kategorie, sofern sie ihre Hauptt\u00e4tigkeit in einem kritischen Sektor gem\u00e4\u00df Anlage 1 des NISG 2026 aus\u00fcben.<\/p>\n<p>Zu diesen kritischen Sektoren z\u00e4hlen unter anderem Energie, Verkehr, Bankwesen und Finanzmarktinfrastrukturen, Gesundheitswesen, Trinkwasser- und Abwasserwirtschaft, digitale Infrastruktur, die Verwaltung von IKT-Diensten im B2B-Bereich sowie die \u00f6ffentliche Verwaltung.<\/p>\n<p><strong>4.<a name=\"_Toc216859242\"><\/a> Wichtige Einrichtungen<\/strong><\/p>\n<p>Wichtige Einrichtungen sind Unternehmen, die keine wesentlichen Einrichtungen sind, ein <strong>mittleres oder gro\u00dfes Unternehmen<\/strong> betreiben und in einem der in den <strong>Anlagen 1 oder 2<\/strong> genannten Sektoren t\u00e4tig sind. W\u00e4hrend Anlage 1 die kritischen Sektoren erfasst, umfasst Anlage 2 weitere kritische Bereiche wie Post- und Kurierdienste, Abfallbewirtschaftung, Lebensmittelproduktion, chemische Industrie, bestimmte Teile des verarbeitenden Gewerbes, Anbieter digitaler Dienste sowie Forschungseinrichtungen.<\/p>\n<p>Auch im Bereich der wichtigen Einrichtungen ist entscheidend, dass eine eigenst\u00e4ndige, sektorbezogene T\u00e4tigkeit vorliegt. Ohne einen sachlichen Bezug zu den in den Anlagen genannten T\u00e4tigkeiten entfaltet das NISG 2026 keine Wirkung, selbst wenn die Unternehmensgr\u00f6\u00dfe die relevanten Schwellen \u00fcberschreitet.<\/p>\n<p><strong>5. Typische Fehlannahmen in der Praxis<\/strong><\/p>\n<p>In der rechtlichen Praxis zeigt sich, dass das NISG 2026 h\u00e4ufig \u00fcbersch\u00e4tzt oder falsch eingeordnet wird. Weder f\u00fchrt die blo\u00dfe Qualifikation als gro\u00dfes Unternehmen automatisch zur Anwendbarkeit des Gesetzes, noch begr\u00fcndet jede energienahe T\u00e4tigkeit, etwa der Betrieb eigener Photovoltaikanlagen, eine Einstufung im Energiesektor. Ebenso l\u00f6sen konzerninterne IT-Dienstleistungen nicht per se die Anwendung des NISG 2026 aus. Ausschlaggebend bleibt stets, ob tats\u00e4chlich Dienste gem\u00e4\u00df den Anlagen 1 oder 2 erbracht werden.<\/p>\n<p>Das NISG 2026 ist damit kein allgemeines IT-Compliance-Gesetz, sondern ein klar sektorspezifisches Regulierungsinstrument.<\/p>\n<p><strong>6. Pflichten bei Anwendbarkeit des NISG 2026<\/strong><\/p>\n<p>Unternehmen, die als wesentliche oder wichtige Einrichtung qualifizieren, unterliegen umfangreichen rechtlichen Verpflichtungen. Sie haben sich bis sp\u00e4testens <strong> Dezember 2026<\/strong> bei der <strong>Cybersicherheitsbeh\u00f6rde zu registrieren<\/strong> und relevante \u00c4nderungen laufend zu melden. Dar\u00fcber hinaus sind angemessene technische, organisatorische und operative <strong>Ma\u00dfnahmen zur Beherrschung von Cybersicherheitsrisiken<\/strong> umzusetzen.<\/p>\n<p>Besondere Bedeutung kommt der Governance zu. Das NISG 2026 verlagert die <strong>Verantwortung f\u00fcr Cybersicherheit<\/strong> ausdr\u00fccklich auf die <strong>Ebene der Leitungsorgane<\/strong>. Gesch\u00e4ftsleiter sind nicht nur organisatorisch eingebunden, sondern rechtlich verpflichtet, die Einhaltung der Cybersicherheitsanforderungen sicherzustellen und laufend zu \u00fcberwachen. Cybersicherheit wird damit zu einer origin\u00e4ren Managementaufgabe und kann nicht wirksam an die IT-Abteilung delegiert werden.<\/p>\n<p>Die Leitungsorgane haben daf\u00fcr zu sorgen, dass angemessene technische, organisatorische und operative Ma\u00dfnahmen tats\u00e4chlich implementiert werden und im laufenden Betrieb wirksam sind. Dazu geh\u00f6rt auch die <strong>pers\u00f6nliche Teilnahme an spezifisch ausgestalteten Cybersicherheitsschulungen<\/strong>. Unterbleiben diese Ma\u00dfnahmen oder beschr\u00e4nkt sich die Gesch\u00e4ftsleitung auf formale Vorgaben ohne effektive Kontrolle, entsteht ein erhebliches Haftungsrisiko. <strong>Regelm\u00e4\u00dfige Schulungen der Mitarbeiter<\/strong> sind Teil dieser Organisationsverantwortung und dienen zugleich der Haftungspr\u00e4vention auf Leitungsebene.<\/p>\n<p>Ein zentrales Novum des NISG 2026 liegt in den ausgepr\u00e4gten <strong>Lieferketten-Sorgfaltspflichten<\/strong>. Unternehmen m\u00fcssen Cyberrisiken entlang ihrer unmittelbaren Liefer- und Dienstleistungsketten bewerten und Cybersicherheitsanforderungen vertraglich absichern. Die eigene Compliance reicht nicht aus, wenn Schwachstellen bei Vertragspartnern bestehen.<\/p>\n<p>Innerhalb von zw\u00f6lf Monaten nach Eintritt der Registrierungspflicht ist zudem eine <strong>Selbstdeklaration gegen\u00fcber der Cybersicherheitsbeh\u00f6rde<\/strong> abzugeben, die eine Risikoanalyse sowie eine Darstellung der umgesetzten Ma\u00dfnahmen enth\u00e4lt. Bei erheblichen Cybersicherheitsvorf\u00e4llen bestehen <strong>strenge Meldepflichten<\/strong>, beginnend mit einer Fr\u00fchwarnung binnen 24 Stunden bis hin zu einer Abschlussmeldung innerhalb eines Monats.<\/p>\n<p><strong>7. Sanktionen und Gesch\u00e4ftsleiterhaftung<\/strong><\/p>\n<p>Verst\u00f6\u00dfe gegen das NISG 2026 sind mit empfindlichen Verwaltungsstrafen bedroht. Bei wesentlichen Einrichtungen drohen Geldstrafen von bis zu <strong>zehn Millionen Euro oder zwei Prozent des weltweiten Jahresumsatzes<\/strong>, bei wichtigen Einrichtungen bis zu <strong>sieben Millionen Euro oder 1,4 Prozent des Jahresumsatzes<\/strong>. Diese Sanktionen richten sich zwar formal gegen die juristische Person, sie sind jedoch regelm\u00e4\u00dfig Ausfluss eines Organisations- oder \u00dcberwachungsversagens auf Ebene der Gesch\u00e4ftsleitung.<\/p>\n<p>Das Gesetz kn\u00fcpft ausdr\u00fccklich an Pflichtverletzungen von Personen in F\u00fchrungspositionen an, insbesondere dann, wenn diese aufgrund <strong>mangelnder Aufsicht oder Kontrolle<\/strong> Cybersicherheitsverst\u00f6\u00dfe erm\u00f6glicht oder beg\u00fcnstigt haben. F\u00fcr Gesch\u00e4ftsleiter bedeutet dies, dass Cybersicherheit nicht nur ein Compliance-Thema, sondern ein haftungsrelevanter Bestandteil der ordnungsgem\u00e4\u00dfen Unternehmensf\u00fchrung ist. Eine unzutreffende Einstufung des Unternehmens, versp\u00e4tete Registrierungen, unzureichende Risikomanagementma\u00dfnahmen oder fehlende Lieferkettenkontrollen k\u00f6nnen als schuldhafte Pflichtverletzung gewertet werden.<\/p>\n<p>In der Praxis steigt damit das pers\u00f6nliche Risiko von Gesch\u00e4ftsf\u00fchrern, Vorst\u00e4nden und sonstigen Leitungsorganen deutlich an. Wer Cybersicherheit nicht strukturiert steuert, dokumentiert und \u00fcberwacht, setzt sich nicht nur beh\u00f6rdlichen Sanktionen, sondern auch gesellschaftsrechtlichen Regressanspr\u00fcchen aus.<\/p>\n<p><strong>8.\u00a0 Fazit<\/strong><\/p>\n<p>Das NISG 2026 entfaltet keine fl\u00e4chendeckende Wirkung, birgt jedoch erhebliche Risiken bei unzutreffender Einordnung. Unternehmen sind gut beraten, ihre tats\u00e4chliche T\u00e4tigkeit pr\u00e4zise zu analysieren, die Unternehmensgr\u00f6\u00dfe korrekt unter Ber\u00fccksichtigung konzernrechtlicher Verflechtungen zu bestimmen und fr\u00fchzeitig Governance- sowie Vertragsstrukturen anzupassen. Eine saubere rechtliche Qualifikation ist die Grundlage jeder tragf\u00e4higen Cybersicherheitsstrategie.<\/p>\n<p>&nbsp;<\/p>\n<p>Ihre Praxisgruppe data &amp; technology bei CHG Rechtsanw\u00e4lte ber\u00e4t Unternehmen umfassend zur Anwendbarkeit des NISG 2026, zur strategischen Umsetzung der gesetzlichen Pflichten und zur Haftungsminimierung auf Ebene der Gesch\u00e4ftsleitung.<\/p>\n<\/div>\n<\/div>\n<\/div>\n<\/div>\n<\/div>\n<\/div>\n<\/div>\n<div id=\"cmsmasters_row_69f184efefa8d2_98275943\" class=\"cmsmasters_row cmsmasters_color_scheme_default cmsmasters_row_top_default cmsmasters_row_bot_default cmsmasters_row_boxed\">\n<div class=\"cmsmasters_row_outer_parent\">\n<div class=\"cmsmasters_row_outer\">\n<div class=\"cmsmasters_row_inner\">\n<div class=\"cmsmasters_row_margin\">\n<div class=\"cmsmasters_column one_half\">\n<div class=\"cmsmasters_img  cmsmasters_image_n with_caption\">\n<a href=\"https:\/\/www.chg.at\/profile\/clemens-handl\/\"><img src=\"https:\/\/www.chg.at\/wp-content\/uploads\/2023\/11\/CHG-Rechtsanwaelte-Clemens-Handl-Portrait.jpg\" \/><\/a>\n<p class=\"cmsmasters_img_caption\">Clemens Handl<\/p><\/div>\n<\/div>\n<div class=\"cmsmasters_column one_half\">\n<div class=\"cmsmasters_text\">\n<p>Kontakt:<\/p>\n<p>RA Mag.\u00a0Clemens Handl, LL.M.: <a href=\"mailto:handl@chg.at\">handl@chg.at<\/a><\/p>\n<p class=\"KontaktAdressblock\">Rechtsanwalt und Leiter der Praxisgruppe <a href=\"https:\/\/www.chg.at\/praxisgruppe-data-technology\/\">data &amp; technology<\/a><\/p>\n<p>CHG Czernich Haidlen Gast &amp; Partner Rechtsanw\u00e4lte<\/p>\n<p>Bozner Platz 4 \u2013 6020 Innsbruck<\/p>\n<p>Tel.: 0512-567373 Fax: 0512-567373 -15<br \/>\n<a href=\"mailto:office@chg.at\">office@chg.at<\/a>\u00a0\u00a0<a href=\"https:\/\/www.chg.at\/\">www.chg.at<\/a><\/p>\n<\/div>\n<\/div>\n<\/div>\n<\/div>\n<\/div>\n<\/div>\n<\/div>\n\n","protected":false},"excerpt":{"rendered":"<p>Ab Oktober 2026 versch\u00e4rft sich der rechtliche Rahmen f\u00fcr Cybersicherheit in \u00d6sterreich \u2013 doch wen trifft das NISG 2026 tats\u00e4chlich?<\/p>\n","protected":false},"author":16,"featured_media":28120,"comment_status":"closed","ping_status":"open","sticky":false,"template":"","format":"image","meta":{"inline_featured_image":false},"categories":[8,278,9],"tags":[],"yoast_head":"<!-- This site is optimized with the Yoast SEO plugin v19.8 - https:\/\/yoast.com\/wordpress\/plugins\/seo\/ -->\n<title>NISG 2026 in \u00d6sterreich: Wer betroffen ist und was jetzt zu tun ist - CHG Czernich Rechtsanw\u00e4lte \u2013 Wir bewegen Wirtschaft<\/title>\n<meta name=\"description\" content=\"Ab Oktober 2026 versch\u00e4rft sich der rechtliche Rahmen f\u00fcr Cybersicherheit in \u00d6sterreich \u2013 doch wen trifft das NISG 2026 tats\u00e4chlich?\" \/>\n<meta name=\"robots\" content=\"index, follow, max-snippet:-1, max-image-preview:large, max-video-preview:-1\" \/>\n<link rel=\"canonical\" href=\"https:\/\/www.chg.at\/en\/nisg-2026-in-oesterreich-wer-betroffen-ist-und-was-jetzt-zu-tun-ist\/\" \/>\n<meta property=\"og:locale\" content=\"en_US\" \/>\n<meta property=\"og:type\" content=\"article\" \/>\n<meta property=\"og:title\" content=\"CHG\" \/>\n<meta property=\"og:description\" content=\"CHG\" \/>\n<meta property=\"og:url\" content=\"https:\/\/www.chg.at\/en\/nisg-2026-in-oesterreich-wer-betroffen-ist-und-was-jetzt-zu-tun-ist\/\" \/>\n<meta property=\"og:site_name\" content=\"CHG Czernich Rechtsanw\u00e4lte \u2013 Wir bewegen Wirtschaft\" \/>\n<meta property=\"article:published_time\" content=\"2026-01-26T07:37:25+00:00\" \/>\n<meta name=\"author\" content=\"Selina Reichholf\" \/>\n<meta name=\"twitter:card\" content=\"summary_large_image\" \/>\n<meta name=\"twitter:image\" content=\"https:\/\/www.chg.at\/wp-content\/uploads\/2026\/01\/4-e1769413017637.png\" \/>\n<meta name=\"twitter:label1\" content=\"Written by\" \/>\n\t<meta name=\"twitter:data1\" content=\"Selina Reichholf\" \/>\n\t<meta name=\"twitter:label2\" content=\"Est. reading time\" \/>\n\t<meta name=\"twitter:data2\" content=\"7 minutes\" \/>\n<script type=\"application\/ld+json\" class=\"yoast-schema-graph\">{\"@context\":\"https:\/\/schema.org\",\"@graph\":[{\"@type\":\"Article\",\"@id\":\"https:\/\/www.chg.at\/en\/nisg-2026-in-oesterreich-wer-betroffen-ist-und-was-jetzt-zu-tun-ist\/#article\",\"isPartOf\":{\"@id\":\"https:\/\/www.chg.at\/en\/nisg-2026-in-oesterreich-wer-betroffen-ist-und-was-jetzt-zu-tun-ist\/\"},\"author\":{\"name\":\"Selina Reichholf\",\"@id\":\"https:\/\/www.chg.at\/en\/#\/schema\/person\/1a03a341ca78135e646a1e10d229c9f5\"},\"headline\":\"NISG 2026 in \u00d6sterreich: Wer betroffen ist und was jetzt zu tun ist\",\"datePublished\":\"2026-01-26T07:37:25+00:00\",\"dateModified\":\"2026-01-26T07:37:25+00:00\",\"mainEntityOfPage\":{\"@id\":\"https:\/\/www.chg.at\/en\/nisg-2026-in-oesterreich-wer-betroffen-ist-und-was-jetzt-zu-tun-ist\/\"},\"wordCount\":1321,\"publisher\":{\"@id\":\"https:\/\/www.chg.at\/en\/#organization\"},\"articleSection\":[\"CHG News\",\"data &amp; technology\",\"Kanzlei\"],\"inLanguage\":\"en-US\"},{\"@type\":\"WebPage\",\"@id\":\"https:\/\/www.chg.at\/en\/nisg-2026-in-oesterreich-wer-betroffen-ist-und-was-jetzt-zu-tun-ist\/\",\"url\":\"https:\/\/www.chg.at\/en\/nisg-2026-in-oesterreich-wer-betroffen-ist-und-was-jetzt-zu-tun-ist\/\",\"name\":\"NISG 2026 in \u00d6sterreich: Wer betroffen ist und was jetzt zu tun ist - CHG Czernich Rechtsanw\u00e4lte \u2013 Wir bewegen Wirtschaft\",\"isPartOf\":{\"@id\":\"https:\/\/www.chg.at\/en\/#website\"},\"datePublished\":\"2026-01-26T07:37:25+00:00\",\"dateModified\":\"2026-01-26T07:37:25+00:00\",\"description\":\"Ab Oktober 2026 versch\u00e4rft sich der rechtliche Rahmen f\u00fcr Cybersicherheit in \u00d6sterreich \u2013 doch wen trifft das NISG 2026 tats\u00e4chlich?\",\"breadcrumb\":{\"@id\":\"https:\/\/www.chg.at\/en\/nisg-2026-in-oesterreich-wer-betroffen-ist-und-was-jetzt-zu-tun-ist\/#breadcrumb\"},\"inLanguage\":\"en-US\",\"potentialAction\":[{\"@type\":\"ReadAction\",\"target\":[\"https:\/\/www.chg.at\/en\/nisg-2026-in-oesterreich-wer-betroffen-ist-und-was-jetzt-zu-tun-ist\/\"]}]},{\"@type\":\"BreadcrumbList\",\"@id\":\"https:\/\/www.chg.at\/en\/nisg-2026-in-oesterreich-wer-betroffen-ist-und-was-jetzt-zu-tun-ist\/#breadcrumb\",\"itemListElement\":[{\"@type\":\"ListItem\",\"position\":1,\"name\":\"Startseite\",\"item\":\"https:\/\/www.chg.at\/en\/\"},{\"@type\":\"ListItem\",\"position\":2,\"name\":\"NISG 2026 in \u00d6sterreich: Wer betroffen ist und was jetzt zu tun ist\"}]},{\"@type\":\"WebSite\",\"@id\":\"https:\/\/www.chg.at\/en\/#website\",\"url\":\"https:\/\/www.chg.at\/en\/\",\"name\":\"CHG Czernich Rechtsanw\u00e4lte \u2013 Wir bewegen Wirtschaft\",\"description\":\"Wir sorgen f\u00fcr Klarheit, wenn es rechtlich kompliziert wird. In jeder Phase Ihrer Unternehmungen. Sie ergreifen die Chancen. Wir verwandeln Risiken in L\u00f6sungen.\",\"publisher\":{\"@id\":\"https:\/\/www.chg.at\/en\/#organization\"},\"potentialAction\":[{\"@type\":\"SearchAction\",\"target\":{\"@type\":\"EntryPoint\",\"urlTemplate\":\"https:\/\/www.chg.at\/en\/?s={search_term_string}\"},\"query-input\":\"required name=search_term_string\"}],\"inLanguage\":\"en-US\"},{\"@type\":\"Organization\",\"@id\":\"https:\/\/www.chg.at\/en\/#organization\",\"name\":\"CHG Czernich Rechtsanw\u00e4lte\",\"url\":\"https:\/\/www.chg.at\/en\/\",\"sameAs\":[\"https:\/\/www.linkedin.com\/company\/12773263\/admin\/dashboard\/\"],\"logo\":{\"@type\":\"ImageObject\",\"inLanguage\":\"en-US\",\"@id\":\"https:\/\/www.chg.at\/en\/#\/schema\/logo\/image\/\",\"url\":\"https:\/\/www.chg.at\/wp-content\/uploads\/2016\/08\/CHG_logo_250_1.png\",\"contentUrl\":\"https:\/\/www.chg.at\/wp-content\/uploads\/2016\/08\/CHG_logo_250_1.png\",\"width\":250,\"height\":33,\"caption\":\"CHG Czernich Rechtsanw\u00e4lte\"},\"image\":{\"@id\":\"https:\/\/www.chg.at\/en\/#\/schema\/logo\/image\/\"}},{\"@type\":\"Person\",\"@id\":\"https:\/\/www.chg.at\/en\/#\/schema\/person\/1a03a341ca78135e646a1e10d229c9f5\",\"name\":\"Selina Reichholf\"}]}<\/script>\n<!-- \/ Yoast SEO plugin. -->","yoast_head_json":{"title":"NISG 2026 in \u00d6sterreich: Wer betroffen ist und was jetzt zu tun ist - CHG Czernich Rechtsanw\u00e4lte \u2013 Wir bewegen Wirtschaft","description":"Ab Oktober 2026 versch\u00e4rft sich der rechtliche Rahmen f\u00fcr Cybersicherheit in \u00d6sterreich \u2013 doch wen trifft das NISG 2026 tats\u00e4chlich?","robots":{"index":"index","follow":"follow","max-snippet":"max-snippet:-1","max-image-preview":"max-image-preview:large","max-video-preview":"max-video-preview:-1"},"canonical":"https:\/\/www.chg.at\/en\/nisg-2026-in-oesterreich-wer-betroffen-ist-und-was-jetzt-zu-tun-ist\/","og_locale":"en_US","og_type":"article","og_title":"CHG","og_description":"CHG","og_url":"https:\/\/www.chg.at\/en\/nisg-2026-in-oesterreich-wer-betroffen-ist-und-was-jetzt-zu-tun-ist\/","og_site_name":"CHG Czernich Rechtsanw\u00e4lte \u2013 Wir bewegen Wirtschaft","article_published_time":"2026-01-26T07:37:25+00:00","author":"Selina Reichholf","twitter_card":"summary_large_image","twitter_image":"https:\/\/www.chg.at\/wp-content\/uploads\/2026\/01\/4-e1769413017637.png","twitter_misc":{"Written by":"Selina Reichholf","Est. reading time":"7 minutes"},"schema":{"@context":"https:\/\/schema.org","@graph":[{"@type":"Article","@id":"https:\/\/www.chg.at\/en\/nisg-2026-in-oesterreich-wer-betroffen-ist-und-was-jetzt-zu-tun-ist\/#article","isPartOf":{"@id":"https:\/\/www.chg.at\/en\/nisg-2026-in-oesterreich-wer-betroffen-ist-und-was-jetzt-zu-tun-ist\/"},"author":{"name":"Selina Reichholf","@id":"https:\/\/www.chg.at\/en\/#\/schema\/person\/1a03a341ca78135e646a1e10d229c9f5"},"headline":"NISG 2026 in \u00d6sterreich: Wer betroffen ist und was jetzt zu tun ist","datePublished":"2026-01-26T07:37:25+00:00","dateModified":"2026-01-26T07:37:25+00:00","mainEntityOfPage":{"@id":"https:\/\/www.chg.at\/en\/nisg-2026-in-oesterreich-wer-betroffen-ist-und-was-jetzt-zu-tun-ist\/"},"wordCount":1321,"publisher":{"@id":"https:\/\/www.chg.at\/en\/#organization"},"articleSection":["CHG News","data &amp; technology","Kanzlei"],"inLanguage":"en-US"},{"@type":"WebPage","@id":"https:\/\/www.chg.at\/en\/nisg-2026-in-oesterreich-wer-betroffen-ist-und-was-jetzt-zu-tun-ist\/","url":"https:\/\/www.chg.at\/en\/nisg-2026-in-oesterreich-wer-betroffen-ist-und-was-jetzt-zu-tun-ist\/","name":"NISG 2026 in \u00d6sterreich: Wer betroffen ist und was jetzt zu tun ist - CHG Czernich Rechtsanw\u00e4lte \u2013 Wir bewegen Wirtschaft","isPartOf":{"@id":"https:\/\/www.chg.at\/en\/#website"},"datePublished":"2026-01-26T07:37:25+00:00","dateModified":"2026-01-26T07:37:25+00:00","description":"Ab Oktober 2026 versch\u00e4rft sich der rechtliche Rahmen f\u00fcr Cybersicherheit in \u00d6sterreich \u2013 doch wen trifft das NISG 2026 tats\u00e4chlich?","breadcrumb":{"@id":"https:\/\/www.chg.at\/en\/nisg-2026-in-oesterreich-wer-betroffen-ist-und-was-jetzt-zu-tun-ist\/#breadcrumb"},"inLanguage":"en-US","potentialAction":[{"@type":"ReadAction","target":["https:\/\/www.chg.at\/en\/nisg-2026-in-oesterreich-wer-betroffen-ist-und-was-jetzt-zu-tun-ist\/"]}]},{"@type":"BreadcrumbList","@id":"https:\/\/www.chg.at\/en\/nisg-2026-in-oesterreich-wer-betroffen-ist-und-was-jetzt-zu-tun-ist\/#breadcrumb","itemListElement":[{"@type":"ListItem","position":1,"name":"Startseite","item":"https:\/\/www.chg.at\/en\/"},{"@type":"ListItem","position":2,"name":"NISG 2026 in \u00d6sterreich: Wer betroffen ist und was jetzt zu tun ist"}]},{"@type":"WebSite","@id":"https:\/\/www.chg.at\/en\/#website","url":"https:\/\/www.chg.at\/en\/","name":"CHG Czernich Rechtsanw\u00e4lte \u2013 Wir bewegen Wirtschaft","description":"Wir sorgen f\u00fcr Klarheit, wenn es rechtlich kompliziert wird. In jeder Phase Ihrer Unternehmungen. Sie ergreifen die Chancen. Wir verwandeln Risiken in L\u00f6sungen.","publisher":{"@id":"https:\/\/www.chg.at\/en\/#organization"},"potentialAction":[{"@type":"SearchAction","target":{"@type":"EntryPoint","urlTemplate":"https:\/\/www.chg.at\/en\/?s={search_term_string}"},"query-input":"required name=search_term_string"}],"inLanguage":"en-US"},{"@type":"Organization","@id":"https:\/\/www.chg.at\/en\/#organization","name":"CHG Czernich Rechtsanw\u00e4lte","url":"https:\/\/www.chg.at\/en\/","sameAs":["https:\/\/www.linkedin.com\/company\/12773263\/admin\/dashboard\/"],"logo":{"@type":"ImageObject","inLanguage":"en-US","@id":"https:\/\/www.chg.at\/en\/#\/schema\/logo\/image\/","url":"https:\/\/www.chg.at\/wp-content\/uploads\/2016\/08\/CHG_logo_250_1.png","contentUrl":"https:\/\/www.chg.at\/wp-content\/uploads\/2016\/08\/CHG_logo_250_1.png","width":250,"height":33,"caption":"CHG Czernich Rechtsanw\u00e4lte"},"image":{"@id":"https:\/\/www.chg.at\/en\/#\/schema\/logo\/image\/"}},{"@type":"Person","@id":"https:\/\/www.chg.at\/en\/#\/schema\/person\/1a03a341ca78135e646a1e10d229c9f5","name":"Selina Reichholf"}]}},"_links":{"self":[{"href":"https:\/\/www.chg.at\/en\/wp-json\/wp\/v2\/posts\/28115"}],"collection":[{"href":"https:\/\/www.chg.at\/en\/wp-json\/wp\/v2\/posts"}],"about":[{"href":"https:\/\/www.chg.at\/en\/wp-json\/wp\/v2\/types\/post"}],"author":[{"embeddable":true,"href":"https:\/\/www.chg.at\/en\/wp-json\/wp\/v2\/users\/16"}],"replies":[{"embeddable":true,"href":"https:\/\/www.chg.at\/en\/wp-json\/wp\/v2\/comments?post=28115"}],"version-history":[{"count":4,"href":"https:\/\/www.chg.at\/en\/wp-json\/wp\/v2\/posts\/28115\/revisions"}],"predecessor-version":[{"id":28119,"href":"https:\/\/www.chg.at\/en\/wp-json\/wp\/v2\/posts\/28115\/revisions\/28119"}],"wp:featuredmedia":[{"embeddable":true,"href":"https:\/\/www.chg.at\/en\/wp-json\/wp\/v2\/media\/28120"}],"wp:attachment":[{"href":"https:\/\/www.chg.at\/en\/wp-json\/wp\/v2\/media?parent=28115"}],"wp:term":[{"taxonomy":"category","embeddable":true,"href":"https:\/\/www.chg.at\/en\/wp-json\/wp\/v2\/categories?post=28115"},{"taxonomy":"post_tag","embeddable":true,"href":"https:\/\/www.chg.at\/en\/wp-json\/wp\/v2\/tags?post=28115"}],"curies":[{"name":"wp","href":"https:\/\/api.w.org\/{rel}","templated":true}]}}