{"id":28122,"date":"2026-01-26T10:53:37","date_gmt":"2026-01-26T09:53:37","guid":{"rendered":"https:\/\/www.chg.at\/?p=28122"},"modified":"2026-01-26T10:55:51","modified_gmt":"2026-01-26T09:55:51","slug":"neue-schwellenwerte-im-vergaberecht-seit-1-jaenner-2026","status":"publish","type":"post","link":"https:\/\/www.chg.at\/en\/neue-schwellenwerte-im-vergaberecht-seit-1-jaenner-2026\/","title":{"rendered":"Neue Schwellenwerte im Vergaberecht seit 1. J\u00e4nner 2026"},"content":{"rendered":"<style type=\"text\/css\"> \n#cmsmasters_row_69f18240a7b9d7_99239987 .cmsmasters_row_outer_parent { \n\tpadding-top: 30px; \n} \n\n#cmsmasters_row_69f18240a7b9d7_99239987 .cmsmasters_row_outer_parent { \n\tpadding-bottom: 30px; \n} \n\n \n#cmsmasters_row_69f18240a7e888_81888718 .cmsmasters_row_outer_parent { \n\tpadding-top: 0px; \n} \n\n#cmsmasters_row_69f18240a7e888_81888718 .cmsmasters_row_outer_parent { \n\tpadding-bottom: 50px; \n} \n\n<\/style><div id=\"cmsmasters_row_69f18240a7b9d7_99239987\" class=\"cmsmasters_row cmsmasters_color_scheme_default cmsmasters_row_top_default cmsmasters_row_bot_default cmsmasters_row_boxed\">\n<div class=\"cmsmasters_row_outer_parent\">\n<div class=\"cmsmasters_row_outer\">\n<div class=\"cmsmasters_row_inner\">\n<div class=\"cmsmasters_row_margin\">\n<div class=\"cmsmasters_column one_first\">\n<div class=\"cmsmasters_text\">\n<h1><span lang=\"DE\" style=\"color: #d43555;\">Neue Schwellenwerte im Vergaberecht seit 1. J\u00e4nner 2026<\/span><\/h1>\n<p>von RA <a href=\"https:\/\/www.chg.at\/profile\/arnold-autengruber\/\">Arnold Autengruber<\/a><strong><a name=\"_Toc216859234\"><\/a><\/strong><\/p>\n<p>Die bereits absehbare \u00c4nderung der Schwellenwerte im Vergaberecht (vgl dazu bereits <a href=\"https:\/\/www.chg.at\/eu-schwellenwerte-2026-27-im-vergaberecht-voraussichtliche-senkung-ab-1-jaenner-2026\/\">hier<\/a>) ist mit 1.1.2026 in Kraft getreten.<\/p>\n<p><strong>Hintergrund: <\/strong><strong>Zweij\u00e4hrliche Anpassung durch die Europ\u00e4ische Kommission<\/strong><\/p>\n<p>Die Europ\u00e4ische Kommission \u00fcberpr\u00fcft die Schwellenwerte unionsrechtlich alle zwei Jahre (insbesondere im Lichte des WTO-\u00dcbereinkommens \u00fcber das \u00f6ffentliche Beschaffungswesen). F\u00fcr 2026 und 2027 wurden die Schwellenwerte durch mehrere delegierte Verordnungen neu festgesetzt.<\/p>\n<p><strong>Stolperfalle: Unmittelbare Anwendung seit 1. J\u00e4nner 2026<\/strong><\/p>\n<p>Die neuen (niedrigeren) Schwellenwerte gelten seit 1.1.2026 unmittelbar f\u00fcr alle Vergabeverfahren, die ab diesem Datum eingeleitet werden. Eine Stolperfalle liegt darin, dass die neuen Schwellenwerte in \u00d6sterreich noch nicht im Bundesgesetzblatt kundgemacht wurden.<\/p>\n<p><strong>Die neuen Schwellenwerte<\/strong><\/p>\n<p>Die neuen Schwellenwerte sind nunmehr die Folgenden:<\/p>\n<ul>\n<li>Bauauftr\u00e4ge (alle Richtlinien): EUR 5.404.000 (zuvor EUR 5.538.000)<\/li>\n<li>Zentrale Auftraggeber (Liefer-\/Dienstleistungen): EUR 140.000 (zuvor EUR 143.000)<\/li>\n<li>Subzentrale Auftraggeber (Liefer-\/Dienstleistungen): EUR 216.000 (zuvor EUR 221.000)<\/li>\n<li>Sektorenauftraggeber (Liefer-\/Dienstleistungen): EUR 432.000 (zuvor EUR 443.000)<\/li>\n<\/ul>\n<p><strong>Vergleichstabelle<\/strong><\/p>\n<table width=\"762\">\n<thead>\n<tr>\n<td><strong>Kategorie<\/strong><\/td>\n<td><strong>2024\/25 (alt)<\/strong><\/td>\n<td><strong>2026\/27<\/strong><\/td>\n<td><strong>Entwicklung<\/strong><\/td>\n<\/tr>\n<\/thead>\n<tbody>\n<tr>\n<td>Bauauftr\u00e4ge<\/td>\n<td>5.538.000 \u20ac<\/td>\n<td><strong>5.404.000 \u20ac<\/strong><\/td>\n<td>\u2193<\/td>\n<\/tr>\n<tr>\n<td>Zentrale AG (Liefer\/DL)<\/td>\n<td>143.000 \u20ac<\/td>\n<td><strong>140.000 \u20ac<\/strong><\/td>\n<td>\u2193<\/td>\n<\/tr>\n<tr>\n<td>Subzentrale AG (Liefer\/DL)<\/td>\n<td>221.000 \u20ac<\/td>\n<td><strong>216.000 \u20ac<\/strong><\/td>\n<td>\u2193<\/td>\n<\/tr>\n<tr>\n<td>Sektoren (Liefer\/DL)<\/td>\n<td>443.000 \u20ac<\/td>\n<td><strong>432.000 \u20ac<\/strong><\/td>\n<td>\u2193<\/td>\n<\/tr>\n<\/tbody>\n<\/table>\n<p><strong>Besonders praxisrelevant: Auswirkungen auf die Schwellenwerteverordnung 2025 und Direktvergaben<\/strong><\/p>\n<p>Durch die Absenkung des unionsrechtlichen Schwellenwerts f\u00fcr zentrale \u00f6ffentliche Auftraggeber (Anhang III zum BVergG 2018) ergeben sich laut <a href=\"https:\/\/www.bmj.gv.at\/dam\/jcr:915aebdb-0ffa-4cba-95ba-01cc78ae6b63\/Rundschreiben%20des%20BMJ%20vom%208.1.2026%20-%20Neue%20Schwellenwerte%20f%C3%BCr%202026_2027.pdf\">Rundschreiben des BMJ<\/a> unmittelbare Einschr\u00e4nkungen bei der Direktvergabe und bei allgemein zul\u00e4ssig erkl\u00e4rten Sonderverfahren im Unterschwellenbereich.<\/p>\n<p>F\u00fcr von Anhang III zum BVergG 2018 erfasste Auftraggeber:innen sind Direktvergaben unionsrechtskonform nur mehr bis 140.000 Euro (gesch\u00e4tzter Auftragswert) zul\u00e4ssig.<\/p>\n<p>Gleiches gilt f\u00fcr bestimmte, allgemein er\u00f6ffnete Sonderverfahren (z.B. Verhandlungsverfahren ohne vorherige Bekanntmachung, geladener Wettbewerb), soweit deren Zul\u00e4ssigkeit an diesen Schwellenwert ankn\u00fcpft.<\/p>\n<p><strong>Konsequenzen f\u00fcr die Vergabepraxis<\/strong><\/p>\n<p>F\u00fcr Auftraggeber:innen bedeutet die Entwicklung konkret:<\/p>\n<ul>\n<li>Schwellenwertpr\u00fcfung und Dokumentation des gesch\u00e4tzten Auftragswerts sind ab 1.1.2026 mit den neuen Betr\u00e4gen vorzunehmen.<\/li>\n<li>Entscheidungen zur Verfahrenswahl sind anhand der abgesenkten Schwellenwerte neu zu evaluieren.<\/li>\n<li>Bei zentralen Auftraggebern nach Anhang III ist die Direktvergabegrenze entgegen dem Gesetzeswortlaut faktisch neu zu \u201ekalibrieren\u201c (Schwelle: 140.000 Euro).<\/li>\n<\/ul>\n<\/div>\n<\/div>\n<\/div>\n<\/div>\n<\/div>\n<\/div>\n<\/div>\n<div id=\"cmsmasters_row_69f18240a7e888_81888718\" class=\"cmsmasters_row cmsmasters_color_scheme_default cmsmasters_row_top_default cmsmasters_row_bot_default cmsmasters_row_boxed\">\n<div class=\"cmsmasters_row_outer_parent\">\n<div class=\"cmsmasters_row_outer\">\n<div class=\"cmsmasters_row_inner\">\n<div class=\"cmsmasters_row_margin\">\n<div class=\"cmsmasters_column one_half\">\n<div class=\"cmsmasters_img  cmsmasters_image_n with_caption\">\n<a href=\"https:\/\/www.chg.at\/profile\/arnold-autengruber\/\"><img src=\"https:\/\/www.chg.at\/wp-content\/uploads\/2023\/11\/CHG-Rechtsanwaelte-Arnold-Autengruber-Portrait.jpg\" \/><\/a>\n<p class=\"cmsmasters_img_caption\">Arnold Autengruber<\/p><\/div>\n<\/div>\n<div class=\"cmsmasters_column one_half\">\n<div class=\"cmsmasters_text\">\n<p>Kontakt:<\/p>\n<p>RA Ass.-Prof. MMag. Dr. Arnold Autengruber: <a href=\"mailto:autengruber@chg.at\">autengruber@chg.at<\/a><\/p>\n<p class=\"KontaktAdressblock\">Rechtsanwalt in der Praxisgruppe <a href=\"https:\/\/www.chg.at\/praxisgruppe-oeffentliches-wirtschaftsrecht-und-vergaberecht\/\">\u00d6ffentliches Wirtschaftsrecht und Vergaberecht<\/a><\/p>\n<p>CHG Czernich Haidlen Gast &amp; Partner Rechtsanw\u00e4lte<\/p>\n<p>Bozner Platz 4 \u2013 6020 Innsbruck<\/p>\n<p>Tel.: 0512-567373 Fax: 0512-567373 -15<br \/>\n<a href=\"mailto:office@chg.at\">office@chg.at<\/a>\u00a0\u00a0<a href=\"https:\/\/www.chg.at\/\">www.chg.at<\/a><\/p>\n<\/div>\n<\/div>\n<\/div>\n<\/div>\n<\/div>\n<\/div>\n<\/div>\n\n","protected":false},"excerpt":{"rendered":"<p>Neue Schwellenwerte im Vergaberecht \u2013 was Auftraggeber jetzt wissen m\u00fcssen, bevor sie Projekte starten.<\/p>\n","protected":false},"author":16,"featured_media":27773,"comment_status":"closed","ping_status":"open","sticky":false,"template":"","format":"image","meta":{"inline_featured_image":false},"categories":[8,9,99],"tags":[],"yoast_head":"<!-- This site is optimized with the Yoast SEO plugin v19.8 - https:\/\/yoast.com\/wordpress\/plugins\/seo\/ -->\n<title>Neue Schwellenwerte im Vergaberecht seit 1. J\u00e4nner 2026 - CHG Czernich Rechtsanw\u00e4lte \u2013 Wir bewegen Wirtschaft<\/title>\n<meta name=\"description\" content=\"Neue Schwellenwerte im Vergaberecht \u2013 was Auftraggeber jetzt wissen m\u00fcssen, bevor sie Projekte starten\" \/>\n<meta name=\"robots\" content=\"index, follow, max-snippet:-1, max-image-preview:large, max-video-preview:-1\" \/>\n<link rel=\"canonical\" href=\"https:\/\/www.chg.at\/en\/neue-schwellenwerte-im-vergaberecht-seit-1-jaenner-2026\/\" \/>\n<meta property=\"og:locale\" content=\"en_US\" \/>\n<meta property=\"og:type\" content=\"article\" \/>\n<meta property=\"og:title\" content=\"CHG\" \/>\n<meta property=\"og:description\" content=\"CHG\" \/>\n<meta property=\"og:url\" content=\"https:\/\/www.chg.at\/en\/neue-schwellenwerte-im-vergaberecht-seit-1-jaenner-2026\/\" \/>\n<meta property=\"og:site_name\" content=\"CHG Czernich Rechtsanw\u00e4lte \u2013 Wir bewegen Wirtschaft\" \/>\n<meta property=\"article:published_time\" content=\"2026-01-26T09:53:37+00:00\" \/>\n<meta property=\"article:modified_time\" content=\"2026-01-26T09:55:51+00:00\" \/>\n<meta property=\"og:image\" content=\"https:\/\/www.chg.at\/wp-content\/uploads\/2025\/11\/CHG-Complete-CHG-Rechtsanwaelte-7-800-e1769421249641.jpg\" \/>\n\t<meta property=\"og:image:width\" content=\"800\" \/>\n\t<meta property=\"og:image:height\" content=\"464\" \/>\n\t<meta property=\"og:image:type\" content=\"image\/jpeg\" \/>\n<meta name=\"author\" content=\"Selina Reichholf\" \/>\n<meta name=\"twitter:card\" content=\"summary_large_image\" \/>\n<meta name=\"twitter:label1\" content=\"Written by\" \/>\n\t<meta name=\"twitter:data1\" content=\"Selina Reichholf\" \/>\n\t<meta name=\"twitter:label2\" content=\"Est. reading time\" \/>\n\t<meta name=\"twitter:data2\" content=\"3 minutes\" \/>\n<script type=\"application\/ld+json\" class=\"yoast-schema-graph\">{\"@context\":\"https:\/\/schema.org\",\"@graph\":[{\"@type\":\"Article\",\"@id\":\"https:\/\/www.chg.at\/en\/neue-schwellenwerte-im-vergaberecht-seit-1-jaenner-2026\/#article\",\"isPartOf\":{\"@id\":\"https:\/\/www.chg.at\/en\/neue-schwellenwerte-im-vergaberecht-seit-1-jaenner-2026\/\"},\"author\":{\"name\":\"Selina Reichholf\",\"@id\":\"https:\/\/www.chg.at\/en\/#\/schema\/person\/1a03a341ca78135e646a1e10d229c9f5\"},\"headline\":\"Neue Schwellenwerte im Vergaberecht seit 1. J\u00e4nner 2026\",\"datePublished\":\"2026-01-26T09:53:37+00:00\",\"dateModified\":\"2026-01-26T09:55:51+00:00\",\"mainEntityOfPage\":{\"@id\":\"https:\/\/www.chg.at\/en\/neue-schwellenwerte-im-vergaberecht-seit-1-jaenner-2026\/\"},\"wordCount\":495,\"publisher\":{\"@id\":\"https:\/\/www.chg.at\/en\/#organization\"},\"articleSection\":[\"CHG News\",\"Kanzlei\",\"\u00d6ffentliches Wirtschaftsrecht und Vergaberecht\"],\"inLanguage\":\"en-US\"},{\"@type\":\"WebPage\",\"@id\":\"https:\/\/www.chg.at\/en\/neue-schwellenwerte-im-vergaberecht-seit-1-jaenner-2026\/\",\"url\":\"https:\/\/www.chg.at\/en\/neue-schwellenwerte-im-vergaberecht-seit-1-jaenner-2026\/\",\"name\":\"Neue Schwellenwerte im Vergaberecht seit 1. J\u00e4nner 2026 - CHG Czernich Rechtsanw\u00e4lte \u2013 Wir bewegen Wirtschaft\",\"isPartOf\":{\"@id\":\"https:\/\/www.chg.at\/en\/#website\"},\"datePublished\":\"2026-01-26T09:53:37+00:00\",\"dateModified\":\"2026-01-26T09:55:51+00:00\",\"description\":\"Neue Schwellenwerte im Vergaberecht \u2013 was Auftraggeber jetzt wissen m\u00fcssen, bevor sie Projekte starten\",\"breadcrumb\":{\"@id\":\"https:\/\/www.chg.at\/en\/neue-schwellenwerte-im-vergaberecht-seit-1-jaenner-2026\/#breadcrumb\"},\"inLanguage\":\"en-US\",\"potentialAction\":[{\"@type\":\"ReadAction\",\"target\":[\"https:\/\/www.chg.at\/en\/neue-schwellenwerte-im-vergaberecht-seit-1-jaenner-2026\/\"]}]},{\"@type\":\"BreadcrumbList\",\"@id\":\"https:\/\/www.chg.at\/en\/neue-schwellenwerte-im-vergaberecht-seit-1-jaenner-2026\/#breadcrumb\",\"itemListElement\":[{\"@type\":\"ListItem\",\"position\":1,\"name\":\"Startseite\",\"item\":\"https:\/\/www.chg.at\/en\/\"},{\"@type\":\"ListItem\",\"position\":2,\"name\":\"Neue Schwellenwerte im Vergaberecht seit 1. J\u00e4nner 2026\"}]},{\"@type\":\"WebSite\",\"@id\":\"https:\/\/www.chg.at\/en\/#website\",\"url\":\"https:\/\/www.chg.at\/en\/\",\"name\":\"CHG Czernich Rechtsanw\u00e4lte \u2013 Wir bewegen Wirtschaft\",\"description\":\"Wir sorgen f\u00fcr Klarheit, wenn es rechtlich kompliziert wird. In jeder Phase Ihrer Unternehmungen. Sie ergreifen die Chancen. Wir verwandeln Risiken in L\u00f6sungen.\",\"publisher\":{\"@id\":\"https:\/\/www.chg.at\/en\/#organization\"},\"potentialAction\":[{\"@type\":\"SearchAction\",\"target\":{\"@type\":\"EntryPoint\",\"urlTemplate\":\"https:\/\/www.chg.at\/en\/?s={search_term_string}\"},\"query-input\":\"required name=search_term_string\"}],\"inLanguage\":\"en-US\"},{\"@type\":\"Organization\",\"@id\":\"https:\/\/www.chg.at\/en\/#organization\",\"name\":\"CHG Czernich Rechtsanw\u00e4lte\",\"url\":\"https:\/\/www.chg.at\/en\/\",\"sameAs\":[\"https:\/\/www.linkedin.com\/company\/12773263\/admin\/dashboard\/\"],\"logo\":{\"@type\":\"ImageObject\",\"inLanguage\":\"en-US\",\"@id\":\"https:\/\/www.chg.at\/en\/#\/schema\/logo\/image\/\",\"url\":\"https:\/\/www.chg.at\/wp-content\/uploads\/2016\/08\/CHG_logo_250_1.png\",\"contentUrl\":\"https:\/\/www.chg.at\/wp-content\/uploads\/2016\/08\/CHG_logo_250_1.png\",\"width\":250,\"height\":33,\"caption\":\"CHG Czernich Rechtsanw\u00e4lte\"},\"image\":{\"@id\":\"https:\/\/www.chg.at\/en\/#\/schema\/logo\/image\/\"}},{\"@type\":\"Person\",\"@id\":\"https:\/\/www.chg.at\/en\/#\/schema\/person\/1a03a341ca78135e646a1e10d229c9f5\",\"name\":\"Selina Reichholf\"}]}<\/script>\n<!-- \/ Yoast SEO plugin. -->","yoast_head_json":{"title":"Neue Schwellenwerte im Vergaberecht seit 1. J\u00e4nner 2026 - CHG Czernich Rechtsanw\u00e4lte \u2013 Wir bewegen Wirtschaft","description":"Neue Schwellenwerte im Vergaberecht \u2013 was Auftraggeber jetzt wissen m\u00fcssen, bevor sie Projekte starten","robots":{"index":"index","follow":"follow","max-snippet":"max-snippet:-1","max-image-preview":"max-image-preview:large","max-video-preview":"max-video-preview:-1"},"canonical":"https:\/\/www.chg.at\/en\/neue-schwellenwerte-im-vergaberecht-seit-1-jaenner-2026\/","og_locale":"en_US","og_type":"article","og_title":"CHG","og_description":"CHG","og_url":"https:\/\/www.chg.at\/en\/neue-schwellenwerte-im-vergaberecht-seit-1-jaenner-2026\/","og_site_name":"CHG Czernich Rechtsanw\u00e4lte \u2013 Wir bewegen Wirtschaft","article_published_time":"2026-01-26T09:53:37+00:00","article_modified_time":"2026-01-26T09:55:51+00:00","og_image":[{"width":800,"height":464,"url":"https:\/\/www.chg.at\/wp-content\/uploads\/2025\/11\/CHG-Complete-CHG-Rechtsanwaelte-7-800-e1769421249641.jpg","type":"image\/jpeg"}],"author":"Selina Reichholf","twitter_card":"summary_large_image","twitter_misc":{"Written by":"Selina Reichholf","Est. reading time":"3 minutes"},"schema":{"@context":"https:\/\/schema.org","@graph":[{"@type":"Article","@id":"https:\/\/www.chg.at\/en\/neue-schwellenwerte-im-vergaberecht-seit-1-jaenner-2026\/#article","isPartOf":{"@id":"https:\/\/www.chg.at\/en\/neue-schwellenwerte-im-vergaberecht-seit-1-jaenner-2026\/"},"author":{"name":"Selina Reichholf","@id":"https:\/\/www.chg.at\/en\/#\/schema\/person\/1a03a341ca78135e646a1e10d229c9f5"},"headline":"Neue Schwellenwerte im Vergaberecht seit 1. J\u00e4nner 2026","datePublished":"2026-01-26T09:53:37+00:00","dateModified":"2026-01-26T09:55:51+00:00","mainEntityOfPage":{"@id":"https:\/\/www.chg.at\/en\/neue-schwellenwerte-im-vergaberecht-seit-1-jaenner-2026\/"},"wordCount":495,"publisher":{"@id":"https:\/\/www.chg.at\/en\/#organization"},"articleSection":["CHG News","Kanzlei","\u00d6ffentliches Wirtschaftsrecht und Vergaberecht"],"inLanguage":"en-US"},{"@type":"WebPage","@id":"https:\/\/www.chg.at\/en\/neue-schwellenwerte-im-vergaberecht-seit-1-jaenner-2026\/","url":"https:\/\/www.chg.at\/en\/neue-schwellenwerte-im-vergaberecht-seit-1-jaenner-2026\/","name":"Neue Schwellenwerte im Vergaberecht seit 1. J\u00e4nner 2026 - CHG Czernich Rechtsanw\u00e4lte \u2013 Wir bewegen Wirtschaft","isPartOf":{"@id":"https:\/\/www.chg.at\/en\/#website"},"datePublished":"2026-01-26T09:53:37+00:00","dateModified":"2026-01-26T09:55:51+00:00","description":"Neue Schwellenwerte im Vergaberecht \u2013 was Auftraggeber jetzt wissen m\u00fcssen, bevor sie Projekte starten","breadcrumb":{"@id":"https:\/\/www.chg.at\/en\/neue-schwellenwerte-im-vergaberecht-seit-1-jaenner-2026\/#breadcrumb"},"inLanguage":"en-US","potentialAction":[{"@type":"ReadAction","target":["https:\/\/www.chg.at\/en\/neue-schwellenwerte-im-vergaberecht-seit-1-jaenner-2026\/"]}]},{"@type":"BreadcrumbList","@id":"https:\/\/www.chg.at\/en\/neue-schwellenwerte-im-vergaberecht-seit-1-jaenner-2026\/#breadcrumb","itemListElement":[{"@type":"ListItem","position":1,"name":"Startseite","item":"https:\/\/www.chg.at\/en\/"},{"@type":"ListItem","position":2,"name":"Neue Schwellenwerte im Vergaberecht seit 1. J\u00e4nner 2026"}]},{"@type":"WebSite","@id":"https:\/\/www.chg.at\/en\/#website","url":"https:\/\/www.chg.at\/en\/","name":"CHG Czernich Rechtsanw\u00e4lte \u2013 Wir bewegen Wirtschaft","description":"Wir sorgen f\u00fcr Klarheit, wenn es rechtlich kompliziert wird. In jeder Phase Ihrer Unternehmungen. Sie ergreifen die Chancen. Wir verwandeln Risiken in L\u00f6sungen.","publisher":{"@id":"https:\/\/www.chg.at\/en\/#organization"},"potentialAction":[{"@type":"SearchAction","target":{"@type":"EntryPoint","urlTemplate":"https:\/\/www.chg.at\/en\/?s={search_term_string}"},"query-input":"required name=search_term_string"}],"inLanguage":"en-US"},{"@type":"Organization","@id":"https:\/\/www.chg.at\/en\/#organization","name":"CHG Czernich Rechtsanw\u00e4lte","url":"https:\/\/www.chg.at\/en\/","sameAs":["https:\/\/www.linkedin.com\/company\/12773263\/admin\/dashboard\/"],"logo":{"@type":"ImageObject","inLanguage":"en-US","@id":"https:\/\/www.chg.at\/en\/#\/schema\/logo\/image\/","url":"https:\/\/www.chg.at\/wp-content\/uploads\/2016\/08\/CHG_logo_250_1.png","contentUrl":"https:\/\/www.chg.at\/wp-content\/uploads\/2016\/08\/CHG_logo_250_1.png","width":250,"height":33,"caption":"CHG Czernich Rechtsanw\u00e4lte"},"image":{"@id":"https:\/\/www.chg.at\/en\/#\/schema\/logo\/image\/"}},{"@type":"Person","@id":"https:\/\/www.chg.at\/en\/#\/schema\/person\/1a03a341ca78135e646a1e10d229c9f5","name":"Selina Reichholf"}]}},"_links":{"self":[{"href":"https:\/\/www.chg.at\/en\/wp-json\/wp\/v2\/posts\/28122"}],"collection":[{"href":"https:\/\/www.chg.at\/en\/wp-json\/wp\/v2\/posts"}],"about":[{"href":"https:\/\/www.chg.at\/en\/wp-json\/wp\/v2\/types\/post"}],"author":[{"embeddable":true,"href":"https:\/\/www.chg.at\/en\/wp-json\/wp\/v2\/users\/16"}],"replies":[{"embeddable":true,"href":"https:\/\/www.chg.at\/en\/wp-json\/wp\/v2\/comments?post=28122"}],"version-history":[{"count":6,"href":"https:\/\/www.chg.at\/en\/wp-json\/wp\/v2\/posts\/28122\/revisions"}],"predecessor-version":[{"id":28128,"href":"https:\/\/www.chg.at\/en\/wp-json\/wp\/v2\/posts\/28122\/revisions\/28128"}],"wp:featuredmedia":[{"embeddable":true,"href":"https:\/\/www.chg.at\/en\/wp-json\/wp\/v2\/media\/27773"}],"wp:attachment":[{"href":"https:\/\/www.chg.at\/en\/wp-json\/wp\/v2\/media?parent=28122"}],"wp:term":[{"taxonomy":"category","embeddable":true,"href":"https:\/\/www.chg.at\/en\/wp-json\/wp\/v2\/categories?post=28122"},{"taxonomy":"post_tag","embeddable":true,"href":"https:\/\/www.chg.at\/en\/wp-json\/wp\/v2\/tags?post=28122"}],"curies":[{"name":"wp","href":"https:\/\/api.w.org\/{rel}","templated":true}]}}