{"id":28134,"date":"2026-01-27T07:45:27","date_gmt":"2026-01-27T06:45:27","guid":{"rendered":"https:\/\/www.chg.at\/?p=28134"},"modified":"2026-01-27T07:45:27","modified_gmt":"2026-01-27T06:45:27","slug":"das-neue-mieten-wertsicherungsgesetz-mieweg-gesetzliche-deckelung-der-wertsicherung-von-wohnungsmieten","status":"publish","type":"post","link":"https:\/\/www.chg.at\/en\/das-neue-mieten-wertsicherungsgesetz-mieweg-gesetzliche-deckelung-der-wertsicherung-von-wohnungsmieten\/","title":{"rendered":"Das neue Mieten-Wertsicherungsgesetz (MieWeG): Gesetzliche Deckelung der Wertsicherung von Wohnungsmieten"},"content":{"rendered":"<style type=\"text\/css\"> \n#cmsmasters_row_69f19115d52637_72673536 .cmsmasters_row_outer_parent { \n\tpadding-top: 30px; \n} \n\n#cmsmasters_row_69f19115d52637_72673536 .cmsmasters_row_outer_parent { \n\tpadding-bottom: 30px; \n} \n\n \n#cmsmasters_row_69f19115d54921_63175741 .cmsmasters_row_outer_parent { \n\tpadding-top: 0px; \n} \n\n#cmsmasters_row_69f19115d54921_63175741 .cmsmasters_row_outer_parent { \n\tpadding-bottom: 50px; \n} \n\n<\/style><div id=\"cmsmasters_row_69f19115d52637_72673536\" class=\"cmsmasters_row cmsmasters_color_scheme_default cmsmasters_row_top_default cmsmasters_row_bot_default cmsmasters_row_boxed\">\n<div class=\"cmsmasters_row_outer_parent\">\n<div class=\"cmsmasters_row_outer\">\n<div class=\"cmsmasters_row_inner\">\n<div class=\"cmsmasters_row_margin\">\n<div class=\"cmsmasters_column one_first\">\n<div class=\"cmsmasters_text\">\n<h1><span lang=\"DE\" style=\"color: #d43555;\"><strong>Das neue Mieten-Wertsicherungsgesetz (MieWeG): Gesetzliche Deckelung der Wertsicherung von Wohnungsmieten<\/strong><\/span><\/h1>\n<p>v<em>on RAA Mag. <a href=\"https:\/\/www.chg.at\/profile\/michaela-friedl\/\">Michaela Friedl<\/a> und RA Mag. Dr. <a href=\"https:\/\/www.chg.at\/profile\/mario-kathrein\/\">Mario Kathrein<\/a>, LL.M.<\/em><\/p>\n<p>Mit 01.01.2026 ist in \u00d6sterreich das 5. Mietrechtliche Inflationslinderungsgesetz (5. MILG) in Kraft getreten. Kernst\u00fcck dieses Gesetzes ist das Mieten-Wertsicherungsgesetz (MieWeG), wonach in \u00d6sterreich erstmalig auch wertsicherungsbedingte Mietzinserh\u00f6hungen im freien Mietmarkt einer Beschr\u00e4nkung unterliegen.<\/p>\n<p>Von den Eingriffen des Gesetzgebers sind lediglich Mietverh\u00e4ltnisse betroffen, die dem Voll- oder Teilanwendungsbereich des Mietrechtsgesetzes (MRG) unterliegen (zB Altbauten, h\u00e4ufig Wohnungseigentumsobjekte). Die nachfolgenden Ausf\u00fchrungen gelten somit nicht f\u00fcr Mietverh\u00e4ltnisse im Vollausnahmebereich des MRG (daher zB nicht f\u00fcr Einfamilienh\u00e4user). Die Neuerungen sind mit <strong>01.01.2026<\/strong> in Kraft getreten, betreffen jedoch auch bereits bestehende Mietverh\u00e4ltnisse (sogenannte \u201eAltvertr\u00e4ge\u201c).<\/p>\n<p>Auf Grundlage der neuen gesetzlichen Ausgangslage ist eine Wertsicherung von Wohnungsmieten nur noch einmal j\u00e4hrlich &#8211; jeweils zum <strong>1. April<\/strong> eines jeden Jahres &#8211; zul\u00e4ssig. Dieser Anpassungszeitpunkt gilt von Gesetzes wegen unabh\u00e4ngig von anderslautenden vertraglichen Vereinbarungen. Als Inflationsma\u00dfstab ist die durchschnittliche Ver\u00e4nderung des Verbraucherpreisindex im vorangegangenen Kalenderjahr heranzuziehen. \u00dcbersteigt diese Indexver\u00e4nderung die Anpassungsgrenze von <strong>3 %<\/strong>, ist die dar\u00fcberhinausgehende Ver\u00e4nderung lediglich <strong>zur H\u00e4lfte<\/strong> zu ber\u00fccksichtigen.<\/p>\n<p>F\u00fcr Mietverh\u00e4ltnisse, die dem Vollanwendungsbereich des MRG &#8211; und somit von Gesetzes wegen in der Regel bereits einer Mietzinsbeschr\u00e4nkung unterliegen (zB Altbauwohnungen) &#8211; sieht der Gesetzgeber k\u00fcnftig ein noch restriktiveres Deckelungsmodell vor: Demnach darf der Mietzins im <strong>Jahr<\/strong> <strong>2026<\/strong> <strong>maximal um<\/strong> <strong>1 %<\/strong>, im <strong>Jahr 2027<\/strong> maximal um <strong>2\u00a0%<\/strong> angehoben werden &#8211; dies selbst dann, wenn die tats\u00e4chliche Inflation dar\u00fcber liegt. Erst ab dem <strong>Jahr 2028<\/strong> gilt auch hier die oben dargelegte Anpassungsgrenze von 3 %, bei der dar\u00fcberhinausgehende Ver\u00e4nderungen lediglich zur H\u00e4lfte zu ber\u00fccksichtigen sind.<\/p>\n<p><u>Konkret bedeutet dies:<\/u> Der Mietzins darf zwar grunds\u00e4tzlich auf jenen Betrag erh\u00f6ht werden, der sich aus der vertraglichen Wertsicherungsvereinbarung ergibt. Dies allerdings nur insoweit, als die gesetzlich zul\u00e4ssige Obergrenze nach dem Berechnungsmodell des MieWeG nicht \u00fcberschritten wird. In der Praxis ist daher k\u00fcnftig eine<strong> Parallelrechnung<\/strong> anzustellen. Zum einen ist die vereinbarte Wertsicherung ohne Ber\u00fccksichtigung der im MieWeG vorgesehenen Deckelung f\u00fcr die restliche Vertragsdauer fortzurechnen. Davon unabh\u00e4ngig ist zum anderen eine laufende Kontrollrechnung nach dem Berechnungsmodell des MieWeG vorzunehmen. Wenn das Ergebnis der Kontrollrechnung unter der Wertsicherungsberechnung aus dem Vertrag liegt, ist die Zinserh\u00f6hung mit dem Resultat nach dem MieWeG begrenzt. Wenn hingegen die Wertsicherungsberechnung aus dem Vertrag unter den Grenzen des MieWeG liegt, bleibt es bei der vertraglichen Wertsicherung.<\/p>\n<p><strong>\u00a0<\/strong>Schlie\u00dflich sieht das MieWeG auch eine Neuregelung der <strong>R\u00fcckforderung<\/strong> \u00fcberh\u00f6hter Mietzinszahlungen aufgrund unwirksamer Wertsicherungsvereinbarungen vor. F\u00fcr vor dem 01.01.2026 abgeschlossene Wohnungsmietvertr\u00e4ge sind diese R\u00fcckforderungsanspr\u00fcche grunds\u00e4tzlich auf Zahlungen beschr\u00e4nkt, die in den letzten f\u00fcnf Jahren vor Vertragsbeendigung bzw. vor Kenntnis der Unwirksamkeit geleistet wurden. Die Verj\u00e4hrung tritt drei Jahre ab Kenntnis, sp\u00e4testens jedoch drei\u00dfig Jahre ab Zahlung ein.<\/p>\n<p>Davon nicht erfasst sind allerdings Neuvertr\u00e4ge (Abschluss ab 01.01.2026), Anspr\u00fcche die bereits vor dem 01.01.2026 gerichtlich anh\u00e4ngig gemacht wurden, sowie Wertsicherungsvereinbarungen, die als missbr\u00e4uchlich im Sinne der Klausel-Richtlinie (RL 93\/13\/EWG des Rates vom 5. April 1993 \u00fcber missbr\u00e4uchliche Klauseln in Verbrauchervertr\u00e4gen) zu qualifizieren sind.<\/p>\n<\/div>\n<\/div>\n<\/div>\n<\/div>\n<\/div>\n<\/div>\n<\/div>\n<div id=\"cmsmasters_row_69f19115d54921_63175741\" class=\"cmsmasters_row cmsmasters_color_scheme_default cmsmasters_row_top_default cmsmasters_row_bot_default cmsmasters_row_boxed\">\n<div class=\"cmsmasters_row_outer_parent\">\n<div class=\"cmsmasters_row_outer\">\n<div class=\"cmsmasters_row_inner\">\n<div class=\"cmsmasters_row_margin\">\n<div class=\"cmsmasters_column one_half\">\n<div class=\"cmsmasters_img  cmsmasters_image_n with_caption\">\n<img src=\"https:\/\/www.chg.at\/wp-content\/uploads\/2023\/11\/CHG-Rechtsanwaelte-Mario-Kathrein-Profilfoto.jpg\" \/>\n<p class=\"cmsmasters_img_caption\">Mario Kathrein<\/p><\/div>\n<\/div>\n<div class=\"cmsmasters_column one_half\">\n<div class=\"cmsmasters_text\">\n<p>Kontakt:<\/p>\n<p class=\"cmsmasters_profile_title entry-title\">Mag. Dr. Mario Kathrein, LL.M. LL.B.: <a href=\"mailto:kathrein@chg.at\">kathrein@chg.at<\/a><\/p>\n<p class=\"KontaktAdressblock\">Rechtsanwalt in den Praxisgruppen <a href=\"https:\/\/www.chg.at\/praxisgruppe-immobilienrecht\/\">Immobilienrecht<\/a> und <a href=\"https:\/\/www.chg.at\/praxisgruppe-business-law\/\">Business Law.<\/a><\/p>\n<p>CHG Czernich Haidlen Gast &amp; Partner Rechtsanw\u00e4lte<\/p>\n<p>Bozner Platz 4 \u2013 6020 Innsbruck<\/p>\n<p>Tel.: 0512-567373 Fax: 0512-567373 -15<br \/>\n<a href=\"mailto:office@chg.at\">office@chg.at<\/a>\u00a0\u00a0<a href=\"https:\/\/www.chg.at\/\">www.chg.at<\/a><\/p>\n<\/div>\n<\/div>\n<\/div>\n<\/div>\n<\/div>\n<\/div>\n<\/div>\n\n","protected":false},"excerpt":{"rendered":"<p>Mit dem 5. MILG gilt ab 01.01.2026 in \u00d6sterreich erstmals eine gesetzliche Deckelung auch f\u00fcr wertsicherungsbedingte Mietzinserh\u00f6hungen im freien Mietmarkt bei MRG-Mietverh\u00e4ltnissen, wobei Anpassungen nur einmal j\u00e4hrlich zum 1. April und grunds\u00e4tzlich bis 3 % (dar\u00fcber hinaus nur zur H\u00e4lfte) zul\u00e4ssig sind. F\u00fcr Vollanwendungsf\u00e4lle des MRG gelten 2026 und 2027 noch strengere Obergrenzen (1 % bzw. 2 %), zudem wurden Regeln zur Parallelrechnung von Wertsicherung und gesetzlichen Grenzen sowie zur eingeschr\u00e4nkten R\u00fcckforderung \u00fcberh\u00f6hter Mieten neu festgelegt.<\/p>\n","protected":false},"author":17,"featured_media":28136,"comment_status":"closed","ping_status":"open","sticky":false,"template":"","format":"image","meta":{"inline_featured_image":false},"categories":[357],"tags":[],"yoast_head":"<!-- This site is optimized with the Yoast SEO plugin v19.8 - https:\/\/yoast.com\/wordpress\/plugins\/seo\/ -->\n<title>Das neue Mieten-Wertsicherungsgesetz (MieWeG): Gesetzliche Deckelung der Wertsicherung von Wohnungsmieten - CHG Czernich Rechtsanw\u00e4lte \u2013 Wir bewegen Wirtschaft<\/title>\n<meta name=\"description\" content=\"Rechtanwalt Stefan Humer pr\u00e4sentierte bei einer gemeinsamen Veranstaltung mit dem Linde Verlag sein neues Praxishandbuch zum Data Act und angrenzendem KI-Recht.\" \/>\n<meta name=\"robots\" content=\"index, follow, max-snippet:-1, max-image-preview:large, max-video-preview:-1\" \/>\n<link rel=\"canonical\" href=\"https:\/\/www.chg.at\/en\/das-neue-mieten-wertsicherungsgesetz-mieweg-gesetzliche-deckelung-der-wertsicherung-von-wohnungsmieten\/\" \/>\n<meta property=\"og:locale\" content=\"en_US\" \/>\n<meta property=\"og:type\" content=\"article\" \/>\n<meta property=\"og:title\" content=\"CHG\" \/>\n<meta property=\"og:description\" content=\"CHG\" \/>\n<meta property=\"og:url\" content=\"https:\/\/www.chg.at\/en\/das-neue-mieten-wertsicherungsgesetz-mieweg-gesetzliche-deckelung-der-wertsicherung-von-wohnungsmieten\/\" \/>\n<meta property=\"og:site_name\" content=\"CHG Czernich Rechtsanw\u00e4lte \u2013 Wir bewegen Wirtschaft\" \/>\n<meta property=\"article:published_time\" content=\"2026-01-27T06:45:27+00:00\" \/>\n<meta property=\"og:image\" content=\"https:\/\/www.chg.at\/wp-content\/uploads\/2026\/01\/Inflationslinderungsgesetz.png\" \/>\n\t<meta property=\"og:image:width\" content=\"925\" \/>\n\t<meta property=\"og:image:height\" content=\"647\" \/>\n\t<meta property=\"og:image:type\" content=\"image\/png\" \/>\n<meta name=\"author\" content=\"Rebekka Harb\" \/>\n<meta name=\"twitter:card\" content=\"summary_large_image\" \/>\n<meta name=\"twitter:label1\" content=\"Written by\" \/>\n\t<meta name=\"twitter:data1\" content=\"Rebekka Harb\" \/>\n\t<meta name=\"twitter:label2\" content=\"Est. reading time\" \/>\n\t<meta name=\"twitter:data2\" content=\"4 minutes\" \/>\n<script type=\"application\/ld+json\" class=\"yoast-schema-graph\">{\"@context\":\"https:\/\/schema.org\",\"@graph\":[{\"@type\":\"Article\",\"@id\":\"https:\/\/www.chg.at\/en\/das-neue-mieten-wertsicherungsgesetz-mieweg-gesetzliche-deckelung-der-wertsicherung-von-wohnungsmieten\/#article\",\"isPartOf\":{\"@id\":\"https:\/\/www.chg.at\/en\/das-neue-mieten-wertsicherungsgesetz-mieweg-gesetzliche-deckelung-der-wertsicherung-von-wohnungsmieten\/\"},\"author\":{\"name\":\"Rebekka Harb\",\"@id\":\"https:\/\/www.chg.at\/en\/#\/schema\/person\/3b2cf5222bbdc308d5c3611b8a160193\"},\"headline\":\"Das neue Mieten-Wertsicherungsgesetz (MieWeG): Gesetzliche Deckelung der Wertsicherung von Wohnungsmieten\",\"datePublished\":\"2026-01-27T06:45:27+00:00\",\"dateModified\":\"2026-01-27T06:45:27+00:00\",\"mainEntityOfPage\":{\"@id\":\"https:\/\/www.chg.at\/en\/das-neue-mieten-wertsicherungsgesetz-mieweg-gesetzliche-deckelung-der-wertsicherung-von-wohnungsmieten\/\"},\"wordCount\":715,\"publisher\":{\"@id\":\"https:\/\/www.chg.at\/en\/#organization\"},\"articleSection\":[\"PGI-Newsletter\"],\"inLanguage\":\"en-US\"},{\"@type\":\"WebPage\",\"@id\":\"https:\/\/www.chg.at\/en\/das-neue-mieten-wertsicherungsgesetz-mieweg-gesetzliche-deckelung-der-wertsicherung-von-wohnungsmieten\/\",\"url\":\"https:\/\/www.chg.at\/en\/das-neue-mieten-wertsicherungsgesetz-mieweg-gesetzliche-deckelung-der-wertsicherung-von-wohnungsmieten\/\",\"name\":\"Das neue Mieten-Wertsicherungsgesetz (MieWeG): Gesetzliche Deckelung der Wertsicherung von Wohnungsmieten - CHG Czernich Rechtsanw\u00e4lte \u2013 Wir bewegen Wirtschaft\",\"isPartOf\":{\"@id\":\"https:\/\/www.chg.at\/en\/#website\"},\"datePublished\":\"2026-01-27T06:45:27+00:00\",\"dateModified\":\"2026-01-27T06:45:27+00:00\",\"description\":\"Rechtanwalt Stefan Humer pr\u00e4sentierte bei einer gemeinsamen Veranstaltung mit dem Linde Verlag sein neues Praxishandbuch zum Data Act und angrenzendem KI-Recht.\",\"breadcrumb\":{\"@id\":\"https:\/\/www.chg.at\/en\/das-neue-mieten-wertsicherungsgesetz-mieweg-gesetzliche-deckelung-der-wertsicherung-von-wohnungsmieten\/#breadcrumb\"},\"inLanguage\":\"en-US\",\"potentialAction\":[{\"@type\":\"ReadAction\",\"target\":[\"https:\/\/www.chg.at\/en\/das-neue-mieten-wertsicherungsgesetz-mieweg-gesetzliche-deckelung-der-wertsicherung-von-wohnungsmieten\/\"]}]},{\"@type\":\"BreadcrumbList\",\"@id\":\"https:\/\/www.chg.at\/en\/das-neue-mieten-wertsicherungsgesetz-mieweg-gesetzliche-deckelung-der-wertsicherung-von-wohnungsmieten\/#breadcrumb\",\"itemListElement\":[{\"@type\":\"ListItem\",\"position\":1,\"name\":\"Startseite\",\"item\":\"https:\/\/www.chg.at\/en\/\"},{\"@type\":\"ListItem\",\"position\":2,\"name\":\"Das neue Mieten-Wertsicherungsgesetz (MieWeG): Gesetzliche Deckelung der Wertsicherung von Wohnungsmieten\"}]},{\"@type\":\"WebSite\",\"@id\":\"https:\/\/www.chg.at\/en\/#website\",\"url\":\"https:\/\/www.chg.at\/en\/\",\"name\":\"CHG Czernich Rechtsanw\u00e4lte \u2013 Wir bewegen Wirtschaft\",\"description\":\"Wir sorgen f\u00fcr Klarheit, wenn es rechtlich kompliziert wird. In jeder Phase Ihrer Unternehmungen. Sie ergreifen die Chancen. Wir verwandeln Risiken in L\u00f6sungen.\",\"publisher\":{\"@id\":\"https:\/\/www.chg.at\/en\/#organization\"},\"potentialAction\":[{\"@type\":\"SearchAction\",\"target\":{\"@type\":\"EntryPoint\",\"urlTemplate\":\"https:\/\/www.chg.at\/en\/?s={search_term_string}\"},\"query-input\":\"required name=search_term_string\"}],\"inLanguage\":\"en-US\"},{\"@type\":\"Organization\",\"@id\":\"https:\/\/www.chg.at\/en\/#organization\",\"name\":\"CHG Czernich Rechtsanw\u00e4lte\",\"url\":\"https:\/\/www.chg.at\/en\/\",\"sameAs\":[\"https:\/\/www.linkedin.com\/company\/12773263\/admin\/dashboard\/\"],\"logo\":{\"@type\":\"ImageObject\",\"inLanguage\":\"en-US\",\"@id\":\"https:\/\/www.chg.at\/en\/#\/schema\/logo\/image\/\",\"url\":\"https:\/\/www.chg.at\/wp-content\/uploads\/2016\/08\/CHG_logo_250_1.png\",\"contentUrl\":\"https:\/\/www.chg.at\/wp-content\/uploads\/2016\/08\/CHG_logo_250_1.png\",\"width\":250,\"height\":33,\"caption\":\"CHG Czernich Rechtsanw\u00e4lte\"},\"image\":{\"@id\":\"https:\/\/www.chg.at\/en\/#\/schema\/logo\/image\/\"}},{\"@type\":\"Person\",\"@id\":\"https:\/\/www.chg.at\/en\/#\/schema\/person\/3b2cf5222bbdc308d5c3611b8a160193\",\"name\":\"Rebekka Harb\"}]}<\/script>\n<!-- \/ Yoast SEO plugin. -->","yoast_head_json":{"title":"Das neue Mieten-Wertsicherungsgesetz (MieWeG): Gesetzliche Deckelung der Wertsicherung von Wohnungsmieten - CHG Czernich Rechtsanw\u00e4lte \u2013 Wir bewegen Wirtschaft","description":"Rechtanwalt Stefan Humer pr\u00e4sentierte bei einer gemeinsamen Veranstaltung mit dem Linde Verlag sein neues Praxishandbuch zum Data Act und angrenzendem KI-Recht.","robots":{"index":"index","follow":"follow","max-snippet":"max-snippet:-1","max-image-preview":"max-image-preview:large","max-video-preview":"max-video-preview:-1"},"canonical":"https:\/\/www.chg.at\/en\/das-neue-mieten-wertsicherungsgesetz-mieweg-gesetzliche-deckelung-der-wertsicherung-von-wohnungsmieten\/","og_locale":"en_US","og_type":"article","og_title":"CHG","og_description":"CHG","og_url":"https:\/\/www.chg.at\/en\/das-neue-mieten-wertsicherungsgesetz-mieweg-gesetzliche-deckelung-der-wertsicherung-von-wohnungsmieten\/","og_site_name":"CHG Czernich Rechtsanw\u00e4lte \u2013 Wir bewegen Wirtschaft","article_published_time":"2026-01-27T06:45:27+00:00","og_image":[{"width":925,"height":647,"url":"https:\/\/www.chg.at\/wp-content\/uploads\/2026\/01\/Inflationslinderungsgesetz.png","type":"image\/png"}],"author":"Rebekka Harb","twitter_card":"summary_large_image","twitter_misc":{"Written by":"Rebekka Harb","Est. reading time":"4 minutes"},"schema":{"@context":"https:\/\/schema.org","@graph":[{"@type":"Article","@id":"https:\/\/www.chg.at\/en\/das-neue-mieten-wertsicherungsgesetz-mieweg-gesetzliche-deckelung-der-wertsicherung-von-wohnungsmieten\/#article","isPartOf":{"@id":"https:\/\/www.chg.at\/en\/das-neue-mieten-wertsicherungsgesetz-mieweg-gesetzliche-deckelung-der-wertsicherung-von-wohnungsmieten\/"},"author":{"name":"Rebekka Harb","@id":"https:\/\/www.chg.at\/en\/#\/schema\/person\/3b2cf5222bbdc308d5c3611b8a160193"},"headline":"Das neue Mieten-Wertsicherungsgesetz (MieWeG): Gesetzliche Deckelung der Wertsicherung von Wohnungsmieten","datePublished":"2026-01-27T06:45:27+00:00","dateModified":"2026-01-27T06:45:27+00:00","mainEntityOfPage":{"@id":"https:\/\/www.chg.at\/en\/das-neue-mieten-wertsicherungsgesetz-mieweg-gesetzliche-deckelung-der-wertsicherung-von-wohnungsmieten\/"},"wordCount":715,"publisher":{"@id":"https:\/\/www.chg.at\/en\/#organization"},"articleSection":["PGI-Newsletter"],"inLanguage":"en-US"},{"@type":"WebPage","@id":"https:\/\/www.chg.at\/en\/das-neue-mieten-wertsicherungsgesetz-mieweg-gesetzliche-deckelung-der-wertsicherung-von-wohnungsmieten\/","url":"https:\/\/www.chg.at\/en\/das-neue-mieten-wertsicherungsgesetz-mieweg-gesetzliche-deckelung-der-wertsicherung-von-wohnungsmieten\/","name":"Das neue Mieten-Wertsicherungsgesetz (MieWeG): Gesetzliche Deckelung der Wertsicherung von Wohnungsmieten - CHG Czernich Rechtsanw\u00e4lte \u2013 Wir bewegen Wirtschaft","isPartOf":{"@id":"https:\/\/www.chg.at\/en\/#website"},"datePublished":"2026-01-27T06:45:27+00:00","dateModified":"2026-01-27T06:45:27+00:00","description":"Rechtanwalt Stefan Humer pr\u00e4sentierte bei einer gemeinsamen Veranstaltung mit dem Linde Verlag sein neues Praxishandbuch zum Data Act und angrenzendem KI-Recht.","breadcrumb":{"@id":"https:\/\/www.chg.at\/en\/das-neue-mieten-wertsicherungsgesetz-mieweg-gesetzliche-deckelung-der-wertsicherung-von-wohnungsmieten\/#breadcrumb"},"inLanguage":"en-US","potentialAction":[{"@type":"ReadAction","target":["https:\/\/www.chg.at\/en\/das-neue-mieten-wertsicherungsgesetz-mieweg-gesetzliche-deckelung-der-wertsicherung-von-wohnungsmieten\/"]}]},{"@type":"BreadcrumbList","@id":"https:\/\/www.chg.at\/en\/das-neue-mieten-wertsicherungsgesetz-mieweg-gesetzliche-deckelung-der-wertsicherung-von-wohnungsmieten\/#breadcrumb","itemListElement":[{"@type":"ListItem","position":1,"name":"Startseite","item":"https:\/\/www.chg.at\/en\/"},{"@type":"ListItem","position":2,"name":"Das neue Mieten-Wertsicherungsgesetz (MieWeG): Gesetzliche Deckelung der Wertsicherung von Wohnungsmieten"}]},{"@type":"WebSite","@id":"https:\/\/www.chg.at\/en\/#website","url":"https:\/\/www.chg.at\/en\/","name":"CHG Czernich Rechtsanw\u00e4lte \u2013 Wir bewegen Wirtschaft","description":"Wir sorgen f\u00fcr Klarheit, wenn es rechtlich kompliziert wird. In jeder Phase Ihrer Unternehmungen. Sie ergreifen die Chancen. Wir verwandeln Risiken in L\u00f6sungen.","publisher":{"@id":"https:\/\/www.chg.at\/en\/#organization"},"potentialAction":[{"@type":"SearchAction","target":{"@type":"EntryPoint","urlTemplate":"https:\/\/www.chg.at\/en\/?s={search_term_string}"},"query-input":"required name=search_term_string"}],"inLanguage":"en-US"},{"@type":"Organization","@id":"https:\/\/www.chg.at\/en\/#organization","name":"CHG Czernich Rechtsanw\u00e4lte","url":"https:\/\/www.chg.at\/en\/","sameAs":["https:\/\/www.linkedin.com\/company\/12773263\/admin\/dashboard\/"],"logo":{"@type":"ImageObject","inLanguage":"en-US","@id":"https:\/\/www.chg.at\/en\/#\/schema\/logo\/image\/","url":"https:\/\/www.chg.at\/wp-content\/uploads\/2016\/08\/CHG_logo_250_1.png","contentUrl":"https:\/\/www.chg.at\/wp-content\/uploads\/2016\/08\/CHG_logo_250_1.png","width":250,"height":33,"caption":"CHG Czernich Rechtsanw\u00e4lte"},"image":{"@id":"https:\/\/www.chg.at\/en\/#\/schema\/logo\/image\/"}},{"@type":"Person","@id":"https:\/\/www.chg.at\/en\/#\/schema\/person\/3b2cf5222bbdc308d5c3611b8a160193","name":"Rebekka Harb"}]}},"_links":{"self":[{"href":"https:\/\/www.chg.at\/en\/wp-json\/wp\/v2\/posts\/28134"}],"collection":[{"href":"https:\/\/www.chg.at\/en\/wp-json\/wp\/v2\/posts"}],"about":[{"href":"https:\/\/www.chg.at\/en\/wp-json\/wp\/v2\/types\/post"}],"author":[{"embeddable":true,"href":"https:\/\/www.chg.at\/en\/wp-json\/wp\/v2\/users\/17"}],"replies":[{"embeddable":true,"href":"https:\/\/www.chg.at\/en\/wp-json\/wp\/v2\/comments?post=28134"}],"version-history":[{"count":1,"href":"https:\/\/www.chg.at\/en\/wp-json\/wp\/v2\/posts\/28134\/revisions"}],"predecessor-version":[{"id":28135,"href":"https:\/\/www.chg.at\/en\/wp-json\/wp\/v2\/posts\/28134\/revisions\/28135"}],"wp:featuredmedia":[{"embeddable":true,"href":"https:\/\/www.chg.at\/en\/wp-json\/wp\/v2\/media\/28136"}],"wp:attachment":[{"href":"https:\/\/www.chg.at\/en\/wp-json\/wp\/v2\/media?parent=28134"}],"wp:term":[{"taxonomy":"category","embeddable":true,"href":"https:\/\/www.chg.at\/en\/wp-json\/wp\/v2\/categories?post=28134"},{"taxonomy":"post_tag","embeddable":true,"href":"https:\/\/www.chg.at\/en\/wp-json\/wp\/v2\/tags?post=28134"}],"curies":[{"name":"wp","href":"https:\/\/api.w.org\/{rel}","templated":true}]}}