{"id":28147,"date":"2026-01-27T08:07:50","date_gmt":"2026-01-27T07:07:50","guid":{"rendered":"https:\/\/www.chg.at\/?p=28147"},"modified":"2026-01-27T10:49:32","modified_gmt":"2026-01-27T09:49:32","slug":"6-immobilienstammtisch-austausch-auf-hoechstem-niveau","status":"publish","type":"post","link":"https:\/\/www.chg.at\/en\/6-immobilienstammtisch-austausch-auf-hoechstem-niveau\/","title":{"rendered":"6. Immobilienstammtisch: Austausch auf h\u00f6chstem Niveau"},"content":{"rendered":"<style type=\"text\/css\"> \n#cmsmasters_row_69f1b7e21bec33_21673301 .cmsmasters_row_outer_parent { \n\tpadding-top: 30px; \n} \n\n#cmsmasters_row_69f1b7e21bec33_21673301 .cmsmasters_row_outer_parent { \n\tpadding-bottom: 30px; \n} \n\n\n#cmsmasters_button_69f1b7e21c19a5_17659776 { \n\ttext-align:center; \n} \n\n#cmsmasters_button_69f1b7e21c19a5_17659776 .cmsmasters_button:before { \n\tmargin-right:.5em; \n\tmargin-left:0; \n\tvertical-align:baseline; \n} \n\n#cmsmasters_button_69f1b7e21c19a5_17659776 .cmsmasters_button { \n\tfont-weight:normal; \n\tfont-style:normal; \n\tborder-style:solid; \n} \n#cmsmasters_button_69f1b7e21c19a5_17659776 .cmsmasters_button:hover { \n} \n \n#cmsmasters_row_69f1b7e21c1f28_22421355 .cmsmasters_row_outer_parent { \n\tpadding-top: 0px; \n} \n\n#cmsmasters_row_69f1b7e21c1f28_22421355 .cmsmasters_row_outer_parent { \n\tpadding-bottom: 50px; \n} \n\n<\/style><div id=\"cmsmasters_row_69f1b7e21bec33_21673301\" class=\"cmsmasters_row cmsmasters_color_scheme_default cmsmasters_row_top_default cmsmasters_row_bot_default cmsmasters_row_boxed\">\n<div class=\"cmsmasters_row_outer_parent\">\n<div class=\"cmsmasters_row_outer\">\n<div class=\"cmsmasters_row_inner\">\n<div class=\"cmsmasters_row_margin\">\n<div class=\"cmsmasters_column one_first\">\n<div class=\"cmsmasters_text\">\n<h1><span lang=\"DE\" style=\"color: #d43555;\"><strong>6. Immobilienstammtisch: Austausch auf h\u00f6chstem Niveau<\/strong><\/span><\/h1>\n<p>v<em>on RA Mag. Dr. <a href=\"https:\/\/www.chg.at\/profile\/mario-kathrein\/\">Mario Kathrein<\/a>, LL.M. LL.B.<\/em><\/p>\n<p>Am 15. J\u00e4nner 2026 fand der 6. Immobilienstammtisch im Festsaal der Wirtschaftskammer Tirol statt. Die Veranstaltung war bis auf den letzten Platz ausgebucht und brachte zahlreiche Entscheidungstr\u00e4ger:innen, Expert:innen und Praktiker:innen aus der Immobilienbranchezusammen. Thema des Abends war auch das hochaktuelle Thema \u201e(Politische) Ma\u00dfnahmen f\u00fcr leistbares Wohnen\u201c, zu dem Roland M. Wegleiter und Mario Kathrein referierten. Die Diskussion zeigte eindrucksvoll, dass die Herausforderungen am Wohnungsmarkt nur im Zusammenspiel von Politik, Verwaltung, Wirtschaft und Recht nachhaltig bew\u00e4ltigt werden k\u00f6nnen. \u00a0Dar\u00fcber hinaus nahm Roland M. Wegleiter an der Podiumsdiskussion \u201eL\u00f6sungsans\u00e4tze &amp; Aussichten 2026\u201c teil. In diesem Rahmen wurden unterschiedliche Perspektiven zusammengef\u00fchrt und m\u00f6gliche Entwicklungen sowie Handlungsoptionen f\u00fcr das kommende Jahr diskutiert.<\/p>\n<p>Der 6. Immobilienstammtisch bot damit einmal mehr eine hochwertige Plattform f\u00fcr den fachlichen Austausch und zeigte, wie wichtig der interdisziplin\u00e4re Dialog f\u00fcr tragf\u00e4hige L\u00f6sungen im Bereich Wohnen ist.<\/p>\n<\/div>\n\n<div id=\"cmsmasters_button_69f1b7e21c19a5_17659776\" class=\"button_wrap\"><a href=\"https:\/\/www.chg.at\/wp-content\/uploads\/2026\/01\/Praesentation-Immobilienstammtisch-2026-01-15-2.pdf\" class=\"ripple cmsmasters_button\"><span>Hier finden Sie die Pr\u00e4sentationsunterlagen<\/span><\/a><\/div>\n<\/div>\n<\/div>\n<\/div>\n<\/div>\n<\/div>\n<\/div>\n<div id=\"cmsmasters_row_69f1b7e21c1f28_22421355\" class=\"cmsmasters_row cmsmasters_color_scheme_default cmsmasters_row_top_default cmsmasters_row_bot_default cmsmasters_row_boxed\">\n<div class=\"cmsmasters_row_outer_parent\">\n<div class=\"cmsmasters_row_outer\">\n<div class=\"cmsmasters_row_inner\">\n<div class=\"cmsmasters_row_margin\">\n<div class=\"cmsmasters_column one_half\">\n<div class=\"cmsmasters_img  cmsmasters_image_n with_caption\">\n<img src=\"https:\/\/www.chg.at\/wp-content\/uploads\/2023\/11\/CHG-Rechtsanwaelte-Mario-Kathrein-Profilfoto.jpg\" \/>\n<p class=\"cmsmasters_img_caption\">Mario Kathrein<\/p><\/div>\n<\/div>\n<div class=\"cmsmasters_column one_half\">\n<div class=\"cmsmasters_text\">\n<p>Kontakt:<\/p>\n<p class=\"cmsmasters_profile_title entry-title\">Mag. Dr. Mario Kathrein, LL.M. LL.B.: <a href=\"mailto:kathrein@chg.at\">kathrein@chg.at<\/a><\/p>\n<p class=\"KontaktAdressblock\">Rechtsanwalt in den Praxisgruppen <a href=\"https:\/\/www.chg.at\/praxisgruppe-immobilienrecht\/\">Immobilienrecht<\/a> und <a href=\"https:\/\/www.chg.at\/praxisgruppe-business-law\/\">Business Law.<\/a><\/p>\n<p>CHG Czernich Haidlen Gast &amp; Partner Rechtsanw\u00e4lte<\/p>\n<p>Bozner Platz 4 \u2013 6020 Innsbruck<\/p>\n<p>Tel.: 0512-567373 Fax: 0512-567373 -15<br \/>\n<a href=\"mailto:office@chg.at\">office@chg.at<\/a>\u00a0\u00a0<a href=\"https:\/\/www.chg.at\/\">www.chg.at<\/a><\/p>\n<\/div>\n<\/div>\n<\/div>\n<\/div>\n<\/div>\n<\/div>\n<\/div>\n\n","protected":false},"excerpt":{"rendered":"<p>Der am 15. J\u00e4nner 2026 im ausgebuchten Festsaal der Wirtschaftskammer Tirol abgehaltene 6. Immobilienstammtisch brachte f\u00fchrende Vertreter:innen der Immobilienbranche zum Austausch \u00fcber leistbares Wohnen sowie L\u00f6sungsans\u00e4tze und Perspektiven f\u00fcr 2026 zusammen.<\/p>\n","protected":false},"author":17,"featured_media":28150,"comment_status":"closed","ping_status":"open","sticky":false,"template":"","format":"image","meta":{"inline_featured_image":false},"categories":[8,357],"tags":[],"yoast_head":"<!-- This site is optimized with the Yoast SEO plugin v19.8 - https:\/\/yoast.com\/wordpress\/plugins\/seo\/ -->\n<title>6. Immobilienstammtisch: Austausch auf h\u00f6chstem Niveau - CHG Czernich Rechtsanw\u00e4lte \u2013 Wir bewegen Wirtschaft<\/title>\n<meta name=\"description\" content=\"Rechtanwalt Stefan Humer pr\u00e4sentierte bei einer gemeinsamen Veranstaltung mit dem Linde Verlag sein neues Praxishandbuch zum Data Act und angrenzendem KI-Recht.\" \/>\n<meta name=\"robots\" content=\"index, follow, max-snippet:-1, max-image-preview:large, max-video-preview:-1\" \/>\n<link rel=\"canonical\" href=\"https:\/\/www.chg.at\/en\/6-immobilienstammtisch-austausch-auf-hoechstem-niveau\/\" \/>\n<meta property=\"og:locale\" content=\"en_US\" \/>\n<meta property=\"og:type\" content=\"article\" \/>\n<meta property=\"og:title\" content=\"CHG\" \/>\n<meta property=\"og:description\" content=\"CHG\" \/>\n<meta property=\"og:url\" content=\"https:\/\/www.chg.at\/en\/6-immobilienstammtisch-austausch-auf-hoechstem-niveau\/\" \/>\n<meta property=\"og:site_name\" content=\"CHG Czernich Rechtsanw\u00e4lte \u2013 Wir bewegen Wirtschaft\" \/>\n<meta property=\"article:published_time\" content=\"2026-01-27T07:07:50+00:00\" \/>\n<meta property=\"article:modified_time\" content=\"2026-01-27T09:49:32+00:00\" \/>\n<meta property=\"og:image\" content=\"https:\/\/www.chg.at\/wp-content\/uploads\/2026\/01\/freizeittirol_immobilienstammtisch150126-142.webp\" \/>\n\t<meta property=\"og:image:width\" content=\"1500\" \/>\n\t<meta property=\"og:image:height\" content=\"1000\" \/>\n\t<meta property=\"og:image:type\" content=\"image\/webp\" \/>\n<meta name=\"author\" content=\"Rebekka Harb\" \/>\n<meta name=\"twitter:card\" content=\"summary_large_image\" \/>\n<meta name=\"twitter:label1\" content=\"Written by\" \/>\n\t<meta name=\"twitter:data1\" content=\"Rebekka Harb\" \/>\n\t<meta name=\"twitter:label2\" content=\"Est. reading time\" \/>\n\t<meta name=\"twitter:data2\" content=\"2 minutes\" \/>\n<script type=\"application\/ld+json\" class=\"yoast-schema-graph\">{\"@context\":\"https:\/\/schema.org\",\"@graph\":[{\"@type\":\"Article\",\"@id\":\"https:\/\/www.chg.at\/en\/6-immobilienstammtisch-austausch-auf-hoechstem-niveau\/#article\",\"isPartOf\":{\"@id\":\"https:\/\/www.chg.at\/en\/6-immobilienstammtisch-austausch-auf-hoechstem-niveau\/\"},\"author\":{\"name\":\"Rebekka Harb\",\"@id\":\"https:\/\/www.chg.at\/en\/#\/schema\/person\/3b2cf5222bbdc308d5c3611b8a160193\"},\"headline\":\"6. Immobilienstammtisch: Austausch auf h\u00f6chstem Niveau\",\"datePublished\":\"2026-01-27T07:07:50+00:00\",\"dateModified\":\"2026-01-27T09:49:32+00:00\",\"mainEntityOfPage\":{\"@id\":\"https:\/\/www.chg.at\/en\/6-immobilienstammtisch-austausch-auf-hoechstem-niveau\/\"},\"wordCount\":400,\"publisher\":{\"@id\":\"https:\/\/www.chg.at\/en\/#organization\"},\"articleSection\":[\"CHG News\",\"PGI-Newsletter\"],\"inLanguage\":\"en-US\"},{\"@type\":\"WebPage\",\"@id\":\"https:\/\/www.chg.at\/en\/6-immobilienstammtisch-austausch-auf-hoechstem-niveau\/\",\"url\":\"https:\/\/www.chg.at\/en\/6-immobilienstammtisch-austausch-auf-hoechstem-niveau\/\",\"name\":\"6. Immobilienstammtisch: Austausch auf h\u00f6chstem Niveau - CHG Czernich Rechtsanw\u00e4lte \u2013 Wir bewegen Wirtschaft\",\"isPartOf\":{\"@id\":\"https:\/\/www.chg.at\/en\/#website\"},\"datePublished\":\"2026-01-27T07:07:50+00:00\",\"dateModified\":\"2026-01-27T09:49:32+00:00\",\"description\":\"Rechtanwalt Stefan Humer pr\u00e4sentierte bei einer gemeinsamen Veranstaltung mit dem Linde Verlag sein neues Praxishandbuch zum Data Act und angrenzendem KI-Recht.\",\"breadcrumb\":{\"@id\":\"https:\/\/www.chg.at\/en\/6-immobilienstammtisch-austausch-auf-hoechstem-niveau\/#breadcrumb\"},\"inLanguage\":\"en-US\",\"potentialAction\":[{\"@type\":\"ReadAction\",\"target\":[\"https:\/\/www.chg.at\/en\/6-immobilienstammtisch-austausch-auf-hoechstem-niveau\/\"]}]},{\"@type\":\"BreadcrumbList\",\"@id\":\"https:\/\/www.chg.at\/en\/6-immobilienstammtisch-austausch-auf-hoechstem-niveau\/#breadcrumb\",\"itemListElement\":[{\"@type\":\"ListItem\",\"position\":1,\"name\":\"Startseite\",\"item\":\"https:\/\/www.chg.at\/en\/\"},{\"@type\":\"ListItem\",\"position\":2,\"name\":\"6. Immobilienstammtisch: Austausch auf h\u00f6chstem Niveau\"}]},{\"@type\":\"WebSite\",\"@id\":\"https:\/\/www.chg.at\/en\/#website\",\"url\":\"https:\/\/www.chg.at\/en\/\",\"name\":\"CHG Czernich Rechtsanw\u00e4lte \u2013 Wir bewegen Wirtschaft\",\"description\":\"Wir sorgen f\u00fcr Klarheit, wenn es rechtlich kompliziert wird. In jeder Phase Ihrer Unternehmungen. Sie ergreifen die Chancen. Wir verwandeln Risiken in L\u00f6sungen.\",\"publisher\":{\"@id\":\"https:\/\/www.chg.at\/en\/#organization\"},\"potentialAction\":[{\"@type\":\"SearchAction\",\"target\":{\"@type\":\"EntryPoint\",\"urlTemplate\":\"https:\/\/www.chg.at\/en\/?s={search_term_string}\"},\"query-input\":\"required name=search_term_string\"}],\"inLanguage\":\"en-US\"},{\"@type\":\"Organization\",\"@id\":\"https:\/\/www.chg.at\/en\/#organization\",\"name\":\"CHG Czernich Rechtsanw\u00e4lte\",\"url\":\"https:\/\/www.chg.at\/en\/\",\"sameAs\":[\"https:\/\/www.linkedin.com\/company\/12773263\/admin\/dashboard\/\"],\"logo\":{\"@type\":\"ImageObject\",\"inLanguage\":\"en-US\",\"@id\":\"https:\/\/www.chg.at\/en\/#\/schema\/logo\/image\/\",\"url\":\"https:\/\/www.chg.at\/wp-content\/uploads\/2016\/08\/CHG_logo_250_1.png\",\"contentUrl\":\"https:\/\/www.chg.at\/wp-content\/uploads\/2016\/08\/CHG_logo_250_1.png\",\"width\":250,\"height\":33,\"caption\":\"CHG Czernich Rechtsanw\u00e4lte\"},\"image\":{\"@id\":\"https:\/\/www.chg.at\/en\/#\/schema\/logo\/image\/\"}},{\"@type\":\"Person\",\"@id\":\"https:\/\/www.chg.at\/en\/#\/schema\/person\/3b2cf5222bbdc308d5c3611b8a160193\",\"name\":\"Rebekka Harb\"}]}<\/script>\n<!-- \/ Yoast SEO plugin. -->","yoast_head_json":{"title":"6. Immobilienstammtisch: Austausch auf h\u00f6chstem Niveau - CHG Czernich Rechtsanw\u00e4lte \u2013 Wir bewegen Wirtschaft","description":"Rechtanwalt Stefan Humer pr\u00e4sentierte bei einer gemeinsamen Veranstaltung mit dem Linde Verlag sein neues Praxishandbuch zum Data Act und angrenzendem KI-Recht.","robots":{"index":"index","follow":"follow","max-snippet":"max-snippet:-1","max-image-preview":"max-image-preview:large","max-video-preview":"max-video-preview:-1"},"canonical":"https:\/\/www.chg.at\/en\/6-immobilienstammtisch-austausch-auf-hoechstem-niveau\/","og_locale":"en_US","og_type":"article","og_title":"CHG","og_description":"CHG","og_url":"https:\/\/www.chg.at\/en\/6-immobilienstammtisch-austausch-auf-hoechstem-niveau\/","og_site_name":"CHG Czernich Rechtsanw\u00e4lte \u2013 Wir bewegen Wirtschaft","article_published_time":"2026-01-27T07:07:50+00:00","article_modified_time":"2026-01-27T09:49:32+00:00","og_image":[{"width":1500,"height":1000,"url":"https:\/\/www.chg.at\/wp-content\/uploads\/2026\/01\/freizeittirol_immobilienstammtisch150126-142.webp","type":"image\/webp"}],"author":"Rebekka Harb","twitter_card":"summary_large_image","twitter_misc":{"Written by":"Rebekka Harb","Est. reading time":"2 minutes"},"schema":{"@context":"https:\/\/schema.org","@graph":[{"@type":"Article","@id":"https:\/\/www.chg.at\/en\/6-immobilienstammtisch-austausch-auf-hoechstem-niveau\/#article","isPartOf":{"@id":"https:\/\/www.chg.at\/en\/6-immobilienstammtisch-austausch-auf-hoechstem-niveau\/"},"author":{"name":"Rebekka Harb","@id":"https:\/\/www.chg.at\/en\/#\/schema\/person\/3b2cf5222bbdc308d5c3611b8a160193"},"headline":"6. Immobilienstammtisch: Austausch auf h\u00f6chstem Niveau","datePublished":"2026-01-27T07:07:50+00:00","dateModified":"2026-01-27T09:49:32+00:00","mainEntityOfPage":{"@id":"https:\/\/www.chg.at\/en\/6-immobilienstammtisch-austausch-auf-hoechstem-niveau\/"},"wordCount":400,"publisher":{"@id":"https:\/\/www.chg.at\/en\/#organization"},"articleSection":["CHG News","PGI-Newsletter"],"inLanguage":"en-US"},{"@type":"WebPage","@id":"https:\/\/www.chg.at\/en\/6-immobilienstammtisch-austausch-auf-hoechstem-niveau\/","url":"https:\/\/www.chg.at\/en\/6-immobilienstammtisch-austausch-auf-hoechstem-niveau\/","name":"6. Immobilienstammtisch: Austausch auf h\u00f6chstem Niveau - CHG Czernich Rechtsanw\u00e4lte \u2013 Wir bewegen Wirtschaft","isPartOf":{"@id":"https:\/\/www.chg.at\/en\/#website"},"datePublished":"2026-01-27T07:07:50+00:00","dateModified":"2026-01-27T09:49:32+00:00","description":"Rechtanwalt Stefan Humer pr\u00e4sentierte bei einer gemeinsamen Veranstaltung mit dem Linde Verlag sein neues Praxishandbuch zum Data Act und angrenzendem KI-Recht.","breadcrumb":{"@id":"https:\/\/www.chg.at\/en\/6-immobilienstammtisch-austausch-auf-hoechstem-niveau\/#breadcrumb"},"inLanguage":"en-US","potentialAction":[{"@type":"ReadAction","target":["https:\/\/www.chg.at\/en\/6-immobilienstammtisch-austausch-auf-hoechstem-niveau\/"]}]},{"@type":"BreadcrumbList","@id":"https:\/\/www.chg.at\/en\/6-immobilienstammtisch-austausch-auf-hoechstem-niveau\/#breadcrumb","itemListElement":[{"@type":"ListItem","position":1,"name":"Startseite","item":"https:\/\/www.chg.at\/en\/"},{"@type":"ListItem","position":2,"name":"6. Immobilienstammtisch: Austausch auf h\u00f6chstem Niveau"}]},{"@type":"WebSite","@id":"https:\/\/www.chg.at\/en\/#website","url":"https:\/\/www.chg.at\/en\/","name":"CHG Czernich Rechtsanw\u00e4lte \u2013 Wir bewegen Wirtschaft","description":"Wir sorgen f\u00fcr Klarheit, wenn es rechtlich kompliziert wird. In jeder Phase Ihrer Unternehmungen. Sie ergreifen die Chancen. Wir verwandeln Risiken in L\u00f6sungen.","publisher":{"@id":"https:\/\/www.chg.at\/en\/#organization"},"potentialAction":[{"@type":"SearchAction","target":{"@type":"EntryPoint","urlTemplate":"https:\/\/www.chg.at\/en\/?s={search_term_string}"},"query-input":"required name=search_term_string"}],"inLanguage":"en-US"},{"@type":"Organization","@id":"https:\/\/www.chg.at\/en\/#organization","name":"CHG Czernich Rechtsanw\u00e4lte","url":"https:\/\/www.chg.at\/en\/","sameAs":["https:\/\/www.linkedin.com\/company\/12773263\/admin\/dashboard\/"],"logo":{"@type":"ImageObject","inLanguage":"en-US","@id":"https:\/\/www.chg.at\/en\/#\/schema\/logo\/image\/","url":"https:\/\/www.chg.at\/wp-content\/uploads\/2016\/08\/CHG_logo_250_1.png","contentUrl":"https:\/\/www.chg.at\/wp-content\/uploads\/2016\/08\/CHG_logo_250_1.png","width":250,"height":33,"caption":"CHG Czernich Rechtsanw\u00e4lte"},"image":{"@id":"https:\/\/www.chg.at\/en\/#\/schema\/logo\/image\/"}},{"@type":"Person","@id":"https:\/\/www.chg.at\/en\/#\/schema\/person\/3b2cf5222bbdc308d5c3611b8a160193","name":"Rebekka Harb"}]}},"_links":{"self":[{"href":"https:\/\/www.chg.at\/en\/wp-json\/wp\/v2\/posts\/28147"}],"collection":[{"href":"https:\/\/www.chg.at\/en\/wp-json\/wp\/v2\/posts"}],"about":[{"href":"https:\/\/www.chg.at\/en\/wp-json\/wp\/v2\/types\/post"}],"author":[{"embeddable":true,"href":"https:\/\/www.chg.at\/en\/wp-json\/wp\/v2\/users\/17"}],"replies":[{"embeddable":true,"href":"https:\/\/www.chg.at\/en\/wp-json\/wp\/v2\/comments?post=28147"}],"version-history":[{"count":4,"href":"https:\/\/www.chg.at\/en\/wp-json\/wp\/v2\/posts\/28147\/revisions"}],"predecessor-version":[{"id":28166,"href":"https:\/\/www.chg.at\/en\/wp-json\/wp\/v2\/posts\/28147\/revisions\/28166"}],"wp:featuredmedia":[{"embeddable":true,"href":"https:\/\/www.chg.at\/en\/wp-json\/wp\/v2\/media\/28150"}],"wp:attachment":[{"href":"https:\/\/www.chg.at\/en\/wp-json\/wp\/v2\/media?parent=28147"}],"wp:term":[{"taxonomy":"category","embeddable":true,"href":"https:\/\/www.chg.at\/en\/wp-json\/wp\/v2\/categories?post=28147"},{"taxonomy":"post_tag","embeddable":true,"href":"https:\/\/www.chg.at\/en\/wp-json\/wp\/v2\/tags?post=28147"}],"curies":[{"name":"wp","href":"https:\/\/api.w.org\/{rel}","templated":true}]}}