{"id":28273,"date":"2026-02-11T11:55:34","date_gmt":"2026-02-11T10:55:34","guid":{"rendered":"https:\/\/www.chg.at\/?p=28273"},"modified":"2026-02-16T09:17:27","modified_gmt":"2026-02-16T08:17:27","slug":"de-minimis-beihilfen-neue-meldepflichten-seit-1-jaenner-2026","status":"publish","type":"post","link":"https:\/\/www.chg.at\/en\/de-minimis-beihilfen-neue-meldepflichten-seit-1-jaenner-2026\/","title":{"rendered":"De-minimis-Beihilfen: Neue Meldepflichten seit 1. J\u00e4nner 2026"},"content":{"rendered":"<style type=\"text\/css\"> \n#cmsmasters_row_69f5c103c11a64_50262762 .cmsmasters_row_outer_parent { \n\tpadding-top: 30px; \n} \n\n#cmsmasters_row_69f5c103c11a64_50262762 .cmsmasters_row_outer_parent { \n\tpadding-bottom: 30px; \n} \n\n \n#cmsmasters_row_69f5c103c16012_36718312 .cmsmasters_row_outer_parent { \n\tpadding-top: 0px; \n} \n\n#cmsmasters_row_69f5c103c16012_36718312 .cmsmasters_row_outer_parent { \n\tpadding-bottom: 50px; \n} \n\n<\/style><div id=\"cmsmasters_row_69f5c103c11a64_50262762\" class=\"cmsmasters_row cmsmasters_color_scheme_default cmsmasters_row_top_default cmsmasters_row_bot_default cmsmasters_row_boxed\">\n<div class=\"cmsmasters_row_outer_parent\">\n<div class=\"cmsmasters_row_outer\">\n<div class=\"cmsmasters_row_inner\">\n<div class=\"cmsmasters_row_margin\">\n<div class=\"cmsmasters_column one_first\">\n<div class=\"cmsmasters_text\">\n<h1><span lang=\"DE\" style=\"color: #d43555;\">De-minimis-Beihilfen:<br \/>\nNeue Meldepflichten seit 1. J\u00e4nner 2026<\/span><\/h1>\n<p>von <em>RA Ass.-Prof. MMag. Dr. <a href=\"https:\/\/www.chg.at\/profile\/arnold-autengruber\/\">Arnold Autengruber<\/a><\/em><\/p>\n<p>Seit 1. J\u00e4nner 2026 gelten europaweit neue Transparenzanforderungen f\u00fcr De-minimis-Beihilfen: Mitgliedstaaten (die umfasst auch deren Verwaltungseinheiten wie L\u00e4nder und Gemeinden) m\u00fcssen <strong>jede<\/strong> ab diesem Datum gew\u00e4hrte <strong>De-minimis-Beihilfe in einem zentralen Register erfassen<\/strong> \u2013 entweder in einem <strong>nationalen Register<\/strong> oder in einem Register <strong>auf Unionsebene<\/strong>. Kernanwendung hierf\u00fcr ist das Register der Europ\u00e4ische Kommission, das sogenannte <strong><a href=\"aid-register.ec.europa.eu\">eAidRegister<\/a><\/strong>.<\/p>\n<h2>1. Was sind De-minimis-Beihilfen?<\/h2>\n<p>De-minimis-Beihilfen sind staatliche Vorteile (Zusch\u00fcsse, zinsbeg\u00fcnstigte Darlehen, Garantien etc, die durch die \u00f6ffentliche Hand, als insbesondere L\u00e4nder, Gemeinden, oder auch sonstige dem Staat zuzurechnende Institutionen gew\u00e4hrt werden), die <strong>wegen ihrer Geringf\u00fcgigkeit<\/strong> unionsrechtlich als <strong>nicht binnenmarktrelevant<\/strong> behandelt werden und daher <strong>keine vorherige Notifizierungspflicht<\/strong> nach Art 108 Abs 3 AEUV ausl\u00f6sen, sofern s\u00e4mtliche Voraussetzungen der De-minimis-Verordnung eingehalten werden.<\/p>\n<p>F\u00fcr die \u201eallgemeine\u201c De-minimis-Verordnung (<a href=\"https:\/\/eur-lex.europa.eu\/legal-content\/DE\/TXT\/PDF\/?uri=OJ:L_202302831\">VO (EU) 2023\/2831<\/a>) gilt insbesondere ein H\u00f6chstbetrag von <strong>300.000,- EUR innerhalb von drei Steuerjahren<\/strong> pro \u201eeinzigem Unternehmen\u201c (Achtung: hier kommt es auf eine Konzern-\/Verbundbetrachtung an).<\/p>\n<p>Abweichende (h\u00f6here) De-minimis-Betr\u00e4ge finden sich im Bereich der Daseinsvorsorgen (Dienstleistungen von allgemeinem wirtschaftlichen Interesse oder kurz \u201eDAWI\u201c)<\/p>\n<h2>2. Die neue Registerpflicht seit 1. J\u00e4nner 2026: Was genau muss erfasst werden?<\/h2>\n<p>Seit 1. J\u00e4nner 2026 m\u00fcssen Mitgliedstaaten nach Art 6 VO (EU) 2023\/2831 sicherstellen, dass Angaben zu gew\u00e4hrten De-minimis-Beihilfen <strong>in einem zentralen Register<\/strong> erfasst werden (national oder auf Unionsebene).<\/p>\n<p>Zwingend zu erfassen sind:<\/p>\n<ul>\n<li>Beihilfeempf\u00e4nger<\/li>\n<li>Beihilfebetrag<\/li>\n<li>Tag der Gew\u00e4hrung<\/li>\n<li>Bewilligungsbeh\u00f6rde (zB Land, Gemeinde, \u00f6ffentliches Unternehmen)<\/li>\n<li>Beihilfeinstrument (zB Zuschuss, Darlehen, Garantie)<\/li>\n<li>Wirtschaftszweig (NACE-Klassifikation)<\/li>\n<\/ul>\n<p>Zugleich m\u00fcssen verpflichtend die <strong>Datenschutzvorschriften<\/strong> der Union eingehalten werden. Ausdr\u00fccklich genannt wird auch die Notwendigkeit der <strong>Pseudonymisierung spezifischer Eintr\u00e4ge<\/strong>, soweit erforderlich.<\/p>\n<h2>3. Fristen, Aufbewahrungsfrist, Qualit\u00e4tspflichten und verbindlicher \u201eVorab-Check\u201c durch die Bewilligungsstelle<\/h2>\n<p>Mit der Registerpflicht sind drei praktische Pflichten verbunden, die beihilfenrechtlich nicht untersch\u00e4tzt werden sollten:<\/p>\n<p><strong>a) Eintragung binnen 20 Arbeitstagen<\/strong><br \/>\nDie Mitgliedstaaten m\u00fcssen die genannten Angaben zu allen De-minimis-Beihilfen, die von ihren Beh\u00f6rden gew\u00e4hrt wurden, <strong>innerhalb von 20 Arbeitstagen<\/strong> nach Gew\u00e4hrung in das Register eintragen.<\/p>\n<p><strong>b) Sicherstellung der Richtigkeit<\/strong><br \/>\nEs sind \u201egeeignete Ma\u00dfnahmen\u201c zu treffen, um die <strong>Richtigkeit<\/strong> der Registerdaten zu gew\u00e4hrleisten.<\/p>\n<p><strong>c) Kein neues De-minimis ohne Pr\u00fcfung<\/strong><br \/>\nNeue De-minimis-Beihilfen d\u00fcrfen nach der Verordnung <strong>erst<\/strong> gew\u00e4hrt werden, nachdem sich der Mitgliedstaat vergewissert hat, dass dadurch der H\u00f6chstbetrag nicht \u00fcberschritten wird und die Verordnungsvoraussetzungen eingehalten sind. Praktisch wird dieser Pr\u00fcfschritt k\u00fcnftig regelm\u00e4\u00dfig \u00fcber das Register laufen.<\/p>\n<p>Zus\u00e4tzlich gilt: Die erfassten Angaben sind <strong>zehn Jahre<\/strong> ab Tag der Gew\u00e4hrung <strong>aufzubewahren.<\/strong><\/p>\n<h2>4. eAidRegister \/ eAIR: Das unionsweite Zentralregister in der Praxis<\/h2>\n<p>Die Europ\u00e4ische Kommission stellt ein <strong>Zentralregister auf Unionsebene<\/strong> bereit, das Mitgliedstaaten nutzen k\u00f6nnen.<\/p>\n<p>\u00d6ffentlich sichtbar ist das System \u00fcber die Oberfl\u00e4che \u201eDe-minimis aid awards\u201c. Dort sind ua Filter nach <strong>Land<\/strong>, <strong>Beihilfeart<\/strong>, <strong>Bewilligungsdatum<\/strong>, <strong>Beg\u00fcnstigtem<\/strong>, <strong>Beihilfebetrag<\/strong> sowie <strong>NACE-Sektor<\/strong> vorgesehen.<\/p>\n<h2>5. \u00d6sterreich: Gibt es ein eigenes Register \u2013 oder l\u00e4uft es \u00fcber das eAidRegister?<\/h2>\n<p>Die Verordnung l\u00e4sst den Mitgliedstaaten die Wahl: nationales Register oder Unionsregister.<\/p>\n<p>Bisher nutzen nur folgende Mitgliedstaaten das europ\u00e4ische Register nicht: Estland, Spanien, Italien, Litauen, Rum\u00e4nien und die Slowakei.<\/p>\n<p><strong>F\u00fcr \u00d6sterreich gilt, dass De-minimis-Beihilfen seit 1. J\u00e4nner 2026 im eAidRegister einzutragen sind. <\/strong><\/p>\n<p>Wichtig f\u00fcr die Einordnung<strong>:<\/strong> Das \u00f6sterreichische <strong><a href=\"https:\/\/transparenzportal.gv.at\/tdb\/tp\/startpage\">Transparenzportal<\/a><\/strong> des Bundesministerium f\u00fcr Finanzen ist ein nationales E-Government-Instrument zur F\u00f6rder- und Leistungs\u00fcbersicht. Es ist jedoch nicht mit dem unionsrechtlich geforderten De-minimis-Zentralregister gleichzusetzen.<\/p>\n<h2>6. Achtung im \u00dcbergangszeitraum: De-minimis-Erkl\u00e4rungen verschwinden nicht \u201e\u00fcber Nacht\u201c<\/h2>\n<p>Es w\u00e4re ein Fehler, die Registerpflicht seit 1. J\u00e4nner 2026 mit einem sofortigen Ende aller <strong>De-minimis-Erkl\u00e4rungen<\/strong> gleichzusetzen. Tats\u00e4chlich trifft die Verordnung ausdr\u00fccklich eine \u00dcbergangsregelung:<\/p>\n<p>Solange das <strong>Register<\/strong> <strong>noch keinen Zeitraum von drei Jahren abdeckt<\/strong>, muss der Beihilfegeber neue De-minimis-Beihilfen weiterhin daran kn\u00fcpfen, dass er vom Unternehmen eine Erkl\u00e4rung erh\u00e4lt, in der es <strong>alle anderen De-minimis-Beihilfen<\/strong> im relevanten Dreijahreszeitraum angibt.<\/p>\n<p>Das ist praktisch zwingend: Im Jahr 2026 erfasst das Register nur Beihilfen ab 2026, w\u00e4hrend f\u00fcr die Dreijahrespr\u00fcfung regelm\u00e4\u00dfig auch fr\u00fchere Beihilfen (zB 2024\/2025) relevant sind. Erst wenn das Register eine vollst\u00e4ndige Dreijahres-Datenbasis tr\u00e4gt, kann es die Erkl\u00e4rungspflicht systematisch ersetzen.<\/p>\n<h2>7. Datenschutz und \u00d6ffentlichkeit: Welche Daten sind \u201ewirklich\u201c publik?<\/h2>\n<p>Art 6 der De-minimis-Verordnung fordert <strong>leichte \u00f6ffentliche Zug\u00e4nglichkeit<\/strong> und gleichzeitig <strong>Einhaltung des Datenschutzrechts<\/strong>. Als Technik wird ausdr\u00fccklich <strong>Pseudonymisierung<\/strong> genannt, soweit erforderlich.<\/p>\n<p>F\u00fcr Kapitalgesellschaften ist die datenschutzrechtliche Brisanz h\u00e4ufig geringer, weil Unternehmensdaten typischerweise nicht dem Schutzbereich personenbezogener Daten nat\u00fcrlicher Personen entsprechen. Relevanter wird die Frage bei <strong>Einzelunternehmern<\/strong> oder Konstellationen, in denen die Beihilfeempf\u00e4ngerangabe eine nat\u00fcrliche Person identifizierbar macht. Die Verordnung behandelt diesen Konflikt nicht durch Geheimhaltung, sondern durch eine <strong>datenschutzkonforme Registerarchitektur<\/strong>.<\/p>\n<h2>8. Praktische Konsequenzen f\u00fcr Unternehmen und F\u00f6rderstellen<\/h2>\n<p><strong>F\u00fcr F\u00f6rderstellen (Beihilfegeber)<\/strong><\/p>\n<ul>\n<li><strong>Registertaugliche Datenerhebung<\/strong> bereits vor F\u00f6rdergew\u00e4hrung.<\/li>\n<li><strong>Prozesssicherheit<\/strong>: Eintragung binnen 20 Arbeitstagen und interne Kontrollen zur Datenrichtigkeit.<\/li>\n<li><strong>Vorabpr\u00fcfung<\/strong>: Keine Gew\u00e4hrung ohne dokumentierten Check, dass H\u00f6chstbetrag\/Voraussetzungen eingehalten sind.<\/li>\n<\/ul>\n<p><strong>F\u00fcr Unternehmen (Beihilfeempf\u00e4nger)<\/strong><\/p>\n<ul>\n<li><strong>Konzern-\/Verbundsicht (\u201eeinziges Unternehmen\u201c)<\/strong> organisatorisch abbilden: zentrale Erfassung aller De-minimis-Beihilfen innerhalb der Gruppe bleibt jedenfalls in der \u00dcbergangsphase von drei Jahren bedeutsam.<\/li>\n<li><strong>Registermonitoring<\/strong> als Teil der F\u00f6rder- und Transaktions-\u201eSorgfaltspr\u00fcfung\u201c (\u201edue diligence\u201c): Registerdaten werden faktisch zu einem Standardpr\u00fcfstein (\u00f6ffentliche Information, zehnj\u00e4hrige Vorhalte).<\/li>\n<li><strong>\u00dcbergangserkl\u00e4rungen weiterhin einplanen<\/strong>: Bis das Register drei Jahre abdeckt, bleibt die Abgabe von Eigenerkl\u00e4rungen weiterhin erforderlich.<\/li>\n<\/ul>\n<h2>9. H\u00e4ufige Fragen<\/h2>\n<p><strong>Wer muss melden \u2013 das Unternehmen oder die Beh\u00f6rde (F\u00f6rderstelle \/ Beihilfegeber)?<\/strong><\/p>\n<p>Die Eintragungspflicht trifft den Mitgliedstaat bzw die gew\u00e4hrenden Stellen: Die Daten sind von den Beh\u00f6rden (Beihilfegebern) binnen 20 Arbeitstagen einzutragen. Finanzintermedi\u00e4re, die De-minimis-Beihilferegelungen durchf\u00fchren, trifft eine Meldefrist von 10 Tagen nach Quartalsende. Unternehmen werden praktisch Mitwirkungspflichten treffen (Identifikatoren, NACE, Gruppenstruktur), weil ohne korrekte Datengrundlage keine regelkonforme Registrierung m\u00f6glich ist.<\/p>\n<p><strong>Wie lange bleiben De-minimis-Beihilfen im Register?<\/strong><\/p>\n<p>Die Angaben sind <strong>zehn Jahre<\/strong> ab Gew\u00e4hrungsdatum aufzubewahren.<\/p>\n<p><strong>Muss ich 2026 noch De-minimis-Erkl\u00e4rungen abgeben?<\/strong><\/p>\n<p>Ja, typischerweise weiterhin: Solange das Register noch keinen Dreijahreszeitraum seit 1.1.2026 abdeckt, verlangt die Verordnung weiterhin eine Erkl\u00e4rung \u00fcber alle anderen De-minimis-Beihilfen im ma\u00dfgeblichen Zeitraum.<\/p>\n<p><strong>Wo kann man De-minimis-Beihilfen \u00f6ffentlich recherchieren?<\/strong><\/p>\n<p>\u00dcber das Portal der Europ\u00e4ische Kommission (eAidRegister\/eAIR), insbesondere die Ansicht \u201eDe-minimis aid awards\u201c.<\/p>\n<\/div>\n<\/div>\n<\/div>\n<\/div>\n<\/div>\n<\/div>\n<\/div>\n<div id=\"cmsmasters_row_69f5c103c16012_36718312\" class=\"cmsmasters_row cmsmasters_color_scheme_default cmsmasters_row_top_default cmsmasters_row_bot_default cmsmasters_row_boxed\">\n<div class=\"cmsmasters_row_outer_parent\">\n<div class=\"cmsmasters_row_outer\">\n<div class=\"cmsmasters_row_inner\">\n<div class=\"cmsmasters_row_margin\">\n<div class=\"cmsmasters_column one_half\">\n<div class=\"cmsmasters_img  cmsmasters_image_n with_caption\">\n<a href=\"https:\/\/www.chg.at\/profile\/arnold-autengruber\/\"><img src=\"https:\/\/www.chg.at\/wp-content\/uploads\/2023\/11\/CHG-Rechtsanwaelte-Arnold-Autengruber-Portrait.jpg\" \/><\/a>\n<p class=\"cmsmasters_img_caption\">Arnold Autengruber<\/p><\/div>\n<\/div>\n<div class=\"cmsmasters_column one_half\">\n<div class=\"cmsmasters_text\">\n<p>Ass.-Prof. MMag. Dr. Arnold Autengruber: <a href=\"mailto:autengruber@chg.at\">autengruber@chg.at<\/a><\/p>\n<p>Rechtsanwalt in der Praxisgruppe \u00d6ffentliches Wirtschaftsrecht und Vergaberecht<\/p>\n<p>CHG Czernich Haidlen Gast &amp; Partner Rechtsanw\u00e4lte<\/p>\n<p>Bozner Platz 4 \u2013 6020 Innsbruck<\/p>\n<p>Tel.: 0512-567373<br \/>\nFax: 0512-567373 -15<br \/>\n<a href=\"mailto:office@chg.at\">office@chg.at<\/a>\u00a0 <a href=\"http:\/\/www.chg.at\">www.chg.at<\/a><\/p>\n<\/div>\n<\/div>\n<\/div>\n<\/div>\n<\/div>\n<\/div>\n<\/div>\n\n","protected":false},"excerpt":{"rendered":"<p>Seit 1. J\u00e4nner 2026 gilt: De-minimis-Beihilfen m\u00fcssen in ein zentrales Register. Wir widmen uns in einem aktuellen Beitrag dem eAidRegister der Europ\u00e4ischen Kommission.<\/p>\n","protected":false},"author":17,"featured_media":28275,"comment_status":"closed","ping_status":"open","sticky":false,"template":"","format":"image","meta":{"inline_featured_image":false},"categories":[8,9,99],"tags":[356,209,355],"yoast_head":"<!-- This site is optimized with the Yoast SEO plugin v19.8 - https:\/\/yoast.com\/wordpress\/plugins\/seo\/ -->\n<title>De-minimis-Beihilfen: Neue Meldepflichten seit 1. J\u00e4nner 2026 - CHG Czernich Rechtsanw\u00e4lte \u2013 Wir bewegen Wirtschaft<\/title>\n<meta name=\"description\" content=\"Ab 1. J\u00e4nner 2026 treten voraussichtlich neue, gesenkte EU-Schwellenwerte in Kraft \u2013 mit sp\u00fcrbaren Auswirkungen auf k\u00fcnftige Vergabeverfahren.\" \/>\n<meta name=\"robots\" content=\"index, follow, max-snippet:-1, max-image-preview:large, max-video-preview:-1\" \/>\n<link rel=\"canonical\" href=\"https:\/\/www.chg.at\/en\/de-minimis-beihilfen-neue-meldepflichten-seit-1-jaenner-2026\/\" \/>\n<meta property=\"og:locale\" content=\"en_US\" \/>\n<meta property=\"og:type\" content=\"article\" \/>\n<meta property=\"og:title\" content=\"CHG\" \/>\n<meta property=\"og:description\" content=\"CHG\" \/>\n<meta property=\"og:url\" content=\"https:\/\/www.chg.at\/en\/de-minimis-beihilfen-neue-meldepflichten-seit-1-jaenner-2026\/\" \/>\n<meta property=\"og:site_name\" content=\"CHG Czernich Rechtsanw\u00e4lte \u2013 Wir bewegen Wirtschaft\" \/>\n<meta property=\"article:published_time\" content=\"2026-02-11T10:55:34+00:00\" \/>\n<meta property=\"article:modified_time\" content=\"2026-02-16T08:17:27+00:00\" \/>\n<meta property=\"og:image\" content=\"https:\/\/www.chg.at\/wp-content\/uploads\/2026\/02\/Sparschwein-e1771229843456.png\" \/>\n\t<meta property=\"og:image:width\" content=\"920\" \/>\n\t<meta property=\"og:image:height\" content=\"581\" \/>\n\t<meta property=\"og:image:type\" content=\"image\/png\" \/>\n<meta name=\"author\" content=\"Rebekka Harb\" \/>\n<meta name=\"twitter:card\" content=\"summary_large_image\" \/>\n<meta name=\"twitter:label1\" content=\"Written by\" \/>\n\t<meta name=\"twitter:data1\" content=\"Rebekka Harb\" \/>\n\t<meta name=\"twitter:label2\" content=\"Est. reading time\" \/>\n\t<meta name=\"twitter:data2\" content=\"6 minutes\" \/>\n<script type=\"application\/ld+json\" class=\"yoast-schema-graph\">{\"@context\":\"https:\/\/schema.org\",\"@graph\":[{\"@type\":\"Article\",\"@id\":\"https:\/\/www.chg.at\/en\/de-minimis-beihilfen-neue-meldepflichten-seit-1-jaenner-2026\/#article\",\"isPartOf\":{\"@id\":\"https:\/\/www.chg.at\/en\/de-minimis-beihilfen-neue-meldepflichten-seit-1-jaenner-2026\/\"},\"author\":{\"name\":\"Rebekka Harb\",\"@id\":\"https:\/\/www.chg.at\/en\/#\/schema\/person\/3b2cf5222bbdc308d5c3611b8a160193\"},\"headline\":\"De-minimis-Beihilfen: Neue Meldepflichten seit 1. J\u00e4nner 2026\",\"datePublished\":\"2026-02-11T10:55:34+00:00\",\"dateModified\":\"2026-02-16T08:17:27+00:00\",\"mainEntityOfPage\":{\"@id\":\"https:\/\/www.chg.at\/en\/de-minimis-beihilfen-neue-meldepflichten-seit-1-jaenner-2026\/\"},\"wordCount\":1186,\"publisher\":{\"@id\":\"https:\/\/www.chg.at\/en\/#organization\"},\"keywords\":[\"\u00d6ffentliche Auftraggeber\",\"Vergaberecht\",\"Vergaberichtlinien\"],\"articleSection\":[\"CHG News\",\"Kanzlei\",\"\u00d6ffentliches Wirtschaftsrecht und Vergaberecht\"],\"inLanguage\":\"en-US\"},{\"@type\":\"WebPage\",\"@id\":\"https:\/\/www.chg.at\/en\/de-minimis-beihilfen-neue-meldepflichten-seit-1-jaenner-2026\/\",\"url\":\"https:\/\/www.chg.at\/en\/de-minimis-beihilfen-neue-meldepflichten-seit-1-jaenner-2026\/\",\"name\":\"De-minimis-Beihilfen: Neue Meldepflichten seit 1. J\u00e4nner 2026 - CHG Czernich Rechtsanw\u00e4lte \u2013 Wir bewegen Wirtschaft\",\"isPartOf\":{\"@id\":\"https:\/\/www.chg.at\/en\/#website\"},\"datePublished\":\"2026-02-11T10:55:34+00:00\",\"dateModified\":\"2026-02-16T08:17:27+00:00\",\"description\":\"Ab 1. J\u00e4nner 2026 treten voraussichtlich neue, gesenkte EU-Schwellenwerte in Kraft \u2013 mit sp\u00fcrbaren Auswirkungen auf k\u00fcnftige Vergabeverfahren.\",\"breadcrumb\":{\"@id\":\"https:\/\/www.chg.at\/en\/de-minimis-beihilfen-neue-meldepflichten-seit-1-jaenner-2026\/#breadcrumb\"},\"inLanguage\":\"en-US\",\"potentialAction\":[{\"@type\":\"ReadAction\",\"target\":[\"https:\/\/www.chg.at\/en\/de-minimis-beihilfen-neue-meldepflichten-seit-1-jaenner-2026\/\"]}]},{\"@type\":\"BreadcrumbList\",\"@id\":\"https:\/\/www.chg.at\/en\/de-minimis-beihilfen-neue-meldepflichten-seit-1-jaenner-2026\/#breadcrumb\",\"itemListElement\":[{\"@type\":\"ListItem\",\"position\":1,\"name\":\"Startseite\",\"item\":\"https:\/\/www.chg.at\/en\/\"},{\"@type\":\"ListItem\",\"position\":2,\"name\":\"De-minimis-Beihilfen: Neue Meldepflichten seit 1. J\u00e4nner 2026\"}]},{\"@type\":\"WebSite\",\"@id\":\"https:\/\/www.chg.at\/en\/#website\",\"url\":\"https:\/\/www.chg.at\/en\/\",\"name\":\"CHG Czernich Rechtsanw\u00e4lte \u2013 Wir bewegen Wirtschaft\",\"description\":\"Wir sorgen f\u00fcr Klarheit, wenn es rechtlich kompliziert wird. In jeder Phase Ihrer Unternehmungen. Sie ergreifen die Chancen. Wir verwandeln Risiken in L\u00f6sungen.\",\"publisher\":{\"@id\":\"https:\/\/www.chg.at\/en\/#organization\"},\"potentialAction\":[{\"@type\":\"SearchAction\",\"target\":{\"@type\":\"EntryPoint\",\"urlTemplate\":\"https:\/\/www.chg.at\/en\/?s={search_term_string}\"},\"query-input\":\"required name=search_term_string\"}],\"inLanguage\":\"en-US\"},{\"@type\":\"Organization\",\"@id\":\"https:\/\/www.chg.at\/en\/#organization\",\"name\":\"CHG Czernich Rechtsanw\u00e4lte\",\"url\":\"https:\/\/www.chg.at\/en\/\",\"sameAs\":[\"https:\/\/www.linkedin.com\/company\/12773263\/admin\/dashboard\/\"],\"logo\":{\"@type\":\"ImageObject\",\"inLanguage\":\"en-US\",\"@id\":\"https:\/\/www.chg.at\/en\/#\/schema\/logo\/image\/\",\"url\":\"https:\/\/www.chg.at\/wp-content\/uploads\/2016\/08\/CHG_logo_250_1.png\",\"contentUrl\":\"https:\/\/www.chg.at\/wp-content\/uploads\/2016\/08\/CHG_logo_250_1.png\",\"width\":250,\"height\":33,\"caption\":\"CHG Czernich Rechtsanw\u00e4lte\"},\"image\":{\"@id\":\"https:\/\/www.chg.at\/en\/#\/schema\/logo\/image\/\"}},{\"@type\":\"Person\",\"@id\":\"https:\/\/www.chg.at\/en\/#\/schema\/person\/3b2cf5222bbdc308d5c3611b8a160193\",\"name\":\"Rebekka Harb\"}]}<\/script>\n<!-- \/ Yoast SEO plugin. -->","yoast_head_json":{"title":"De-minimis-Beihilfen: Neue Meldepflichten seit 1. J\u00e4nner 2026 - CHG Czernich Rechtsanw\u00e4lte \u2013 Wir bewegen Wirtschaft","description":"Ab 1. J\u00e4nner 2026 treten voraussichtlich neue, gesenkte EU-Schwellenwerte in Kraft \u2013 mit sp\u00fcrbaren Auswirkungen auf k\u00fcnftige Vergabeverfahren.","robots":{"index":"index","follow":"follow","max-snippet":"max-snippet:-1","max-image-preview":"max-image-preview:large","max-video-preview":"max-video-preview:-1"},"canonical":"https:\/\/www.chg.at\/en\/de-minimis-beihilfen-neue-meldepflichten-seit-1-jaenner-2026\/","og_locale":"en_US","og_type":"article","og_title":"CHG","og_description":"CHG","og_url":"https:\/\/www.chg.at\/en\/de-minimis-beihilfen-neue-meldepflichten-seit-1-jaenner-2026\/","og_site_name":"CHG Czernich Rechtsanw\u00e4lte \u2013 Wir bewegen Wirtschaft","article_published_time":"2026-02-11T10:55:34+00:00","article_modified_time":"2026-02-16T08:17:27+00:00","og_image":[{"width":920,"height":581,"url":"https:\/\/www.chg.at\/wp-content\/uploads\/2026\/02\/Sparschwein-e1771229843456.png","type":"image\/png"}],"author":"Rebekka Harb","twitter_card":"summary_large_image","twitter_misc":{"Written by":"Rebekka Harb","Est. reading time":"6 minutes"},"schema":{"@context":"https:\/\/schema.org","@graph":[{"@type":"Article","@id":"https:\/\/www.chg.at\/en\/de-minimis-beihilfen-neue-meldepflichten-seit-1-jaenner-2026\/#article","isPartOf":{"@id":"https:\/\/www.chg.at\/en\/de-minimis-beihilfen-neue-meldepflichten-seit-1-jaenner-2026\/"},"author":{"name":"Rebekka Harb","@id":"https:\/\/www.chg.at\/en\/#\/schema\/person\/3b2cf5222bbdc308d5c3611b8a160193"},"headline":"De-minimis-Beihilfen: Neue Meldepflichten seit 1. J\u00e4nner 2026","datePublished":"2026-02-11T10:55:34+00:00","dateModified":"2026-02-16T08:17:27+00:00","mainEntityOfPage":{"@id":"https:\/\/www.chg.at\/en\/de-minimis-beihilfen-neue-meldepflichten-seit-1-jaenner-2026\/"},"wordCount":1186,"publisher":{"@id":"https:\/\/www.chg.at\/en\/#organization"},"keywords":["\u00d6ffentliche Auftraggeber","Vergaberecht","Vergaberichtlinien"],"articleSection":["CHG News","Kanzlei","\u00d6ffentliches Wirtschaftsrecht und Vergaberecht"],"inLanguage":"en-US"},{"@type":"WebPage","@id":"https:\/\/www.chg.at\/en\/de-minimis-beihilfen-neue-meldepflichten-seit-1-jaenner-2026\/","url":"https:\/\/www.chg.at\/en\/de-minimis-beihilfen-neue-meldepflichten-seit-1-jaenner-2026\/","name":"De-minimis-Beihilfen: Neue Meldepflichten seit 1. J\u00e4nner 2026 - CHG Czernich Rechtsanw\u00e4lte \u2013 Wir bewegen Wirtschaft","isPartOf":{"@id":"https:\/\/www.chg.at\/en\/#website"},"datePublished":"2026-02-11T10:55:34+00:00","dateModified":"2026-02-16T08:17:27+00:00","description":"Ab 1. J\u00e4nner 2026 treten voraussichtlich neue, gesenkte EU-Schwellenwerte in Kraft \u2013 mit sp\u00fcrbaren Auswirkungen auf k\u00fcnftige Vergabeverfahren.","breadcrumb":{"@id":"https:\/\/www.chg.at\/en\/de-minimis-beihilfen-neue-meldepflichten-seit-1-jaenner-2026\/#breadcrumb"},"inLanguage":"en-US","potentialAction":[{"@type":"ReadAction","target":["https:\/\/www.chg.at\/en\/de-minimis-beihilfen-neue-meldepflichten-seit-1-jaenner-2026\/"]}]},{"@type":"BreadcrumbList","@id":"https:\/\/www.chg.at\/en\/de-minimis-beihilfen-neue-meldepflichten-seit-1-jaenner-2026\/#breadcrumb","itemListElement":[{"@type":"ListItem","position":1,"name":"Startseite","item":"https:\/\/www.chg.at\/en\/"},{"@type":"ListItem","position":2,"name":"De-minimis-Beihilfen: Neue Meldepflichten seit 1. J\u00e4nner 2026"}]},{"@type":"WebSite","@id":"https:\/\/www.chg.at\/en\/#website","url":"https:\/\/www.chg.at\/en\/","name":"CHG Czernich Rechtsanw\u00e4lte \u2013 Wir bewegen Wirtschaft","description":"Wir sorgen f\u00fcr Klarheit, wenn es rechtlich kompliziert wird. In jeder Phase Ihrer Unternehmungen. Sie ergreifen die Chancen. Wir verwandeln Risiken in L\u00f6sungen.","publisher":{"@id":"https:\/\/www.chg.at\/en\/#organization"},"potentialAction":[{"@type":"SearchAction","target":{"@type":"EntryPoint","urlTemplate":"https:\/\/www.chg.at\/en\/?s={search_term_string}"},"query-input":"required name=search_term_string"}],"inLanguage":"en-US"},{"@type":"Organization","@id":"https:\/\/www.chg.at\/en\/#organization","name":"CHG Czernich Rechtsanw\u00e4lte","url":"https:\/\/www.chg.at\/en\/","sameAs":["https:\/\/www.linkedin.com\/company\/12773263\/admin\/dashboard\/"],"logo":{"@type":"ImageObject","inLanguage":"en-US","@id":"https:\/\/www.chg.at\/en\/#\/schema\/logo\/image\/","url":"https:\/\/www.chg.at\/wp-content\/uploads\/2016\/08\/CHG_logo_250_1.png","contentUrl":"https:\/\/www.chg.at\/wp-content\/uploads\/2016\/08\/CHG_logo_250_1.png","width":250,"height":33,"caption":"CHG Czernich Rechtsanw\u00e4lte"},"image":{"@id":"https:\/\/www.chg.at\/en\/#\/schema\/logo\/image\/"}},{"@type":"Person","@id":"https:\/\/www.chg.at\/en\/#\/schema\/person\/3b2cf5222bbdc308d5c3611b8a160193","name":"Rebekka Harb"}]}},"_links":{"self":[{"href":"https:\/\/www.chg.at\/en\/wp-json\/wp\/v2\/posts\/28273"}],"collection":[{"href":"https:\/\/www.chg.at\/en\/wp-json\/wp\/v2\/posts"}],"about":[{"href":"https:\/\/www.chg.at\/en\/wp-json\/wp\/v2\/types\/post"}],"author":[{"embeddable":true,"href":"https:\/\/www.chg.at\/en\/wp-json\/wp\/v2\/users\/17"}],"replies":[{"embeddable":true,"href":"https:\/\/www.chg.at\/en\/wp-json\/wp\/v2\/comments?post=28273"}],"version-history":[{"count":9,"href":"https:\/\/www.chg.at\/en\/wp-json\/wp\/v2\/posts\/28273\/revisions"}],"predecessor-version":[{"id":28284,"href":"https:\/\/www.chg.at\/en\/wp-json\/wp\/v2\/posts\/28273\/revisions\/28284"}],"wp:featuredmedia":[{"embeddable":true,"href":"https:\/\/www.chg.at\/en\/wp-json\/wp\/v2\/media\/28275"}],"wp:attachment":[{"href":"https:\/\/www.chg.at\/en\/wp-json\/wp\/v2\/media?parent=28273"}],"wp:term":[{"taxonomy":"category","embeddable":true,"href":"https:\/\/www.chg.at\/en\/wp-json\/wp\/v2\/categories?post=28273"},{"taxonomy":"post_tag","embeddable":true,"href":"https:\/\/www.chg.at\/en\/wp-json\/wp\/v2\/tags?post=28273"}],"curies":[{"name":"wp","href":"https:\/\/api.w.org\/{rel}","templated":true}]}}