{"id":28902,"date":"2026-04-28T14:49:18","date_gmt":"2026-04-28T12:49:18","guid":{"rendered":"https:\/\/www.chg.at\/?p=28902"},"modified":"2026-04-28T14:52:02","modified_gmt":"2026-04-28T12:52:02","slug":"innsbrucker-forum-fuer-bank-und-versicherungsrecht-2026","status":"publish","type":"post","link":"https:\/\/www.chg.at\/en\/innsbrucker-forum-fuer-bank-und-versicherungsrecht-2026\/","title":{"rendered":"Innsbrucker Forum f\u00fcr Bank- und Versicherungsrecht 2026"},"content":{"rendered":"<style type=\"text\/css\"> \n#cmsmasters_row_69f16bb18d6c21_61941625 .cmsmasters_row_outer_parent { \n\tpadding-top: 30px; \n} \n\n#cmsmasters_row_69f16bb18d6c21_61941625 .cmsmasters_row_outer_parent { \n\tpadding-bottom: 30px; \n} \n\n \n#cmsmasters_row_69f16bb18d8705_55375027 .cmsmasters_row_outer_parent { \n\tpadding-top: 0px; \n} \n\n#cmsmasters_row_69f16bb18d8705_55375027 .cmsmasters_row_outer_parent { \n\tpadding-bottom: 50px; \n} \n\n<\/style><div id=\"cmsmasters_row_69f16bb18d6c21_61941625\" class=\"cmsmasters_row cmsmasters_color_scheme_default cmsmasters_row_top_default cmsmasters_row_bot_default cmsmasters_row_boxed\">\n<div class=\"cmsmasters_row_outer_parent\">\n<div class=\"cmsmasters_row_outer\">\n<div class=\"cmsmasters_row_inner\">\n<div class=\"cmsmasters_row_margin\">\n<div class=\"cmsmasters_column one_first\">\n<div class=\"cmsmasters_text\">\n<h1><span lang=\"DE\" style=\"color: #d43555;\">Innsbrucker Forum f\u00fcr Bank- und Versicherungsrecht 2026<\/span><\/h1>\n<p>Beim diesj\u00e4hrigen\u00a0<a href=\"https:\/\/www.innsbrucker-forum.at\/innsbrucker-forum-2026\/\">Forum f\u00fcr Bank- und Versicherungsrecht\u00a0<\/a>am 24.04.2026 \u00fcbernahm unser Partner und Leiter der Praxisgruppe Banking &amp; Finance,\u00a0<a href=\"https:\/\/www.chg.at\/profile\/daniel-tamerl\/\"><em>Daniel Tamerl<\/em><\/a>, den Vorsitz der Diskussion zum Kreditsicherungsrecht im Anschluss an den Vortrag von Univ.-Prof. Mag. Dr. Alexander Schopper (Institut f\u00fcr Unternehmensrecht, Universit\u00e4t Innsbruck) zu offenen Fragen der f\u00fcr die Bankenpraxis \u00e4u\u00dferst relevanten Patronatserkl\u00e4rung.<\/p>\n<p>Das Forum war mit \u00fcber 120 Teilnehmer:innen aus Wissenschaft und Praxis sehr gut besucht und bot einmal mehr eine hervorragende Gelegenheit zum fachlichen Austausch.<\/p>\n<p>Die Mitwirkung an dieser renommierten Tagung unterstreicht den Anspruch unserer Kanzlei, aktuelle Entwicklungen im Bank- und Finanzrecht nicht nur beratend zu begleiten, sondern auch im Dialog mit der Wissenschaft weiterzuentwickeln.<\/p>\n<p>Wir danken f\u00fcr die spannenden Impulse und freuen uns auf die Fortsetzung dieses wichtigen Austauschs.<\/p>\n<\/div>\n<\/div>\n<\/div>\n<\/div>\n<\/div>\n<\/div>\n<\/div>\n<div id=\"cmsmasters_row_69f16bb18d8705_55375027\" class=\"cmsmasters_row cmsmasters_color_scheme_default cmsmasters_row_top_default cmsmasters_row_bot_default cmsmasters_row_boxed\">\n<div class=\"cmsmasters_row_outer_parent\">\n<div class=\"cmsmasters_row_outer\">\n<div class=\"cmsmasters_row_inner\">\n<div class=\"cmsmasters_row_margin\">\n<div class=\"cmsmasters_column one_first\">\n<div class=\"cmsmasters_img  cmsmasters_image_n\">\n<img src=\"https:\/\/www.chg.at\/wp-content\/uploads\/2026\/04\/Schopper_Tamerl-scaled-3.jpg\" \/>\n<\/div>\n<\/div>\n<\/div>\n<\/div>\n<\/div>\n<\/div>\n<\/div>\n\n","protected":false},"excerpt":{"rendered":"<p>Starker fachlicher Austausch beim Innsbrucker Forum f\u00fcr Bank- und Versicherungsrecht 2026 mit wertvollen Impulsen aus Wissenschaft und Praxis.<\/p>\n","protected":false},"author":16,"featured_media":28904,"comment_status":"closed","ping_status":"open","sticky":false,"template":"","format":"image","meta":{"inline_featured_image":false},"categories":[108,8,9],"tags":[],"yoast_head":"<!-- This site is optimized with the Yoast SEO plugin v19.8 - https:\/\/yoast.com\/wordpress\/plugins\/seo\/ -->\n<title>Innsbrucker Forum f\u00fcr Bank- und Versicherungsrecht 2026 - CHG Czernich Rechtsanw\u00e4lte \u2013 Wir bewegen Wirtschaft<\/title>\n<meta name=\"description\" content=\"Starker fachlicher Austausch beim Innsbrucker Forum f\u00fcr Bank- und Versicherungsrecht 2026 mit wertvollen Impulsen.\" \/>\n<meta name=\"robots\" content=\"index, follow, max-snippet:-1, max-image-preview:large, max-video-preview:-1\" \/>\n<link rel=\"canonical\" href=\"https:\/\/www.chg.at\/en\/innsbrucker-forum-fuer-bank-und-versicherungsrecht-2026\/\" \/>\n<meta property=\"og:locale\" content=\"en_US\" \/>\n<meta property=\"og:type\" content=\"article\" \/>\n<meta property=\"og:title\" content=\"CHG\" \/>\n<meta property=\"og:description\" content=\"CHG\" \/>\n<meta property=\"og:url\" content=\"https:\/\/www.chg.at\/en\/innsbrucker-forum-fuer-bank-und-versicherungsrecht-2026\/\" \/>\n<meta property=\"og:site_name\" content=\"CHG Czernich Rechtsanw\u00e4lte \u2013 Wir bewegen Wirtschaft\" \/>\n<meta property=\"article:published_time\" content=\"2026-04-28T12:49:18+00:00\" \/>\n<meta property=\"article:modified_time\" content=\"2026-04-28T12:52:02+00:00\" \/>\n<meta property=\"og:image\" content=\"https:\/\/www.chg.at\/wp-content\/uploads\/2026\/04\/Saal-scaled-1-scaled-e1777380442729.jpg\" \/>\n\t<meta property=\"og:image:width\" content=\"2560\" \/>\n\t<meta property=\"og:image:height\" content=\"1491\" \/>\n\t<meta property=\"og:image:type\" content=\"image\/jpeg\" \/>\n<meta name=\"author\" content=\"Selina Reichholf\" \/>\n<meta name=\"twitter:card\" content=\"summary_large_image\" \/>\n<meta name=\"twitter:label1\" content=\"Written by\" \/>\n\t<meta name=\"twitter:data1\" content=\"Selina Reichholf\" \/>\n\t<meta name=\"twitter:label2\" content=\"Est. reading time\" \/>\n\t<meta name=\"twitter:data2\" content=\"1 minute\" \/>\n<script type=\"application\/ld+json\" class=\"yoast-schema-graph\">{\"@context\":\"https:\/\/schema.org\",\"@graph\":[{\"@type\":\"Article\",\"@id\":\"https:\/\/www.chg.at\/en\/innsbrucker-forum-fuer-bank-und-versicherungsrecht-2026\/#article\",\"isPartOf\":{\"@id\":\"https:\/\/www.chg.at\/en\/innsbrucker-forum-fuer-bank-und-versicherungsrecht-2026\/\"},\"author\":{\"name\":\"Selina Reichholf\",\"@id\":\"https:\/\/www.chg.at\/en\/#\/schema\/person\/1a03a341ca78135e646a1e10d229c9f5\"},\"headline\":\"Innsbrucker Forum f\u00fcr Bank- und Versicherungsrecht 2026\",\"datePublished\":\"2026-04-28T12:49:18+00:00\",\"dateModified\":\"2026-04-28T12:52:02+00:00\",\"mainEntityOfPage\":{\"@id\":\"https:\/\/www.chg.at\/en\/innsbrucker-forum-fuer-bank-und-versicherungsrecht-2026\/\"},\"wordCount\":268,\"publisher\":{\"@id\":\"https:\/\/www.chg.at\/en\/#organization\"},\"articleSection\":[\"Banking &amp; Finance\",\"CHG News\",\"Kanzlei\"],\"inLanguage\":\"en-US\"},{\"@type\":\"WebPage\",\"@id\":\"https:\/\/www.chg.at\/en\/innsbrucker-forum-fuer-bank-und-versicherungsrecht-2026\/\",\"url\":\"https:\/\/www.chg.at\/en\/innsbrucker-forum-fuer-bank-und-versicherungsrecht-2026\/\",\"name\":\"Innsbrucker Forum f\u00fcr Bank- und Versicherungsrecht 2026 - CHG Czernich Rechtsanw\u00e4lte \u2013 Wir bewegen Wirtschaft\",\"isPartOf\":{\"@id\":\"https:\/\/www.chg.at\/en\/#website\"},\"datePublished\":\"2026-04-28T12:49:18+00:00\",\"dateModified\":\"2026-04-28T12:52:02+00:00\",\"description\":\"Starker fachlicher Austausch beim Innsbrucker Forum f\u00fcr Bank- und Versicherungsrecht 2026 mit wertvollen Impulsen.\",\"breadcrumb\":{\"@id\":\"https:\/\/www.chg.at\/en\/innsbrucker-forum-fuer-bank-und-versicherungsrecht-2026\/#breadcrumb\"},\"inLanguage\":\"en-US\",\"potentialAction\":[{\"@type\":\"ReadAction\",\"target\":[\"https:\/\/www.chg.at\/en\/innsbrucker-forum-fuer-bank-und-versicherungsrecht-2026\/\"]}]},{\"@type\":\"BreadcrumbList\",\"@id\":\"https:\/\/www.chg.at\/en\/innsbrucker-forum-fuer-bank-und-versicherungsrecht-2026\/#breadcrumb\",\"itemListElement\":[{\"@type\":\"ListItem\",\"position\":1,\"name\":\"Startseite\",\"item\":\"https:\/\/www.chg.at\/en\/\"},{\"@type\":\"ListItem\",\"position\":2,\"name\":\"Innsbrucker Forum f\u00fcr Bank- und Versicherungsrecht 2026\"}]},{\"@type\":\"WebSite\",\"@id\":\"https:\/\/www.chg.at\/en\/#website\",\"url\":\"https:\/\/www.chg.at\/en\/\",\"name\":\"CHG Czernich Rechtsanw\u00e4lte \u2013 Wir bewegen Wirtschaft\",\"description\":\"Wir sorgen f\u00fcr Klarheit, wenn es rechtlich kompliziert wird. In jeder Phase Ihrer Unternehmungen. Sie ergreifen die Chancen. Wir verwandeln Risiken in L\u00f6sungen.\",\"publisher\":{\"@id\":\"https:\/\/www.chg.at\/en\/#organization\"},\"potentialAction\":[{\"@type\":\"SearchAction\",\"target\":{\"@type\":\"EntryPoint\",\"urlTemplate\":\"https:\/\/www.chg.at\/en\/?s={search_term_string}\"},\"query-input\":\"required name=search_term_string\"}],\"inLanguage\":\"en-US\"},{\"@type\":\"Organization\",\"@id\":\"https:\/\/www.chg.at\/en\/#organization\",\"name\":\"CHG Czernich Rechtsanw\u00e4lte\",\"url\":\"https:\/\/www.chg.at\/en\/\",\"sameAs\":[\"https:\/\/www.linkedin.com\/company\/12773263\/admin\/dashboard\/\"],\"logo\":{\"@type\":\"ImageObject\",\"inLanguage\":\"en-US\",\"@id\":\"https:\/\/www.chg.at\/en\/#\/schema\/logo\/image\/\",\"url\":\"https:\/\/www.chg.at\/wp-content\/uploads\/2016\/08\/CHG_logo_250_1.png\",\"contentUrl\":\"https:\/\/www.chg.at\/wp-content\/uploads\/2016\/08\/CHG_logo_250_1.png\",\"width\":250,\"height\":33,\"caption\":\"CHG Czernich Rechtsanw\u00e4lte\"},\"image\":{\"@id\":\"https:\/\/www.chg.at\/en\/#\/schema\/logo\/image\/\"}},{\"@type\":\"Person\",\"@id\":\"https:\/\/www.chg.at\/en\/#\/schema\/person\/1a03a341ca78135e646a1e10d229c9f5\",\"name\":\"Selina Reichholf\"}]}<\/script>\n<!-- \/ Yoast SEO plugin. -->","yoast_head_json":{"title":"Innsbrucker Forum f\u00fcr Bank- und Versicherungsrecht 2026 - CHG Czernich Rechtsanw\u00e4lte \u2013 Wir bewegen Wirtschaft","description":"Starker fachlicher Austausch beim Innsbrucker Forum f\u00fcr Bank- und Versicherungsrecht 2026 mit wertvollen Impulsen.","robots":{"index":"index","follow":"follow","max-snippet":"max-snippet:-1","max-image-preview":"max-image-preview:large","max-video-preview":"max-video-preview:-1"},"canonical":"https:\/\/www.chg.at\/en\/innsbrucker-forum-fuer-bank-und-versicherungsrecht-2026\/","og_locale":"en_US","og_type":"article","og_title":"CHG","og_description":"CHG","og_url":"https:\/\/www.chg.at\/en\/innsbrucker-forum-fuer-bank-und-versicherungsrecht-2026\/","og_site_name":"CHG Czernich Rechtsanw\u00e4lte \u2013 Wir bewegen Wirtschaft","article_published_time":"2026-04-28T12:49:18+00:00","article_modified_time":"2026-04-28T12:52:02+00:00","og_image":[{"width":2560,"height":1491,"url":"https:\/\/www.chg.at\/wp-content\/uploads\/2026\/04\/Saal-scaled-1-scaled-e1777380442729.jpg","type":"image\/jpeg"}],"author":"Selina Reichholf","twitter_card":"summary_large_image","twitter_misc":{"Written by":"Selina Reichholf","Est. reading time":"1 minute"},"schema":{"@context":"https:\/\/schema.org","@graph":[{"@type":"Article","@id":"https:\/\/www.chg.at\/en\/innsbrucker-forum-fuer-bank-und-versicherungsrecht-2026\/#article","isPartOf":{"@id":"https:\/\/www.chg.at\/en\/innsbrucker-forum-fuer-bank-und-versicherungsrecht-2026\/"},"author":{"name":"Selina Reichholf","@id":"https:\/\/www.chg.at\/en\/#\/schema\/person\/1a03a341ca78135e646a1e10d229c9f5"},"headline":"Innsbrucker Forum f\u00fcr Bank- und Versicherungsrecht 2026","datePublished":"2026-04-28T12:49:18+00:00","dateModified":"2026-04-28T12:52:02+00:00","mainEntityOfPage":{"@id":"https:\/\/www.chg.at\/en\/innsbrucker-forum-fuer-bank-und-versicherungsrecht-2026\/"},"wordCount":268,"publisher":{"@id":"https:\/\/www.chg.at\/en\/#organization"},"articleSection":["Banking &amp; Finance","CHG News","Kanzlei"],"inLanguage":"en-US"},{"@type":"WebPage","@id":"https:\/\/www.chg.at\/en\/innsbrucker-forum-fuer-bank-und-versicherungsrecht-2026\/","url":"https:\/\/www.chg.at\/en\/innsbrucker-forum-fuer-bank-und-versicherungsrecht-2026\/","name":"Innsbrucker Forum f\u00fcr Bank- und Versicherungsrecht 2026 - CHG Czernich Rechtsanw\u00e4lte \u2013 Wir bewegen Wirtschaft","isPartOf":{"@id":"https:\/\/www.chg.at\/en\/#website"},"datePublished":"2026-04-28T12:49:18+00:00","dateModified":"2026-04-28T12:52:02+00:00","description":"Starker fachlicher Austausch beim Innsbrucker Forum f\u00fcr Bank- und Versicherungsrecht 2026 mit wertvollen Impulsen.","breadcrumb":{"@id":"https:\/\/www.chg.at\/en\/innsbrucker-forum-fuer-bank-und-versicherungsrecht-2026\/#breadcrumb"},"inLanguage":"en-US","potentialAction":[{"@type":"ReadAction","target":["https:\/\/www.chg.at\/en\/innsbrucker-forum-fuer-bank-und-versicherungsrecht-2026\/"]}]},{"@type":"BreadcrumbList","@id":"https:\/\/www.chg.at\/en\/innsbrucker-forum-fuer-bank-und-versicherungsrecht-2026\/#breadcrumb","itemListElement":[{"@type":"ListItem","position":1,"name":"Startseite","item":"https:\/\/www.chg.at\/en\/"},{"@type":"ListItem","position":2,"name":"Innsbrucker Forum f\u00fcr Bank- und Versicherungsrecht 2026"}]},{"@type":"WebSite","@id":"https:\/\/www.chg.at\/en\/#website","url":"https:\/\/www.chg.at\/en\/","name":"CHG Czernich Rechtsanw\u00e4lte \u2013 Wir bewegen Wirtschaft","description":"Wir sorgen f\u00fcr Klarheit, wenn es rechtlich kompliziert wird. In jeder Phase Ihrer Unternehmungen. Sie ergreifen die Chancen. Wir verwandeln Risiken in L\u00f6sungen.","publisher":{"@id":"https:\/\/www.chg.at\/en\/#organization"},"potentialAction":[{"@type":"SearchAction","target":{"@type":"EntryPoint","urlTemplate":"https:\/\/www.chg.at\/en\/?s={search_term_string}"},"query-input":"required name=search_term_string"}],"inLanguage":"en-US"},{"@type":"Organization","@id":"https:\/\/www.chg.at\/en\/#organization","name":"CHG Czernich Rechtsanw\u00e4lte","url":"https:\/\/www.chg.at\/en\/","sameAs":["https:\/\/www.linkedin.com\/company\/12773263\/admin\/dashboard\/"],"logo":{"@type":"ImageObject","inLanguage":"en-US","@id":"https:\/\/www.chg.at\/en\/#\/schema\/logo\/image\/","url":"https:\/\/www.chg.at\/wp-content\/uploads\/2016\/08\/CHG_logo_250_1.png","contentUrl":"https:\/\/www.chg.at\/wp-content\/uploads\/2016\/08\/CHG_logo_250_1.png","width":250,"height":33,"caption":"CHG Czernich Rechtsanw\u00e4lte"},"image":{"@id":"https:\/\/www.chg.at\/en\/#\/schema\/logo\/image\/"}},{"@type":"Person","@id":"https:\/\/www.chg.at\/en\/#\/schema\/person\/1a03a341ca78135e646a1e10d229c9f5","name":"Selina Reichholf"}]}},"_links":{"self":[{"href":"https:\/\/www.chg.at\/en\/wp-json\/wp\/v2\/posts\/28902"}],"collection":[{"href":"https:\/\/www.chg.at\/en\/wp-json\/wp\/v2\/posts"}],"about":[{"href":"https:\/\/www.chg.at\/en\/wp-json\/wp\/v2\/types\/post"}],"author":[{"embeddable":true,"href":"https:\/\/www.chg.at\/en\/wp-json\/wp\/v2\/users\/16"}],"replies":[{"embeddable":true,"href":"https:\/\/www.chg.at\/en\/wp-json\/wp\/v2\/comments?post=28902"}],"version-history":[{"count":5,"href":"https:\/\/www.chg.at\/en\/wp-json\/wp\/v2\/posts\/28902\/revisions"}],"predecessor-version":[{"id":28915,"href":"https:\/\/www.chg.at\/en\/wp-json\/wp\/v2\/posts\/28902\/revisions\/28915"}],"wp:featuredmedia":[{"embeddable":true,"href":"https:\/\/www.chg.at\/en\/wp-json\/wp\/v2\/media\/28904"}],"wp:attachment":[{"href":"https:\/\/www.chg.at\/en\/wp-json\/wp\/v2\/media?parent=28902"}],"wp:term":[{"taxonomy":"category","embeddable":true,"href":"https:\/\/www.chg.at\/en\/wp-json\/wp\/v2\/categories?post=28902"},{"taxonomy":"post_tag","embeddable":true,"href":"https:\/\/www.chg.at\/en\/wp-json\/wp\/v2\/tags?post=28902"}],"curies":[{"name":"wp","href":"https:\/\/api.w.org\/{rel}","templated":true}]}}