{"id":8286,"date":"2016-02-25T14:07:59","date_gmt":"2016-02-25T13:07:59","guid":{"rendered":"http:\/\/www.chg.at\/?p=8286\/"},"modified":"2017-03-09T12:17:01","modified_gmt":"2017-03-09T11:17:01","slug":"informationsveranstaltung-zur-vergaberechtsnovelle","status":"publish","type":"post","link":"https:\/\/www.chg.at\/en\/informationsveranstaltung-zur-vergaberechtsnovelle\/","title":{"rendered":"Informationsveranstaltung zur Vergaberechtsnovelle"},"content":{"rendered":"<style type=\"text\/css\"> \n#cmsmasters_row_69f2e38c5e3046_37764584 .cmsmasters_row_outer_parent { \n\tpadding-top: 0px; \n} \n\n#cmsmasters_row_69f2e38c5e3046_37764584 .cmsmasters_row_outer_parent { \n\tpadding-bottom: 50px; \n} \n\n \n#cmsmasters_row_69f2e38c5e5842_95095186 .cmsmasters_row_outer_parent { \n\tpadding-top: 0px; \n} \n\n#cmsmasters_row_69f2e38c5e5842_95095186 .cmsmasters_row_outer_parent { \n\tpadding-bottom: 40px; \n} \n\n\n#cmsmasters_button_69f2e38c5e6975_55922276 { \n\tfloat:left; \n} \n\n#cmsmasters_button_69f2e38c5e6975_55922276 .cmsmasters_button:before { \n\tmargin-right:.5em; \n\tmargin-left:0; \n\tvertical-align:baseline; \n} \n\n#cmsmasters_button_69f2e38c5e6975_55922276 .cmsmasters_button { \n\tfont-weight:normal; \n\tfont-style:normal; \n\tborder-style:solid; \n} \n#cmsmasters_button_69f2e38c5e6975_55922276 .cmsmasters_button:hover { \n} \n \n#cmsmasters_divider_69f2e38c5e6fa8_85934253 { \n\tborder-bottom-width:1px; \n\tborder-bottom-style:dotted; \n\tpadding-top:20px; \n\tmargin-bottom:20px; \n\tborder-bottom-color:#aaaaaa;\n} \n<\/style><div id=\"cmsmasters_row_69f2e38c5e3046_37764584\" class=\"cmsmasters_row cmsmasters_color_scheme_default cmsmasters_row_top_default cmsmasters_row_bot_default cmsmasters_row_boxed\">\n<div class=\"cmsmasters_row_outer_parent\">\n<div class=\"cmsmasters_row_outer\">\n<div class=\"cmsmasters_row_inner\">\n<div class=\"cmsmasters_row_margin\">\n<div class=\"cmsmasters_column one_first\">\n<div class=\"cmsmasters_text\">\n<h1 style=\"text-align: left;\">Informationsveranstaltung zur Vergaberechtsnovelle am 02.03.2016<\/h1>\n<h3 style=\"text-align: left;\"><span style=\"color: #d43555;\">Novelle 2015 zum Bundesvergabegesetz<br \/>\n<\/span><\/h3>\n<div class=\"cmsmasters_dropcap type1\">B<\/div><strong>estbieterprinzip, Subunternehmerkette, Verwaltungsstrafevidenz<\/strong> Die neuen Vergaberichtlinien der EU aus dem Jahr 2014 sind bis 18.04.2016 auch in \u00f6sterreichisches Recht umzusetzen. Der Gesetzgeber hat sich f\u00fcr zwei Novellen entschieden: eine \u201ekleine\u201d Novelle 2015 und eine \u201egro\u00dfe\u201d Novelle 2016. Nach einer Verz\u00f6gerung der Novelle 2015 im Bundesrat durch die Abgeordneten des Bundeslandes Tirol im November 2015 wurde die Novelle am 11.12.2015 im Nationalrat und am 17.12.2015 im Bundesrat beschlossen. Der Gesetzesbeschluss wurde den L\u00e4ndern zur Zustimmung \u00fcbermittelt. Sofern binnen 8 Wochen nach Zustellung kein Land die Zustimmung verweigert, wird der Gesetzesbeschluss ver\u00f6ffentlicht. Das Inkrafttreten ist mit 01.03.2016 vorgesehen. Die wichtigsten Neuerungen sind:<\/p>\n<ul>\n<li><strong>Bestbieterprinzip<\/strong><br \/>\nverpflichtendes Bestbieterprinzip bei bestimmten Auftragsvergaben<\/li>\n<\/ul>\n<ul>\n<li><strong>Subunternehmerketten<\/strong><br \/>\nSt\u00e4rkung der Information und der Kontrollm\u00f6glichkeit des Auftraggebers im Hinblick auf die bei Ausf\u00fchrung des Auftrages tats\u00e4chlich eingesetzten Unternehmer<\/li>\n<\/ul>\n<ul>\n<li><strong>Bek\u00e4mpfung des Lohn- und Sozialdumpings<\/strong><br \/>\nVerpflichtende Einholung einer Auskunft aus der Verwaltungsstrafevidenz des Kompetenzzentrums LSDB durch den Auftraggeber<\/li>\n<\/ul>\n<p style=\"text-align: left;\">Wir informieren \u00fcber die wesentlichen \u00c4nderungen des Vergaberechts und die Auswirkungen auf die Praxis. Es besteht die Gelegenheit f\u00fcr Fragen und zur Diskussion.<b><\/b><\/p>\n<p style=\"text-align: left;\" align=\"RIGHT\"><strong>Termin<\/strong><br \/>\nMittwoch, 02. M\u00e4rz 2016<br \/>\n16:00 Uhr \u2013 ca. 17:30 Uhr<\/p>\n<p style=\"text-align: left;\" align=\"RIGHT\"><strong>Ort<\/strong><br \/>\nCHG Czernich Rechtsanw\u00e4lte<br \/>\nBozner Platz 4, 6020 Innsbruck<\/p>\n<p style=\"text-align: left;\" align=\"RIGHT\"><strong>Referent<\/strong><br \/>\nRA Dr. G\u00fcnther Gast, LL.M.<\/p>\n<p style=\"text-align: left;\" align=\"RIGHT\"><strong>Unkostenbeitrag<\/strong><br \/>\n\u20ac 50,\u2013 zuz\u00fcglich 20 % USt<\/p>\n<p style=\"text-align: left;\">Im Anschluss an die Veranstaltung laden wir zu einem entspannten Glas Wein.<br \/>\nWir ersuchen Sie um Anmeldung per E-Mail bis Freitag, 26.02.2016 an innsbruck@chg.at<\/p>\n<\/div>\n<\/div>\n<\/div>\n<\/div>\n<\/div>\n<\/div>\n<\/div>\n<div id=\"cmsmasters_row_69f2e38c5e5842_95095186\" class=\"cmsmasters_row cmsmasters_color_scheme_default cmsmasters_row_top_default cmsmasters_row_bot_default cmsmasters_row_boxed\">\n<div class=\"cmsmasters_row_outer_parent\">\n<div class=\"cmsmasters_row_outer\">\n<div class=\"cmsmasters_row_inner\">\n<div class=\"cmsmasters_row_margin\">\n<div class=\"cmsmasters_column one_half\">\n<div class=\"cmsmasters_text\">\n<p><strong>Einladung zur Informationsveranstaltung: Novelle 2015 zum Bundesvergabegesetz<\/strong><br \/>\nTermin: 02. M\u00e4rz 2016<\/p>\n<\/div>\n\n<div id=\"cmsmasters_button_69f2e38c5e6975_55922276\" class=\"button_wrap\"><a href=\"\/wp-content\/uploads\/2016\/10\/CHG-Einladung-Novelle-2015-zum-BVergG.pdf\" class=\"ripple cmsmasters_button\" data-animation=\"fadeInUp\" data-delay=\"0\"><span>PDF ansehen<\/span><\/a><\/div>\n\n<div id=\"cmsmasters_divider_69f2e38c5e6fa8_85934253\" class=\"cmsmasters_divider cmsmasters_divider_width_long cmsmasters_divider_pos_left\"><\/div>\n<\/div>\n<div class=\"cmsmasters_column one_half\">\n<\/div>\n<\/div>\n<\/div>\n<\/div>\n<\/div>\n<\/div>\n\n","protected":false},"excerpt":{"rendered":"<p>Wie sollen wir mit dem Bestbieterprinzip in der Praxis umgehen<\/p>\n","protected":false},"author":2,"featured_media":7460,"comment_status":"closed","ping_status":"open","sticky":false,"template":"","format":"image","meta":{"inline_featured_image":false},"categories":[42,56,54],"tags":[],"yoast_head":"<!-- This site is optimized with the Yoast SEO plugin v19.8 - https:\/\/yoast.com\/wordpress\/plugins\/seo\/ -->\n<title>Informationsveranstaltung zur Vergaberechtsnovelle &ndash; CHG Czernich Rechtsanw\u00e4lte \u2013 Wir bewegen Wirtschaft<\/title>\n<meta name=\"description\" content=\"CHG Czernich Rechtsanw\u00e4lte - News\" \/>\n<meta name=\"robots\" content=\"index, follow, max-snippet:-1, max-image-preview:large, max-video-preview:-1\" \/>\n<link rel=\"canonical\" href=\"https:\/\/www.chg.at\/en\/informationsveranstaltung-zur-vergaberechtsnovelle\/\" \/>\n<meta property=\"og:locale\" content=\"en_US\" \/>\n<meta property=\"og:type\" content=\"article\" \/>\n<meta property=\"og:title\" content=\"Informationsveranstaltung zur Vergaberechtsnovelle &ndash; CHG Czernich Rechtsanw\u00e4lte \u2013 Wir bewegen Wirtschaft\" \/>\n<meta property=\"og:description\" content=\"CHG Czernich Rechtsanw\u00e4lte - News\" \/>\n<meta property=\"og:url\" content=\"https:\/\/www.chg.at\/en\/informationsveranstaltung-zur-vergaberechtsnovelle\/\" \/>\n<meta property=\"og:site_name\" content=\"CHG Czernich Rechtsanw\u00e4lte \u2013 Wir bewegen Wirtschaft\" \/>\n<meta property=\"article:published_time\" content=\"2016-02-25T13:07:59+00:00\" \/>\n<meta property=\"article:modified_time\" content=\"2017-03-09T11:17:01+00:00\" \/>\n<meta property=\"og:image\" content=\"https:\/\/www.chg.at\/wp-content\/uploads\/2016\/10\/CHG_Neuigkeiten_03.jpg\" \/>\n\t<meta property=\"og:image:width\" content=\"1160\" \/>\n\t<meta property=\"og:image:height\" content=\"580\" \/>\n\t<meta property=\"og:image:type\" content=\"image\/jpeg\" \/>\n<meta name=\"author\" content=\"G\u00fcnther Gast\" \/>\n<meta name=\"twitter:card\" content=\"summary_large_image\" \/>\n<meta name=\"twitter:label1\" content=\"Written by\" \/>\n\t<meta name=\"twitter:data1\" content=\"G\u00fcnther Gast\" \/>\n\t<meta name=\"twitter:label2\" content=\"Est. reading time\" \/>\n\t<meta name=\"twitter:data2\" content=\"2 minutes\" \/>\n<script type=\"application\/ld+json\" class=\"yoast-schema-graph\">{\"@context\":\"https:\/\/schema.org\",\"@graph\":[{\"@type\":\"Article\",\"@id\":\"https:\/\/www.chg.at\/en\/informationsveranstaltung-zur-vergaberechtsnovelle\/#article\",\"isPartOf\":{\"@id\":\"https:\/\/www.chg.at\/en\/informationsveranstaltung-zur-vergaberechtsnovelle\/\"},\"author\":{\"name\":\"G\u00fcnther Gast\",\"@id\":\"https:\/\/www.chg.at\/en\/#\/schema\/person\/42aef9ae5bda6a94080e62b8f2afa506\"},\"headline\":\"Informationsveranstaltung zur Vergaberechtsnovelle\",\"datePublished\":\"2016-02-25T13:07:59+00:00\",\"dateModified\":\"2017-03-09T11:17:01+00:00\",\"mainEntityOfPage\":{\"@id\":\"https:\/\/www.chg.at\/en\/informationsveranstaltung-zur-vergaberechtsnovelle\/\"},\"wordCount\":396,\"publisher\":{\"@id\":\"https:\/\/www.chg.at\/en\/#organization\"},\"articleSection\":[\"CHG News\",\"Kanzlei\",\"Veranstaltung\"],\"inLanguage\":\"en-US\"},{\"@type\":\"WebPage\",\"@id\":\"https:\/\/www.chg.at\/en\/informationsveranstaltung-zur-vergaberechtsnovelle\/\",\"url\":\"https:\/\/www.chg.at\/en\/informationsveranstaltung-zur-vergaberechtsnovelle\/\",\"name\":\"Informationsveranstaltung zur Vergaberechtsnovelle &ndash; CHG Czernich Rechtsanw\u00e4lte \u2013 Wir bewegen Wirtschaft\",\"isPartOf\":{\"@id\":\"https:\/\/www.chg.at\/en\/#website\"},\"datePublished\":\"2016-02-25T13:07:59+00:00\",\"dateModified\":\"2017-03-09T11:17:01+00:00\",\"description\":\"CHG Czernich Rechtsanw\u00e4lte - News\",\"breadcrumb\":{\"@id\":\"https:\/\/www.chg.at\/en\/informationsveranstaltung-zur-vergaberechtsnovelle\/#breadcrumb\"},\"inLanguage\":\"en-US\",\"potentialAction\":[{\"@type\":\"ReadAction\",\"target\":[\"https:\/\/www.chg.at\/en\/informationsveranstaltung-zur-vergaberechtsnovelle\/\"]}]},{\"@type\":\"BreadcrumbList\",\"@id\":\"https:\/\/www.chg.at\/en\/informationsveranstaltung-zur-vergaberechtsnovelle\/#breadcrumb\",\"itemListElement\":[{\"@type\":\"ListItem\",\"position\":1,\"name\":\"Startseite\",\"item\":\"https:\/\/www.chg.at\/en\/\"},{\"@type\":\"ListItem\",\"position\":2,\"name\":\"Informationsveranstaltung zur Vergaberechtsnovelle\"}]},{\"@type\":\"WebSite\",\"@id\":\"https:\/\/www.chg.at\/en\/#website\",\"url\":\"https:\/\/www.chg.at\/en\/\",\"name\":\"CHG Czernich Rechtsanw\u00e4lte \u2013 Wir bewegen Wirtschaft\",\"description\":\"Wir sorgen f\u00fcr Klarheit, wenn es rechtlich kompliziert wird. In jeder Phase Ihrer Unternehmungen. Sie ergreifen die Chancen. Wir verwandeln Risiken in L\u00f6sungen.\",\"publisher\":{\"@id\":\"https:\/\/www.chg.at\/en\/#organization\"},\"potentialAction\":[{\"@type\":\"SearchAction\",\"target\":{\"@type\":\"EntryPoint\",\"urlTemplate\":\"https:\/\/www.chg.at\/en\/?s={search_term_string}\"},\"query-input\":\"required name=search_term_string\"}],\"inLanguage\":\"en-US\"},{\"@type\":\"Organization\",\"@id\":\"https:\/\/www.chg.at\/en\/#organization\",\"name\":\"CHG Czernich Rechtsanw\u00e4lte\",\"url\":\"https:\/\/www.chg.at\/en\/\",\"sameAs\":[\"https:\/\/www.linkedin.com\/company\/12773263\/admin\/dashboard\/\"],\"logo\":{\"@type\":\"ImageObject\",\"inLanguage\":\"en-US\",\"@id\":\"https:\/\/www.chg.at\/en\/#\/schema\/logo\/image\/\",\"url\":\"https:\/\/www.chg.at\/wp-content\/uploads\/2016\/08\/CHG_logo_250_1.png\",\"contentUrl\":\"https:\/\/www.chg.at\/wp-content\/uploads\/2016\/08\/CHG_logo_250_1.png\",\"width\":250,\"height\":33,\"caption\":\"CHG Czernich Rechtsanw\u00e4lte\"},\"image\":{\"@id\":\"https:\/\/www.chg.at\/en\/#\/schema\/logo\/image\/\"}},{\"@type\":\"Person\",\"@id\":\"https:\/\/www.chg.at\/en\/#\/schema\/person\/42aef9ae5bda6a94080e62b8f2afa506\",\"name\":\"G\u00fcnther Gast\"}]}<\/script>\n<!-- \/ Yoast SEO plugin. -->","yoast_head_json":{"title":"Informationsveranstaltung zur Vergaberechtsnovelle &ndash; CHG Czernich Rechtsanw\u00e4lte \u2013 Wir bewegen Wirtschaft","description":"CHG Czernich Rechtsanw\u00e4lte - News","robots":{"index":"index","follow":"follow","max-snippet":"max-snippet:-1","max-image-preview":"max-image-preview:large","max-video-preview":"max-video-preview:-1"},"canonical":"https:\/\/www.chg.at\/en\/informationsveranstaltung-zur-vergaberechtsnovelle\/","og_locale":"en_US","og_type":"article","og_title":"Informationsveranstaltung zur Vergaberechtsnovelle &ndash; CHG Czernich Rechtsanw\u00e4lte \u2013 Wir bewegen Wirtschaft","og_description":"CHG Czernich Rechtsanw\u00e4lte - News","og_url":"https:\/\/www.chg.at\/en\/informationsveranstaltung-zur-vergaberechtsnovelle\/","og_site_name":"CHG Czernich Rechtsanw\u00e4lte \u2013 Wir bewegen Wirtschaft","article_published_time":"2016-02-25T13:07:59+00:00","article_modified_time":"2017-03-09T11:17:01+00:00","og_image":[{"width":1160,"height":580,"url":"https:\/\/www.chg.at\/wp-content\/uploads\/2016\/10\/CHG_Neuigkeiten_03.jpg","type":"image\/jpeg"}],"author":"G\u00fcnther Gast","twitter_card":"summary_large_image","twitter_misc":{"Written by":"G\u00fcnther Gast","Est. reading time":"2 minutes"},"schema":{"@context":"https:\/\/schema.org","@graph":[{"@type":"Article","@id":"https:\/\/www.chg.at\/en\/informationsveranstaltung-zur-vergaberechtsnovelle\/#article","isPartOf":{"@id":"https:\/\/www.chg.at\/en\/informationsveranstaltung-zur-vergaberechtsnovelle\/"},"author":{"name":"G\u00fcnther Gast","@id":"https:\/\/www.chg.at\/en\/#\/schema\/person\/42aef9ae5bda6a94080e62b8f2afa506"},"headline":"Informationsveranstaltung zur Vergaberechtsnovelle","datePublished":"2016-02-25T13:07:59+00:00","dateModified":"2017-03-09T11:17:01+00:00","mainEntityOfPage":{"@id":"https:\/\/www.chg.at\/en\/informationsveranstaltung-zur-vergaberechtsnovelle\/"},"wordCount":396,"publisher":{"@id":"https:\/\/www.chg.at\/en\/#organization"},"articleSection":["CHG News","Kanzlei","Veranstaltung"],"inLanguage":"en-US"},{"@type":"WebPage","@id":"https:\/\/www.chg.at\/en\/informationsveranstaltung-zur-vergaberechtsnovelle\/","url":"https:\/\/www.chg.at\/en\/informationsveranstaltung-zur-vergaberechtsnovelle\/","name":"Informationsveranstaltung zur Vergaberechtsnovelle &ndash; CHG Czernich Rechtsanw\u00e4lte \u2013 Wir bewegen Wirtschaft","isPartOf":{"@id":"https:\/\/www.chg.at\/en\/#website"},"datePublished":"2016-02-25T13:07:59+00:00","dateModified":"2017-03-09T11:17:01+00:00","description":"CHG Czernich Rechtsanw\u00e4lte - News","breadcrumb":{"@id":"https:\/\/www.chg.at\/en\/informationsveranstaltung-zur-vergaberechtsnovelle\/#breadcrumb"},"inLanguage":"en-US","potentialAction":[{"@type":"ReadAction","target":["https:\/\/www.chg.at\/en\/informationsveranstaltung-zur-vergaberechtsnovelle\/"]}]},{"@type":"BreadcrumbList","@id":"https:\/\/www.chg.at\/en\/informationsveranstaltung-zur-vergaberechtsnovelle\/#breadcrumb","itemListElement":[{"@type":"ListItem","position":1,"name":"Startseite","item":"https:\/\/www.chg.at\/en\/"},{"@type":"ListItem","position":2,"name":"Informationsveranstaltung zur Vergaberechtsnovelle"}]},{"@type":"WebSite","@id":"https:\/\/www.chg.at\/en\/#website","url":"https:\/\/www.chg.at\/en\/","name":"CHG Czernich Rechtsanw\u00e4lte \u2013 Wir bewegen Wirtschaft","description":"Wir sorgen f\u00fcr Klarheit, wenn es rechtlich kompliziert wird. In jeder Phase Ihrer Unternehmungen. Sie ergreifen die Chancen. Wir verwandeln Risiken in L\u00f6sungen.","publisher":{"@id":"https:\/\/www.chg.at\/en\/#organization"},"potentialAction":[{"@type":"SearchAction","target":{"@type":"EntryPoint","urlTemplate":"https:\/\/www.chg.at\/en\/?s={search_term_string}"},"query-input":"required name=search_term_string"}],"inLanguage":"en-US"},{"@type":"Organization","@id":"https:\/\/www.chg.at\/en\/#organization","name":"CHG Czernich Rechtsanw\u00e4lte","url":"https:\/\/www.chg.at\/en\/","sameAs":["https:\/\/www.linkedin.com\/company\/12773263\/admin\/dashboard\/"],"logo":{"@type":"ImageObject","inLanguage":"en-US","@id":"https:\/\/www.chg.at\/en\/#\/schema\/logo\/image\/","url":"https:\/\/www.chg.at\/wp-content\/uploads\/2016\/08\/CHG_logo_250_1.png","contentUrl":"https:\/\/www.chg.at\/wp-content\/uploads\/2016\/08\/CHG_logo_250_1.png","width":250,"height":33,"caption":"CHG Czernich Rechtsanw\u00e4lte"},"image":{"@id":"https:\/\/www.chg.at\/en\/#\/schema\/logo\/image\/"}},{"@type":"Person","@id":"https:\/\/www.chg.at\/en\/#\/schema\/person\/42aef9ae5bda6a94080e62b8f2afa506","name":"G\u00fcnther Gast"}]}},"_links":{"self":[{"href":"https:\/\/www.chg.at\/en\/wp-json\/wp\/v2\/posts\/8286"}],"collection":[{"href":"https:\/\/www.chg.at\/en\/wp-json\/wp\/v2\/posts"}],"about":[{"href":"https:\/\/www.chg.at\/en\/wp-json\/wp\/v2\/types\/post"}],"author":[{"embeddable":true,"href":"https:\/\/www.chg.at\/en\/wp-json\/wp\/v2\/users\/2"}],"replies":[{"embeddable":true,"href":"https:\/\/www.chg.at\/en\/wp-json\/wp\/v2\/comments?post=8286"}],"version-history":[{"count":1,"href":"https:\/\/www.chg.at\/en\/wp-json\/wp\/v2\/posts\/8286\/revisions"}],"predecessor-version":[{"id":8296,"href":"https:\/\/www.chg.at\/en\/wp-json\/wp\/v2\/posts\/8286\/revisions\/8296"}],"wp:featuredmedia":[{"embeddable":true,"href":"https:\/\/www.chg.at\/en\/wp-json\/wp\/v2\/media\/7460"}],"wp:attachment":[{"href":"https:\/\/www.chg.at\/en\/wp-json\/wp\/v2\/media?parent=8286"}],"wp:term":[{"taxonomy":"category","embeddable":true,"href":"https:\/\/www.chg.at\/en\/wp-json\/wp\/v2\/categories?post=8286"},{"taxonomy":"post_tag","embeddable":true,"href":"https:\/\/www.chg.at\/en\/wp-json\/wp\/v2\/tags?post=8286"}],"curies":[{"name":"wp","href":"https:\/\/api.w.org\/{rel}","templated":true}]}}