{"id":9239,"date":"2017-12-04T11:55:43","date_gmt":"2017-12-04T10:55:43","guid":{"rendered":"https:\/\/www.chg.at\/20171204-marlene-wachter-haftungsfalle-verein-tt-recht-im-alltag\/"},"modified":"2018-02-01T12:30:02","modified_gmt":"2018-02-01T11:30:02","slug":"20171204-marlene-wachter-haftungsfalle-verein-tt-recht-im-alltag","status":"publish","type":"post","link":"https:\/\/www.chg.at\/en\/20171204-marlene-wachter-haftungsfalle-verein-tt-recht-im-alltag\/","title":{"rendered":"Haftungsfallen in Vereinen"},"content":{"rendered":"<style type=\"text\/css\"> \n#cmsmasters_row_69f2ce9ed8dd55_27725376 .cmsmasters_row_outer_parent { \n\tpadding-top: 0px; \n} \n\n#cmsmasters_row_69f2ce9ed8dd55_27725376 .cmsmasters_row_outer_parent { \n\tpadding-bottom: 0px; \n} \n\n<\/style><div id=\"cmsmasters_row_69f2ce9ed8dd55_27725376\" class=\"cmsmasters_row cmsmasters_color_scheme_default cmsmasters_row_top_default cmsmasters_row_bot_default cmsmasters_row_boxed\">\n<div class=\"cmsmasters_row_outer_parent\">\n<div class=\"cmsmasters_row_outer\">\n<div class=\"cmsmasters_row_inner\">\n<div class=\"cmsmasters_row_margin\">\n<div class=\"cmsmasters_column one_first\">\n<div class=\"cmsmasters_text\">\n<h1>Haftungsfalle Verein: Ehrenamt sch\u00fctzt nicht!<\/h1>\n<h3><span style=\"color: #d43555;\">Beitrag von CHG-Partneranw\u00e4ltin Marlene Wachter in der Tiroler Tageszeitung<\/span><\/h3>\n<div class=\"cmsmasters_dropcap type1\">U<\/div>nter der Rubrik &#8220;Recht im Alltag&#8221; ver\u00f6ffentlichte die Tiroler Tageszeitung am 24.11.2017 einen Beitrag von CHG- Partneranw\u00e4ltin Dr. Marlene Wachter \u00fcber Haftungsrisiken von Vereinsfunktion\u00e4ren.<\/p>\n<p>Den Beitrag k\u00f6nnen Sie <a href=\"http:\/\/www.tt.com\/home\/13672995-91\/haftungsfalle-verein-ehrenamt-sch%C3%BCtzt-nicht.csp\">hier<\/a> nachlesen.<\/p>\n<\/div>\n<\/div>\n<\/div>\n<\/div>\n<\/div>\n<\/div>\n<\/div>\n\n","protected":false},"excerpt":{"rendered":"<p>Beitrag in der TT von CHG-Anw\u00e4ltin Dr. Marlene Wachter<\/p>\n","protected":false},"author":3,"featured_media":8947,"comment_status":"closed","ping_status":"open","sticky":false,"template":"","format":"image","meta":{"inline_featured_image":false},"categories":[42],"tags":[],"yoast_head":"<!-- This site is optimized with the Yoast SEO plugin v19.8 - https:\/\/yoast.com\/wordpress\/plugins\/seo\/ -->\n<title>Haftungsfalle Verein - Marlene Wachter in der Rubrik Recht im Alltag in der TT<\/title>\n<meta name=\"description\" content=\"CHG Czernich Rechtsanw\u00e4lte, CHG Partneranw\u00e4ltin Marlene Wachter, Hafttungsfalle Verein, Rubrik Recht im Alltag in der Tiroler Tageszeitung\" \/>\n<meta name=\"robots\" content=\"index, follow, max-snippet:-1, max-image-preview:large, max-video-preview:-1\" \/>\n<link rel=\"canonical\" href=\"https:\/\/www.chg.at\/en\/20171204-marlene-wachter-haftungsfalle-verein-tt-recht-im-alltag\/\" \/>\n<meta property=\"og:locale\" content=\"en_US\" \/>\n<meta property=\"og:type\" content=\"article\" \/>\n<meta property=\"og:title\" content=\"ABC\" \/>\n<meta property=\"og:description\" content=\"DEF\" \/>\n<meta property=\"og:url\" content=\"https:\/\/www.chg.at\/en\/20171204-marlene-wachter-haftungsfalle-verein-tt-recht-im-alltag\/\" \/>\n<meta property=\"og:site_name\" content=\"CHG Czernich Rechtsanw\u00e4lte \u2013 Wir bewegen Wirtschaft\" \/>\n<meta property=\"article:published_time\" content=\"2017-12-04T10:55:43+00:00\" \/>\n<meta property=\"article:modified_time\" content=\"2018-02-01T11:30:02+00:00\" \/>\n<meta property=\"og:image\" content=\"https:\/\/www.chg.at\/wp-content\/uploads\/2017\/12\/Photo-by-Goh-Rhy-Yan-on-Unsplash_bearb.jpg\" \/>\n\t<meta property=\"og:image:width\" content=\"1160\" \/>\n\t<meta property=\"og:image:height\" content=\"580\" \/>\n\t<meta property=\"og:image:type\" content=\"image\/jpeg\" \/>\n<meta name=\"author\" content=\"Diana B\u00f6hme\" \/>\n<meta name=\"twitter:card\" content=\"summary_large_image\" \/>\n<meta name=\"twitter:label1\" content=\"Written by\" \/>\n\t<meta name=\"twitter:data1\" content=\"Diana B\u00f6hme\" \/>\n<script type=\"application\/ld+json\" class=\"yoast-schema-graph\">{\"@context\":\"https:\/\/schema.org\",\"@graph\":[{\"@type\":\"Article\",\"@id\":\"https:\/\/www.chg.at\/en\/20171204-marlene-wachter-haftungsfalle-verein-tt-recht-im-alltag\/#article\",\"isPartOf\":{\"@id\":\"https:\/\/www.chg.at\/en\/20171204-marlene-wachter-haftungsfalle-verein-tt-recht-im-alltag\/\"},\"author\":{\"name\":\"Diana B\u00f6hme\",\"@id\":\"https:\/\/www.chg.at\/en\/#\/schema\/person\/b3b2cd248a314cf8acc3db22217f03b4\"},\"headline\":\"Haftungsfallen in Vereinen\",\"datePublished\":\"2017-12-04T10:55:43+00:00\",\"dateModified\":\"2018-02-01T11:30:02+00:00\",\"mainEntityOfPage\":{\"@id\":\"https:\/\/www.chg.at\/en\/20171204-marlene-wachter-haftungsfalle-verein-tt-recht-im-alltag\/\"},\"wordCount\":95,\"publisher\":{\"@id\":\"https:\/\/www.chg.at\/en\/#organization\"},\"articleSection\":[\"CHG News\"],\"inLanguage\":\"en-US\"},{\"@type\":\"WebPage\",\"@id\":\"https:\/\/www.chg.at\/en\/20171204-marlene-wachter-haftungsfalle-verein-tt-recht-im-alltag\/\",\"url\":\"https:\/\/www.chg.at\/en\/20171204-marlene-wachter-haftungsfalle-verein-tt-recht-im-alltag\/\",\"name\":\"Haftungsfalle Verein - Marlene Wachter in der Rubrik Recht im Alltag in der TT\",\"isPartOf\":{\"@id\":\"https:\/\/www.chg.at\/en\/#website\"},\"datePublished\":\"2017-12-04T10:55:43+00:00\",\"dateModified\":\"2018-02-01T11:30:02+00:00\",\"description\":\"CHG Czernich Rechtsanw\u00e4lte, CHG Partneranw\u00e4ltin Marlene Wachter, Hafttungsfalle Verein, Rubrik Recht im Alltag in der Tiroler Tageszeitung\",\"breadcrumb\":{\"@id\":\"https:\/\/www.chg.at\/en\/20171204-marlene-wachter-haftungsfalle-verein-tt-recht-im-alltag\/#breadcrumb\"},\"inLanguage\":\"en-US\",\"potentialAction\":[{\"@type\":\"ReadAction\",\"target\":[\"https:\/\/www.chg.at\/en\/20171204-marlene-wachter-haftungsfalle-verein-tt-recht-im-alltag\/\"]}]},{\"@type\":\"BreadcrumbList\",\"@id\":\"https:\/\/www.chg.at\/en\/20171204-marlene-wachter-haftungsfalle-verein-tt-recht-im-alltag\/#breadcrumb\",\"itemListElement\":[{\"@type\":\"ListItem\",\"position\":1,\"name\":\"Startseite\",\"item\":\"https:\/\/www.chg.at\/en\/\"},{\"@type\":\"ListItem\",\"position\":2,\"name\":\"Haftungsfallen in Vereinen\"}]},{\"@type\":\"WebSite\",\"@id\":\"https:\/\/www.chg.at\/en\/#website\",\"url\":\"https:\/\/www.chg.at\/en\/\",\"name\":\"CHG Czernich Rechtsanw\u00e4lte \u2013 Wir bewegen Wirtschaft\",\"description\":\"Wir sorgen f\u00fcr Klarheit, wenn es rechtlich kompliziert wird. In jeder Phase Ihrer Unternehmungen. Sie ergreifen die Chancen. Wir verwandeln Risiken in L\u00f6sungen.\",\"publisher\":{\"@id\":\"https:\/\/www.chg.at\/en\/#organization\"},\"potentialAction\":[{\"@type\":\"SearchAction\",\"target\":{\"@type\":\"EntryPoint\",\"urlTemplate\":\"https:\/\/www.chg.at\/en\/?s={search_term_string}\"},\"query-input\":\"required name=search_term_string\"}],\"inLanguage\":\"en-US\"},{\"@type\":\"Organization\",\"@id\":\"https:\/\/www.chg.at\/en\/#organization\",\"name\":\"CHG Czernich Rechtsanw\u00e4lte\",\"url\":\"https:\/\/www.chg.at\/en\/\",\"sameAs\":[\"https:\/\/www.linkedin.com\/company\/12773263\/admin\/dashboard\/\"],\"logo\":{\"@type\":\"ImageObject\",\"inLanguage\":\"en-US\",\"@id\":\"https:\/\/www.chg.at\/en\/#\/schema\/logo\/image\/\",\"url\":\"https:\/\/www.chg.at\/wp-content\/uploads\/2016\/08\/CHG_logo_250_1.png\",\"contentUrl\":\"https:\/\/www.chg.at\/wp-content\/uploads\/2016\/08\/CHG_logo_250_1.png\",\"width\":250,\"height\":33,\"caption\":\"CHG Czernich Rechtsanw\u00e4lte\"},\"image\":{\"@id\":\"https:\/\/www.chg.at\/en\/#\/schema\/logo\/image\/\"}},{\"@type\":\"Person\",\"@id\":\"https:\/\/www.chg.at\/en\/#\/schema\/person\/b3b2cd248a314cf8acc3db22217f03b4\",\"name\":\"Diana B\u00f6hme\"}]}<\/script>\n<!-- \/ Yoast SEO plugin. -->","yoast_head_json":{"title":"Haftungsfalle Verein - Marlene Wachter in der Rubrik Recht im Alltag in der TT","description":"CHG Czernich Rechtsanw\u00e4lte, CHG Partneranw\u00e4ltin Marlene Wachter, Hafttungsfalle Verein, Rubrik Recht im Alltag in der Tiroler Tageszeitung","robots":{"index":"index","follow":"follow","max-snippet":"max-snippet:-1","max-image-preview":"max-image-preview:large","max-video-preview":"max-video-preview:-1"},"canonical":"https:\/\/www.chg.at\/en\/20171204-marlene-wachter-haftungsfalle-verein-tt-recht-im-alltag\/","og_locale":"en_US","og_type":"article","og_title":"ABC","og_description":"DEF","og_url":"https:\/\/www.chg.at\/en\/20171204-marlene-wachter-haftungsfalle-verein-tt-recht-im-alltag\/","og_site_name":"CHG Czernich Rechtsanw\u00e4lte \u2013 Wir bewegen Wirtschaft","article_published_time":"2017-12-04T10:55:43+00:00","article_modified_time":"2018-02-01T11:30:02+00:00","og_image":[{"width":1160,"height":580,"url":"https:\/\/www.chg.at\/wp-content\/uploads\/2017\/12\/Photo-by-Goh-Rhy-Yan-on-Unsplash_bearb.jpg","type":"image\/jpeg"}],"author":"Diana B\u00f6hme","twitter_card":"summary_large_image","twitter_misc":{"Written by":"Diana B\u00f6hme"},"schema":{"@context":"https:\/\/schema.org","@graph":[{"@type":"Article","@id":"https:\/\/www.chg.at\/en\/20171204-marlene-wachter-haftungsfalle-verein-tt-recht-im-alltag\/#article","isPartOf":{"@id":"https:\/\/www.chg.at\/en\/20171204-marlene-wachter-haftungsfalle-verein-tt-recht-im-alltag\/"},"author":{"name":"Diana B\u00f6hme","@id":"https:\/\/www.chg.at\/en\/#\/schema\/person\/b3b2cd248a314cf8acc3db22217f03b4"},"headline":"Haftungsfallen in Vereinen","datePublished":"2017-12-04T10:55:43+00:00","dateModified":"2018-02-01T11:30:02+00:00","mainEntityOfPage":{"@id":"https:\/\/www.chg.at\/en\/20171204-marlene-wachter-haftungsfalle-verein-tt-recht-im-alltag\/"},"wordCount":95,"publisher":{"@id":"https:\/\/www.chg.at\/en\/#organization"},"articleSection":["CHG News"],"inLanguage":"en-US"},{"@type":"WebPage","@id":"https:\/\/www.chg.at\/en\/20171204-marlene-wachter-haftungsfalle-verein-tt-recht-im-alltag\/","url":"https:\/\/www.chg.at\/en\/20171204-marlene-wachter-haftungsfalle-verein-tt-recht-im-alltag\/","name":"Haftungsfalle Verein - Marlene Wachter in der Rubrik Recht im Alltag in der TT","isPartOf":{"@id":"https:\/\/www.chg.at\/en\/#website"},"datePublished":"2017-12-04T10:55:43+00:00","dateModified":"2018-02-01T11:30:02+00:00","description":"CHG Czernich Rechtsanw\u00e4lte, CHG Partneranw\u00e4ltin Marlene Wachter, Hafttungsfalle Verein, Rubrik Recht im Alltag in der Tiroler Tageszeitung","breadcrumb":{"@id":"https:\/\/www.chg.at\/en\/20171204-marlene-wachter-haftungsfalle-verein-tt-recht-im-alltag\/#breadcrumb"},"inLanguage":"en-US","potentialAction":[{"@type":"ReadAction","target":["https:\/\/www.chg.at\/en\/20171204-marlene-wachter-haftungsfalle-verein-tt-recht-im-alltag\/"]}]},{"@type":"BreadcrumbList","@id":"https:\/\/www.chg.at\/en\/20171204-marlene-wachter-haftungsfalle-verein-tt-recht-im-alltag\/#breadcrumb","itemListElement":[{"@type":"ListItem","position":1,"name":"Startseite","item":"https:\/\/www.chg.at\/en\/"},{"@type":"ListItem","position":2,"name":"Haftungsfallen in Vereinen"}]},{"@type":"WebSite","@id":"https:\/\/www.chg.at\/en\/#website","url":"https:\/\/www.chg.at\/en\/","name":"CHG Czernich Rechtsanw\u00e4lte \u2013 Wir bewegen Wirtschaft","description":"Wir sorgen f\u00fcr Klarheit, wenn es rechtlich kompliziert wird. In jeder Phase Ihrer Unternehmungen. Sie ergreifen die Chancen. Wir verwandeln Risiken in L\u00f6sungen.","publisher":{"@id":"https:\/\/www.chg.at\/en\/#organization"},"potentialAction":[{"@type":"SearchAction","target":{"@type":"EntryPoint","urlTemplate":"https:\/\/www.chg.at\/en\/?s={search_term_string}"},"query-input":"required name=search_term_string"}],"inLanguage":"en-US"},{"@type":"Organization","@id":"https:\/\/www.chg.at\/en\/#organization","name":"CHG Czernich Rechtsanw\u00e4lte","url":"https:\/\/www.chg.at\/en\/","sameAs":["https:\/\/www.linkedin.com\/company\/12773263\/admin\/dashboard\/"],"logo":{"@type":"ImageObject","inLanguage":"en-US","@id":"https:\/\/www.chg.at\/en\/#\/schema\/logo\/image\/","url":"https:\/\/www.chg.at\/wp-content\/uploads\/2016\/08\/CHG_logo_250_1.png","contentUrl":"https:\/\/www.chg.at\/wp-content\/uploads\/2016\/08\/CHG_logo_250_1.png","width":250,"height":33,"caption":"CHG Czernich Rechtsanw\u00e4lte"},"image":{"@id":"https:\/\/www.chg.at\/en\/#\/schema\/logo\/image\/"}},{"@type":"Person","@id":"https:\/\/www.chg.at\/en\/#\/schema\/person\/b3b2cd248a314cf8acc3db22217f03b4","name":"Diana B\u00f6hme"}]}},"_links":{"self":[{"href":"https:\/\/www.chg.at\/en\/wp-json\/wp\/v2\/posts\/9239"}],"collection":[{"href":"https:\/\/www.chg.at\/en\/wp-json\/wp\/v2\/posts"}],"about":[{"href":"https:\/\/www.chg.at\/en\/wp-json\/wp\/v2\/types\/post"}],"author":[{"embeddable":true,"href":"https:\/\/www.chg.at\/en\/wp-json\/wp\/v2\/users\/3"}],"replies":[{"embeddable":true,"href":"https:\/\/www.chg.at\/en\/wp-json\/wp\/v2\/comments?post=9239"}],"version-history":[{"count":1,"href":"https:\/\/www.chg.at\/en\/wp-json\/wp\/v2\/posts\/9239\/revisions"}],"predecessor-version":[{"id":9240,"href":"https:\/\/www.chg.at\/en\/wp-json\/wp\/v2\/posts\/9239\/revisions\/9240"}],"wp:featuredmedia":[{"embeddable":true,"href":"https:\/\/www.chg.at\/en\/wp-json\/wp\/v2\/media\/8947"}],"wp:attachment":[{"href":"https:\/\/www.chg.at\/en\/wp-json\/wp\/v2\/media?parent=9239"}],"wp:term":[{"taxonomy":"category","embeddable":true,"href":"https:\/\/www.chg.at\/en\/wp-json\/wp\/v2\/categories?post=9239"},{"taxonomy":"post_tag","embeddable":true,"href":"https:\/\/www.chg.at\/en\/wp-json\/wp\/v2\/tags?post=9239"}],"curies":[{"name":"wp","href":"https:\/\/api.w.org\/{rel}","templated":true}]}}