{"id":9281,"date":"2017-10-12T10:55:07","date_gmt":"2017-10-12T08:55:07","guid":{"rendered":"https:\/\/www.chg.at\/20171005-chg-anwalltin-marlene-wachter-st-johanner-unternehmerfruehstueck\/"},"modified":"2019-12-12T16:24:27","modified_gmt":"2019-12-12T15:24:27","slug":"20171005-chg-anwalltin-marlene-wachter-st-johanner-unternehmerfruehstueck","status":"publish","type":"post","link":"https:\/\/www.chg.at\/en\/20171005-chg-anwalltin-marlene-wachter-st-johanner-unternehmerfruehstueck\/","title":{"rendered":"CHG-Anw\u00e4ltin Marlene Wachter beim 1. St. Johanner Unternehmerfr\u00fchst\u00fcck"},"content":{"rendered":"<style type=\"text\/css\"> \n#cmsmasters_row_69f2be0da95642_50422323 .cmsmasters_row_outer_parent { \n\tpadding-top: 0px; \n} \n\n#cmsmasters_row_69f2be0da95642_50422323 .cmsmasters_row_outer_parent { \n\tpadding-bottom: 0px; \n} \n\n\r\n\t\t\t\t#cmsmasters_gallery_69f2be0da98028_48281862 .cmsmasters_gallery {\r\n\t\t\t\t\tmargin:0 0 0 -10px;\r\n\t\t\t\t}\r\n\t\t\t\t\r\n\t\t\t\t#cmsmasters_gallery_69f2be0da98028_48281862 .cmsmasters_gallery .cmsmasters_gallery_item {\r\n\t\t\t\t\tpadding:0 0 10px 10px;\r\n\t\t\t\t}\r\n\t\t\t<\/style><div id=\"cmsmasters_row_69f2be0da95642_50422323\" class=\"cmsmasters_row cmsmasters_color_scheme_default cmsmasters_row_top_default cmsmasters_row_bot_default cmsmasters_row_boxed\">\n<div class=\"cmsmasters_row_outer_parent\">\n<div class=\"cmsmasters_row_outer\">\n<div class=\"cmsmasters_row_inner\">\n<div class=\"cmsmasters_row_margin\">\n<div class=\"cmsmasters_column one_first\">\n<div class=\"cmsmasters_text\">\n<h1><strong>St. Johanner Wirtschaftsforum lud zum 1. Unternehmerfr\u00fchst\u00fcck ein<\/strong><\/h1>\n<h3><span style=\"color: #d43555;\">Impulsvortrag von CHG-Anw\u00e4ltin Dr. Marlene Wachter<\/span><\/h3>\n<div class=\"cmsmasters_dropcap type1\">Am<\/div> 5. Oktober lud das Wirtschaftsforum St. Johann zum ersten St. Johanner Unternehmerfr\u00fchst\u00fcck und konnte sich \u00fcber zahlreiche Teilnehmer freuen. Marlene Wachter, Leiterin unserer St. Johanner Niederlassung, gab in ihrem Vortrag Tipps zur Vermeidung kostspieliger Irrt\u00fcmer im Arbeitsrecht. Beim gemeinsamen Fr\u00fchst\u00fcck hatten die anwesenden Wirtschaftstreibenden Gelegenheit zum Diskutieren und Netzwerken.<\/p>\n<p>&nbsp;<\/p>\n<p>Zum Weiterlesen: <a href=\"https:\/\/www.kitzanzeiger.at\/Am-Fruehstueckstisch-netzwerken_pid,17070,nid,91704,type,newsdetail.html\">Artikel im Kitzb\u00fcheler Anzeiger<\/a> vom 12.10.2017.<\/p>\n<p>Foto oben : Angelika Schmied-Hofinger, Obfrau des Wirtschaftsforums St. Johann, Prokurist Robert D\u00f6ttlinger von der Sparkasse, Marlene Wachter von CHG, Marije Moors vom Ortsmarketing St. Johann (\u00a9 Kitzb\u00fcheler Anzeiger \/ Galehr)<\/p>\n<p>Fotos unten:\u00a0\u00a9 Wirtschaftsforum St. Johann<\/p>\n<\/div>\n<div id=\"cmsmasters_gallery_69f2be0da98028_48281862\" class=\"cmsmasters_gallery_wrap\"><ul class=\"cmsmasters_gallery cmsmasters_1 cmsmasters_more_items_loader\"><li class=\"cmsmasters_gallery_item\"><figure><a href=\"https:\/\/www.chg.at\/wp-content\/uploads\/2017\/11\/DSC2905Unternehmerfr\u00fchst\u00fcck.jpg\" rel=\"ilightbox[69f2be0da98028_48281862]\"><img width=\"580\" height=\"387\" src=\"https:\/\/www.chg.at\/wp-content\/uploads\/2017\/11\/DSC2905Unternehmerfr\u00fchst\u00fcck-580x387.jpg\" class=\"attachment-cmsmasters-project-masonry-thumb size-cmsmasters-project-masonry-thumb\" alt=\"\" loading=\"lazy\" srcset=\"https:\/\/www.chg.at\/wp-content\/uploads\/2017\/11\/DSC2905Unternehmerfr\u00fchst\u00fcck-580x387.jpg 580w, https:\/\/www.chg.at\/wp-content\/uploads\/2017\/11\/DSC2905Unternehmerfr\u00fchst\u00fcck-300x200.jpg 300w, https:\/\/www.chg.at\/wp-content\/uploads\/2017\/11\/DSC2905Unternehmerfr\u00fchst\u00fcck-768x512.jpg 768w, https:\/\/www.chg.at\/wp-content\/uploads\/2017\/11\/DSC2905Unternehmerfr\u00fchst\u00fcck-860x574.jpg 860w, https:\/\/www.chg.at\/wp-content\/uploads\/2017\/11\/DSC2905Unternehmerfr\u00fchst\u00fcck.jpg 1000w\" sizes=\"(max-width: 580px) 100vw, 580px\" \/><\/a><\/figure><\/li><li class=\"cmsmasters_gallery_item\"><figure><a href=\"https:\/\/www.chg.at\/wp-content\/uploads\/2017\/11\/DSC2902Unternehmerfr\u00fchst\u00fcck.jpg\" rel=\"ilightbox[69f2be0da98028_48281862]\"><img width=\"580\" height=\"387\" src=\"https:\/\/www.chg.at\/wp-content\/uploads\/2017\/11\/DSC2902Unternehmerfr\u00fchst\u00fcck-580x387.jpg\" class=\"attachment-cmsmasters-project-masonry-thumb size-cmsmasters-project-masonry-thumb\" alt=\"\" loading=\"lazy\" srcset=\"https:\/\/www.chg.at\/wp-content\/uploads\/2017\/11\/DSC2902Unternehmerfr\u00fchst\u00fcck-580x387.jpg 580w, https:\/\/www.chg.at\/wp-content\/uploads\/2017\/11\/DSC2902Unternehmerfr\u00fchst\u00fcck-300x200.jpg 300w, https:\/\/www.chg.at\/wp-content\/uploads\/2017\/11\/DSC2902Unternehmerfr\u00fchst\u00fcck-768x512.jpg 768w, https:\/\/www.chg.at\/wp-content\/uploads\/2017\/11\/DSC2902Unternehmerfr\u00fchst\u00fcck-860x574.jpg 860w, https:\/\/www.chg.at\/wp-content\/uploads\/2017\/11\/DSC2902Unternehmerfr\u00fchst\u00fcck.jpg 1000w\" sizes=\"(max-width: 580px) 100vw, 580px\" \/><\/a><\/figure><\/li><li class=\"cmsmasters_gallery_item\"><figure><a href=\"https:\/\/www.chg.at\/wp-content\/uploads\/2017\/11\/DSC2897Unternehmerfr\u00fchst\u00fcck.jpg\" rel=\"ilightbox[69f2be0da98028_48281862]\"><img width=\"580\" height=\"387\" src=\"https:\/\/www.chg.at\/wp-content\/uploads\/2017\/11\/DSC2897Unternehmerfr\u00fchst\u00fcck-580x387.jpg\" class=\"attachment-cmsmasters-project-masonry-thumb size-cmsmasters-project-masonry-thumb\" alt=\"\" loading=\"lazy\" srcset=\"https:\/\/www.chg.at\/wp-content\/uploads\/2017\/11\/DSC2897Unternehmerfr\u00fchst\u00fcck-580x387.jpg 580w, https:\/\/www.chg.at\/wp-content\/uploads\/2017\/11\/DSC2897Unternehmerfr\u00fchst\u00fcck-300x200.jpg 300w, https:\/\/www.chg.at\/wp-content\/uploads\/2017\/11\/DSC2897Unternehmerfr\u00fchst\u00fcck-768x512.jpg 768w, https:\/\/www.chg.at\/wp-content\/uploads\/2017\/11\/DSC2897Unternehmerfr\u00fchst\u00fcck-860x574.jpg 860w, https:\/\/www.chg.at\/wp-content\/uploads\/2017\/11\/DSC2897Unternehmerfr\u00fchst\u00fcck.jpg 1000w\" sizes=\"(max-width: 580px) 100vw, 580px\" \/><\/a><\/figure><\/li><li class=\"cmsmasters_gallery_item\"><figure><a href=\"https:\/\/www.chg.at\/wp-content\/uploads\/2017\/11\/DSC2896Unternehmerfr\u00fchst\u00fcck.jpg\" rel=\"ilightbox[69f2be0da98028_48281862]\"><img width=\"580\" height=\"387\" src=\"https:\/\/www.chg.at\/wp-content\/uploads\/2017\/11\/DSC2896Unternehmerfr\u00fchst\u00fcck-580x387.jpg\" class=\"attachment-cmsmasters-project-masonry-thumb size-cmsmasters-project-masonry-thumb\" alt=\"\" loading=\"lazy\" srcset=\"https:\/\/www.chg.at\/wp-content\/uploads\/2017\/11\/DSC2896Unternehmerfr\u00fchst\u00fcck-580x387.jpg 580w, https:\/\/www.chg.at\/wp-content\/uploads\/2017\/11\/DSC2896Unternehmerfr\u00fchst\u00fcck-300x200.jpg 300w, https:\/\/www.chg.at\/wp-content\/uploads\/2017\/11\/DSC2896Unternehmerfr\u00fchst\u00fcck-768x512.jpg 768w, https:\/\/www.chg.at\/wp-content\/uploads\/2017\/11\/DSC2896Unternehmerfr\u00fchst\u00fcck-860x574.jpg 860w, https:\/\/www.chg.at\/wp-content\/uploads\/2017\/11\/DSC2896Unternehmerfr\u00fchst\u00fcck.jpg 1000w\" sizes=\"(max-width: 580px) 100vw, 580px\" \/><\/a><\/figure><\/li><\/ul><script type=\"text\/javascript\">\r\n\t\t\t\tjQuery(document).ready(function () {\r\n\t\t\t\t\t(function ($) {\r\n\t\t\t\t\t\tif ($('#cmsmasters_gallery_69f2be0da98028_48281862').find('.cmsmasters_gallery_item').length == '0') {\r\n\t\t\t\t\t\t\treturn false;\r\n\t\t\t\t\t\t}\r\n\t\t\t\t\t\t\r\n\t\t\t\t\t\t\r\n\t\t\t\t\t\tstartGallery( \r\n\t\t\t\t\t\t\t'69f2be0da98028_48281862', \r\n\t\t\t\t\t\t\t'grid', \r\n\t\t\t\t\t\t\t'false', \r\n\t\t\t\t\t\t\t'false'\r\n\t\t\t\t\t\t);\r\n\t\t\t\t\t} )(jQuery);\r\n\t\t\t\t} );\r\n\t\t\t<\/script>\r\n\t\t\t<\/div>\n<\/div>\n<\/div>\n<\/div>\n<\/div>\n<\/div>\n<\/div>\n\n","protected":false},"excerpt":{"rendered":"<p>CHG-Anw\u00e4ltin Marlene Wachter beim 1. St. Johanner Unternehmerfr\u00fchst\u00fcck<\/p>\n","protected":false},"author":3,"featured_media":8873,"comment_status":"closed","ping_status":"open","sticky":false,"template":"","format":"image","meta":{"inline_featured_image":false},"categories":[42,54],"tags":[],"yoast_head":"<!-- This site is optimized with the Yoast SEO plugin v19.8 - https:\/\/yoast.com\/wordpress\/plugins\/seo\/ -->\n<title>CHG Anw\u00e4ltin Dr. Marlene Wachter Vortrag beim 1. St. Johanner Unternehmerfr\u00fchst\u00fcck<\/title>\n<meta name=\"description\" content=\"CHG Anw\u00e4ltin Dr. Marlene Wachter tr\u00e4gt vor beim 1. St. Johanner Unternehmerfr\u00fchst\u00fcck des Wirtschaftsforums St. Johann\" \/>\n<meta name=\"robots\" content=\"index, follow, max-snippet:-1, max-image-preview:large, max-video-preview:-1\" \/>\n<link rel=\"canonical\" href=\"https:\/\/www.chg.at\/en\/20171005-chg-anwalltin-marlene-wachter-st-johanner-unternehmerfruehstueck\/\" \/>\n<meta property=\"og:locale\" content=\"en_US\" \/>\n<meta property=\"og:type\" content=\"article\" \/>\n<meta property=\"og:title\" content=\"ABC\" \/>\n<meta property=\"og:description\" content=\"DEF\" \/>\n<meta property=\"og:url\" content=\"https:\/\/www.chg.at\/en\/20171005-chg-anwalltin-marlene-wachter-st-johanner-unternehmerfruehstueck\/\" \/>\n<meta property=\"og:site_name\" content=\"CHG Czernich Rechtsanw\u00e4lte \u2013 Wir bewegen Wirtschaft\" \/>\n<meta property=\"article:published_time\" content=\"2017-10-12T08:55:07+00:00\" \/>\n<meta property=\"article:modified_time\" content=\"2019-12-12T15:24:27+00:00\" \/>\n<meta property=\"og:image\" content=\"https:\/\/www.chg.at\/wp-content\/uploads\/2017\/11\/fruehstueck-4sp-wirt-1.jpg\" \/>\n\t<meta property=\"og:image:width\" content=\"1160\" \/>\n\t<meta property=\"og:image:height\" content=\"580\" \/>\n\t<meta property=\"og:image:type\" content=\"image\/jpeg\" \/>\n<meta name=\"author\" content=\"Diana B\u00f6hme\" \/>\n<meta name=\"twitter:card\" content=\"summary_large_image\" \/>\n<meta name=\"twitter:label1\" content=\"Written by\" \/>\n\t<meta name=\"twitter:data1\" content=\"Diana B\u00f6hme\" \/>\n\t<meta name=\"twitter:label2\" content=\"Est. reading time\" \/>\n\t<meta name=\"twitter:data2\" content=\"1 minute\" \/>\n<script type=\"application\/ld+json\" class=\"yoast-schema-graph\">{\"@context\":\"https:\/\/schema.org\",\"@graph\":[{\"@type\":\"Article\",\"@id\":\"https:\/\/www.chg.at\/en\/20171005-chg-anwalltin-marlene-wachter-st-johanner-unternehmerfruehstueck\/#article\",\"isPartOf\":{\"@id\":\"https:\/\/www.chg.at\/en\/20171005-chg-anwalltin-marlene-wachter-st-johanner-unternehmerfruehstueck\/\"},\"author\":{\"name\":\"Diana B\u00f6hme\",\"@id\":\"https:\/\/www.chg.at\/en\/#\/schema\/person\/b3b2cd248a314cf8acc3db22217f03b4\"},\"headline\":\"CHG-Anw\u00e4ltin Marlene Wachter beim 1. St. Johanner Unternehmerfr\u00fchst\u00fcck\",\"datePublished\":\"2017-10-12T08:55:07+00:00\",\"dateModified\":\"2019-12-12T15:24:27+00:00\",\"mainEntityOfPage\":{\"@id\":\"https:\/\/www.chg.at\/en\/20171005-chg-anwalltin-marlene-wachter-st-johanner-unternehmerfruehstueck\/\"},\"wordCount\":236,\"publisher\":{\"@id\":\"https:\/\/www.chg.at\/en\/#organization\"},\"articleSection\":[\"CHG News\",\"Veranstaltung\"],\"inLanguage\":\"en-US\"},{\"@type\":\"WebPage\",\"@id\":\"https:\/\/www.chg.at\/en\/20171005-chg-anwalltin-marlene-wachter-st-johanner-unternehmerfruehstueck\/\",\"url\":\"https:\/\/www.chg.at\/en\/20171005-chg-anwalltin-marlene-wachter-st-johanner-unternehmerfruehstueck\/\",\"name\":\"CHG Anw\u00e4ltin Dr. Marlene Wachter Vortrag beim 1. St. Johanner Unternehmerfr\u00fchst\u00fcck\",\"isPartOf\":{\"@id\":\"https:\/\/www.chg.at\/en\/#website\"},\"datePublished\":\"2017-10-12T08:55:07+00:00\",\"dateModified\":\"2019-12-12T15:24:27+00:00\",\"description\":\"CHG Anw\u00e4ltin Dr. Marlene Wachter tr\u00e4gt vor beim 1. St. Johanner Unternehmerfr\u00fchst\u00fcck des Wirtschaftsforums St. Johann\",\"breadcrumb\":{\"@id\":\"https:\/\/www.chg.at\/en\/20171005-chg-anwalltin-marlene-wachter-st-johanner-unternehmerfruehstueck\/#breadcrumb\"},\"inLanguage\":\"en-US\",\"potentialAction\":[{\"@type\":\"ReadAction\",\"target\":[\"https:\/\/www.chg.at\/en\/20171005-chg-anwalltin-marlene-wachter-st-johanner-unternehmerfruehstueck\/\"]}]},{\"@type\":\"BreadcrumbList\",\"@id\":\"https:\/\/www.chg.at\/en\/20171005-chg-anwalltin-marlene-wachter-st-johanner-unternehmerfruehstueck\/#breadcrumb\",\"itemListElement\":[{\"@type\":\"ListItem\",\"position\":1,\"name\":\"Startseite\",\"item\":\"https:\/\/www.chg.at\/en\/\"},{\"@type\":\"ListItem\",\"position\":2,\"name\":\"CHG-Anw\u00e4ltin Marlene Wachter beim 1. St. Johanner Unternehmerfr\u00fchst\u00fcck\"}]},{\"@type\":\"WebSite\",\"@id\":\"https:\/\/www.chg.at\/en\/#website\",\"url\":\"https:\/\/www.chg.at\/en\/\",\"name\":\"CHG Czernich Rechtsanw\u00e4lte \u2013 Wir bewegen Wirtschaft\",\"description\":\"Wir sorgen f\u00fcr Klarheit, wenn es rechtlich kompliziert wird. In jeder Phase Ihrer Unternehmungen. Sie ergreifen die Chancen. Wir verwandeln Risiken in L\u00f6sungen.\",\"publisher\":{\"@id\":\"https:\/\/www.chg.at\/en\/#organization\"},\"potentialAction\":[{\"@type\":\"SearchAction\",\"target\":{\"@type\":\"EntryPoint\",\"urlTemplate\":\"https:\/\/www.chg.at\/en\/?s={search_term_string}\"},\"query-input\":\"required name=search_term_string\"}],\"inLanguage\":\"en-US\"},{\"@type\":\"Organization\",\"@id\":\"https:\/\/www.chg.at\/en\/#organization\",\"name\":\"CHG Czernich Rechtsanw\u00e4lte\",\"url\":\"https:\/\/www.chg.at\/en\/\",\"sameAs\":[\"https:\/\/www.linkedin.com\/company\/12773263\/admin\/dashboard\/\"],\"logo\":{\"@type\":\"ImageObject\",\"inLanguage\":\"en-US\",\"@id\":\"https:\/\/www.chg.at\/en\/#\/schema\/logo\/image\/\",\"url\":\"https:\/\/www.chg.at\/wp-content\/uploads\/2016\/08\/CHG_logo_250_1.png\",\"contentUrl\":\"https:\/\/www.chg.at\/wp-content\/uploads\/2016\/08\/CHG_logo_250_1.png\",\"width\":250,\"height\":33,\"caption\":\"CHG Czernich Rechtsanw\u00e4lte\"},\"image\":{\"@id\":\"https:\/\/www.chg.at\/en\/#\/schema\/logo\/image\/\"}},{\"@type\":\"Person\",\"@id\":\"https:\/\/www.chg.at\/en\/#\/schema\/person\/b3b2cd248a314cf8acc3db22217f03b4\",\"name\":\"Diana B\u00f6hme\"}]}<\/script>\n<!-- \/ Yoast SEO plugin. -->","yoast_head_json":{"title":"CHG Anw\u00e4ltin Dr. Marlene Wachter Vortrag beim 1. St. Johanner Unternehmerfr\u00fchst\u00fcck","description":"CHG Anw\u00e4ltin Dr. Marlene Wachter tr\u00e4gt vor beim 1. St. Johanner Unternehmerfr\u00fchst\u00fcck des Wirtschaftsforums St. Johann","robots":{"index":"index","follow":"follow","max-snippet":"max-snippet:-1","max-image-preview":"max-image-preview:large","max-video-preview":"max-video-preview:-1"},"canonical":"https:\/\/www.chg.at\/en\/20171005-chg-anwalltin-marlene-wachter-st-johanner-unternehmerfruehstueck\/","og_locale":"en_US","og_type":"article","og_title":"ABC","og_description":"DEF","og_url":"https:\/\/www.chg.at\/en\/20171005-chg-anwalltin-marlene-wachter-st-johanner-unternehmerfruehstueck\/","og_site_name":"CHG Czernich Rechtsanw\u00e4lte \u2013 Wir bewegen Wirtschaft","article_published_time":"2017-10-12T08:55:07+00:00","article_modified_time":"2019-12-12T15:24:27+00:00","og_image":[{"width":1160,"height":580,"url":"https:\/\/www.chg.at\/wp-content\/uploads\/2017\/11\/fruehstueck-4sp-wirt-1.jpg","type":"image\/jpeg"}],"author":"Diana B\u00f6hme","twitter_card":"summary_large_image","twitter_misc":{"Written by":"Diana B\u00f6hme","Est. reading time":"1 minute"},"schema":{"@context":"https:\/\/schema.org","@graph":[{"@type":"Article","@id":"https:\/\/www.chg.at\/en\/20171005-chg-anwalltin-marlene-wachter-st-johanner-unternehmerfruehstueck\/#article","isPartOf":{"@id":"https:\/\/www.chg.at\/en\/20171005-chg-anwalltin-marlene-wachter-st-johanner-unternehmerfruehstueck\/"},"author":{"name":"Diana B\u00f6hme","@id":"https:\/\/www.chg.at\/en\/#\/schema\/person\/b3b2cd248a314cf8acc3db22217f03b4"},"headline":"CHG-Anw\u00e4ltin Marlene Wachter beim 1. St. Johanner Unternehmerfr\u00fchst\u00fcck","datePublished":"2017-10-12T08:55:07+00:00","dateModified":"2019-12-12T15:24:27+00:00","mainEntityOfPage":{"@id":"https:\/\/www.chg.at\/en\/20171005-chg-anwalltin-marlene-wachter-st-johanner-unternehmerfruehstueck\/"},"wordCount":236,"publisher":{"@id":"https:\/\/www.chg.at\/en\/#organization"},"articleSection":["CHG News","Veranstaltung"],"inLanguage":"en-US"},{"@type":"WebPage","@id":"https:\/\/www.chg.at\/en\/20171005-chg-anwalltin-marlene-wachter-st-johanner-unternehmerfruehstueck\/","url":"https:\/\/www.chg.at\/en\/20171005-chg-anwalltin-marlene-wachter-st-johanner-unternehmerfruehstueck\/","name":"CHG Anw\u00e4ltin Dr. Marlene Wachter Vortrag beim 1. St. Johanner Unternehmerfr\u00fchst\u00fcck","isPartOf":{"@id":"https:\/\/www.chg.at\/en\/#website"},"datePublished":"2017-10-12T08:55:07+00:00","dateModified":"2019-12-12T15:24:27+00:00","description":"CHG Anw\u00e4ltin Dr. Marlene Wachter tr\u00e4gt vor beim 1. St. Johanner Unternehmerfr\u00fchst\u00fcck des Wirtschaftsforums St. Johann","breadcrumb":{"@id":"https:\/\/www.chg.at\/en\/20171005-chg-anwalltin-marlene-wachter-st-johanner-unternehmerfruehstueck\/#breadcrumb"},"inLanguage":"en-US","potentialAction":[{"@type":"ReadAction","target":["https:\/\/www.chg.at\/en\/20171005-chg-anwalltin-marlene-wachter-st-johanner-unternehmerfruehstueck\/"]}]},{"@type":"BreadcrumbList","@id":"https:\/\/www.chg.at\/en\/20171005-chg-anwalltin-marlene-wachter-st-johanner-unternehmerfruehstueck\/#breadcrumb","itemListElement":[{"@type":"ListItem","position":1,"name":"Startseite","item":"https:\/\/www.chg.at\/en\/"},{"@type":"ListItem","position":2,"name":"CHG-Anw\u00e4ltin Marlene Wachter beim 1. St. Johanner Unternehmerfr\u00fchst\u00fcck"}]},{"@type":"WebSite","@id":"https:\/\/www.chg.at\/en\/#website","url":"https:\/\/www.chg.at\/en\/","name":"CHG Czernich Rechtsanw\u00e4lte \u2013 Wir bewegen Wirtschaft","description":"Wir sorgen f\u00fcr Klarheit, wenn es rechtlich kompliziert wird. In jeder Phase Ihrer Unternehmungen. Sie ergreifen die Chancen. Wir verwandeln Risiken in L\u00f6sungen.","publisher":{"@id":"https:\/\/www.chg.at\/en\/#organization"},"potentialAction":[{"@type":"SearchAction","target":{"@type":"EntryPoint","urlTemplate":"https:\/\/www.chg.at\/en\/?s={search_term_string}"},"query-input":"required name=search_term_string"}],"inLanguage":"en-US"},{"@type":"Organization","@id":"https:\/\/www.chg.at\/en\/#organization","name":"CHG Czernich Rechtsanw\u00e4lte","url":"https:\/\/www.chg.at\/en\/","sameAs":["https:\/\/www.linkedin.com\/company\/12773263\/admin\/dashboard\/"],"logo":{"@type":"ImageObject","inLanguage":"en-US","@id":"https:\/\/www.chg.at\/en\/#\/schema\/logo\/image\/","url":"https:\/\/www.chg.at\/wp-content\/uploads\/2016\/08\/CHG_logo_250_1.png","contentUrl":"https:\/\/www.chg.at\/wp-content\/uploads\/2016\/08\/CHG_logo_250_1.png","width":250,"height":33,"caption":"CHG Czernich Rechtsanw\u00e4lte"},"image":{"@id":"https:\/\/www.chg.at\/en\/#\/schema\/logo\/image\/"}},{"@type":"Person","@id":"https:\/\/www.chg.at\/en\/#\/schema\/person\/b3b2cd248a314cf8acc3db22217f03b4","name":"Diana B\u00f6hme"}]}},"_links":{"self":[{"href":"https:\/\/www.chg.at\/en\/wp-json\/wp\/v2\/posts\/9281"}],"collection":[{"href":"https:\/\/www.chg.at\/en\/wp-json\/wp\/v2\/posts"}],"about":[{"href":"https:\/\/www.chg.at\/en\/wp-json\/wp\/v2\/types\/post"}],"author":[{"embeddable":true,"href":"https:\/\/www.chg.at\/en\/wp-json\/wp\/v2\/users\/3"}],"replies":[{"embeddable":true,"href":"https:\/\/www.chg.at\/en\/wp-json\/wp\/v2\/comments?post=9281"}],"version-history":[{"count":4,"href":"https:\/\/www.chg.at\/en\/wp-json\/wp\/v2\/posts\/9281\/revisions"}],"predecessor-version":[{"id":11446,"href":"https:\/\/www.chg.at\/en\/wp-json\/wp\/v2\/posts\/9281\/revisions\/11446"}],"wp:featuredmedia":[{"embeddable":true,"href":"https:\/\/www.chg.at\/en\/wp-json\/wp\/v2\/media\/8873"}],"wp:attachment":[{"href":"https:\/\/www.chg.at\/en\/wp-json\/wp\/v2\/media?parent=9281"}],"wp:term":[{"taxonomy":"category","embeddable":true,"href":"https:\/\/www.chg.at\/en\/wp-json\/wp\/v2\/categories?post=9281"},{"taxonomy":"post_tag","embeddable":true,"href":"https:\/\/www.chg.at\/en\/wp-json\/wp\/v2\/tags?post=9281"}],"curies":[{"name":"wp","href":"https:\/\/api.w.org\/{rel}","templated":true}]}}