{"id":9287,"date":"2017-07-04T22:47:31","date_gmt":"2017-07-04T20:47:31","guid":{"rendered":"https:\/\/www.chg.at\/20170622-kanzleifest-ogh-praesident-ratz\/"},"modified":"2018-05-24T18:55:41","modified_gmt":"2018-05-24T16:55:41","slug":"20170622-kanzleifest-ogh-praesident-ratz","status":"publish","type":"post","link":"https:\/\/www.chg.at\/en\/20170622-kanzleifest-ogh-praesident-ratz\/","title":{"rendered":"CHG Kanzleifeier 2017"},"content":{"rendered":"<style type=\"text\/css\"> \n#cmsmasters_row_69f1b7ce9c0d12_36080807 .cmsmasters_row_outer_parent { \n\tpadding-top: 0px; \n} \n\n#cmsmasters_row_69f1b7ce9c0d12_36080807 .cmsmasters_row_outer_parent { \n\tpadding-bottom: 0px; \n} \n\n<\/style><div id=\"cmsmasters_row_69f1b7ce9c0d12_36080807\" class=\"cmsmasters_row cmsmasters_color_scheme_default cmsmasters_row_top_default cmsmasters_row_bot_default cmsmasters_row_boxed\">\n<div class=\"cmsmasters_row_outer_parent\">\n<div class=\"cmsmasters_row_outer\">\n<div class=\"cmsmasters_row_inner\">\n<div class=\"cmsmasters_row_margin\">\n<div class=\"cmsmasters_column one_first\">\n<div class=\"cmsmasters_text\">\n<h1><strong>CHG-Kanzleifeier: neuer Partner und Vortrag des OGH-Pr\u00e4sidenten<\/strong><\/h1>\n<h3><\/h3>\n<h3><span style=\"color: #d43555;\">&#8220;Meet the President&#8221; lautete das Motto der Kanzleifeier am 22. Juni 2017. Zu den Feierlichkeiten rund um die Aufnahme des neuen CHG-Partners RA Dr. Roland M. Wegleiter geb es einen kritischen Vortrag des OGH-Pr\u00e4sidenten Hon.Prof. Dr. Eckhart Ratz zum Thema &#8220;Rechtsstaat und Demokratie&#8221;.<br \/>\n<\/span><\/h3>\n<h4><strong>Rechtsstaat und Demokratie<\/strong><\/h4>\n<p>Den\u00a0hochsommerlichen Temperaturen zum Trotz kamen zahlreiche Besucher und verfolgten gespannt den Vortrag des OGH-Pr\u00e4sidenten. Anhand des j\u00fcngsten Beispiels, der Ablehnung der dritten Piste f\u00fcr den Flughafen Wien-Schwechat, zeigte der H\u00f6chstrichter in seiner gewohnt direkten Art auf, wie an und f\u00fcr sich \u201epolitische\u201c Entscheidungen \u00fcber die Gesetzgebung in Richtung Gerichtsbarkeit verlagert werden.<\/p>\n<p>Durch die Schaffung von Gesetzen, die zum Beispiel Klimaschutz und \u00d6kologie in den Vordergrund r\u00fccken, k\u00f6nnen Richter bei Genehmigungsverfahren f\u00fcr Gro\u00dfbauvorhaben nur zu negativen Ergebnissen gelangen. Hier bestehe laut Ratz die Gefahr, dass Richter \u201epolitische Entscheidungen\u201c treffen. Dabei w\u00e4re es gerade bei derartigen Themen enorm wichtig, dass Politiker \u201eFarbe\u201c bekennen, wenn sie schon von den volkswirtschaftlichen Vorteilen oder den Auswirkungen auf das \u00f6ffentliche Wohl \u00fcberzeugt sind. Der wesentliche Unterschied zwischen Richtern und Politikern ist, dass Richter nur dem Gesetz gegen\u00fcber verantwortlich sind, hingegen Politiker zudem auch gegen\u00fcber dem W\u00e4hler.<\/p>\n<p>Es sei legitim, wie zuletzt von den Landeshauptleuten gefordert, politisch mehr entscheiden zu k\u00f6nnen. Doch es liegt eben auch in der Verantwortung der Politiker, den entsprechenden gesetzlichen Rahmen daf\u00fcr zu schaffen. Der OGH-Pr\u00e4sident untermauerte dies damit, dass Politiker als gew\u00e4hlte Vertreter den politischen Willen und das \u00f6ffentliche Wohl f\u00fcr die gew\u00e4hlte Periode repr\u00e4sentieren und bei der n\u00e4chsten Wahl wieder abgew\u00e4hlt werden k\u00f6nnen.<\/p>\n<p>Prof. Ratz sieht in dieser Entwicklung die Gefahr, dass sich \u00d6sterreich vom demokratischen Staat zum Richterstaat wandelt und \u00e4u\u00dferte sich auch Kritisch zum vom Gesetzgeber einger\u00e4umten \u201eErmessensspielraum\u201c, welcher den Richtern eine enorme Macht verleiht.<\/p>\n<h3><\/h3>\n<h3><strong>Neuer Partner bei CHG<\/strong><\/h3>\n<p>Dr. Roland M. Wegleiter gab bei seiner Ansprache im Rahmen seiner Aufnahme als Partner Einblicke in seinen Werdegang. Nachdem er leitende Positionen in Konzernen im Ausland innehatte, zog es ihn wieder zur\u00fcck in die Heimat. Eine Entscheidung die viel Mut erforderte, nachdem die berufliche Ver\u00e4nderung auch mit Einschnitten verbunden war.<\/p>\n<p>Nochmals lie\u00df Dr. Wegleiter Revue passieren, wie er im Jahre 2012 seinen Entschluss fasste, \u00a0bei einer aufstrebenden Rechtsanwaltskanzlei mit Spezialisierung auf Wirtschaftsrecht in Innsbruck beginnen zu wollen. Sichtlich erfreut zeigte sich der Neo-Partner dar\u00fcber, dass Ziel \u201ePartnerschaft\u201c nunmehr erreicht zu haben und auch dar\u00fcber, dass seine pers\u00f6nliche Einsch\u00e4tzung bei der Kanzleiwahl durch das k\u00fcrzlich ver\u00f6ffentlichte Trend Rechtsanw\u00e4lte Ranking 2017 best\u00e4tigt wurde. (Die Kanzlei CHG Czernich Rechtsanw\u00e4lte gilt als eine der Top-3-Kanzlei-Adressen au\u00dferhalb Wiens).<\/p>\n<p>Dr. Wegleiter rief in Erinnerung, wie enorm wichtig es gerade f\u00fcr Unternehmer ist, bei der Umsetzung neuer Projekte den Anwalt sehr fr\u00fch einzubinden: \u201eGerade ein Anwalt mit unternehmerischer Erfahrung ist im Stande, rechtzeitig auf Gefahren hinzuweisen, die zu einem Rechtsstreit f\u00fchren k\u00f6nnen.\u201c<\/p>\n<p>Im Anschluss an die Vortr\u00e4ge herrschte bei kulinarischen K\u00f6stlichkeiten und in entspannter Atmosph\u00e4re ein reger Gedankenaustausch zwischen Gr\u00fcndern, Investoren und Beratern.<\/p>\n<p>Foto:\u00a0Dr. Dietmar Czernich, Dr. Eckhart Ratz, Dr. G\u00fcnther Gast und Dr. Roland Wegleiter<\/p>\n<p>Foto: \u00a9 Tiroler Tageszeitung \u2013 Dalia F\u00f6ger<\/p>\n<\/div>\n<\/div>\n<\/div>\n<\/div>\n<\/div>\n<\/div>\n<\/div>\n\n","protected":false},"excerpt":{"rendered":"<p>CHG feiert die Aufnahme von Rechtsanwalt Dr. Roland M. Wegleiter als neuen Partner. Mit dabei: OGH-Pr\u00e4sident Eckart Ratz<\/p>\n","protected":false},"author":3,"featured_media":8736,"comment_status":"closed","ping_status":"open","sticky":false,"template":"","format":"image","meta":{"inline_featured_image":false},"categories":[42,54],"tags":[],"yoast_head":"<!-- This site is optimized with the Yoast SEO plugin v19.8 - https:\/\/yoast.com\/wordpress\/plugins\/seo\/ -->\n<title>CHG Kanzleifeier mit OGH-Pr\u00e4sident Ratz und Aufnahme von Roland M. Wegleiter als Partner<\/title>\n<meta name=\"description\" content=\"CHG Czernich Rechtsanw\u00e4lte, Kanzleifeier mit OGH-Pr\u00e4sident Eckhart Ratz und Aufnahme von Rechtsanwalt Dr. Roland M. Wegleiter als CHG-Partner\" \/>\n<meta name=\"robots\" content=\"index, follow, max-snippet:-1, max-image-preview:large, max-video-preview:-1\" \/>\n<link rel=\"canonical\" href=\"https:\/\/www.chg.at\/en\/20170622-kanzleifest-ogh-praesident-ratz\/\" \/>\n<meta property=\"og:locale\" content=\"en_US\" \/>\n<meta property=\"og:type\" content=\"article\" \/>\n<meta property=\"og:title\" content=\"ABC\" \/>\n<meta property=\"og:description\" content=\"DEF\" \/>\n<meta property=\"og:url\" content=\"https:\/\/www.chg.at\/en\/20170622-kanzleifest-ogh-praesident-ratz\/\" \/>\n<meta property=\"og:site_name\" content=\"CHG Czernich Rechtsanw\u00e4lte \u2013 Wir bewegen Wirtschaft\" \/>\n<meta property=\"article:published_time\" content=\"2017-07-04T20:47:31+00:00\" \/>\n<meta property=\"article:modified_time\" content=\"2018-05-24T16:55:41+00:00\" \/>\n<meta property=\"og:image\" content=\"https:\/\/www.chg.at\/wp-content\/uploads\/2017\/07\/CHG-Rechtsanw\u00e4lte-Veranstaltung-22_06_2017-Dietmar-Czernich-Eckhart-Ratz-G\u00fcnther-Gast-Roland-Wegleiter-Foto-c-Tiroler-Tageszeitung.jpg\" \/>\n\t<meta property=\"og:image:width\" content=\"1160\" \/>\n\t<meta property=\"og:image:height\" content=\"580\" \/>\n\t<meta property=\"og:image:type\" content=\"image\/jpeg\" \/>\n<meta name=\"author\" content=\"Diana B\u00f6hme\" \/>\n<meta name=\"twitter:card\" content=\"summary_large_image\" \/>\n<meta name=\"twitter:label1\" content=\"Written by\" \/>\n\t<meta name=\"twitter:data1\" content=\"Diana B\u00f6hme\" \/>\n\t<meta name=\"twitter:label2\" content=\"Est. reading time\" \/>\n\t<meta name=\"twitter:data2\" content=\"3 minutes\" \/>\n<script type=\"application\/ld+json\" class=\"yoast-schema-graph\">{\"@context\":\"https:\/\/schema.org\",\"@graph\":[{\"@type\":\"Article\",\"@id\":\"https:\/\/www.chg.at\/en\/20170622-kanzleifest-ogh-praesident-ratz\/#article\",\"isPartOf\":{\"@id\":\"https:\/\/www.chg.at\/en\/20170622-kanzleifest-ogh-praesident-ratz\/\"},\"author\":{\"name\":\"Diana B\u00f6hme\",\"@id\":\"https:\/\/www.chg.at\/en\/#\/schema\/person\/b3b2cd248a314cf8acc3db22217f03b4\"},\"headline\":\"CHG Kanzleifeier 2017\",\"datePublished\":\"2017-07-04T20:47:31+00:00\",\"dateModified\":\"2018-05-24T16:55:41+00:00\",\"mainEntityOfPage\":{\"@id\":\"https:\/\/www.chg.at\/en\/20170622-kanzleifest-ogh-praesident-ratz\/\"},\"wordCount\":584,\"publisher\":{\"@id\":\"https:\/\/www.chg.at\/en\/#organization\"},\"articleSection\":[\"CHG News\",\"Veranstaltung\"],\"inLanguage\":\"en-US\"},{\"@type\":\"WebPage\",\"@id\":\"https:\/\/www.chg.at\/en\/20170622-kanzleifest-ogh-praesident-ratz\/\",\"url\":\"https:\/\/www.chg.at\/en\/20170622-kanzleifest-ogh-praesident-ratz\/\",\"name\":\"CHG Kanzleifeier mit OGH-Pr\u00e4sident Ratz und Aufnahme von Roland M. Wegleiter als Partner\",\"isPartOf\":{\"@id\":\"https:\/\/www.chg.at\/en\/#website\"},\"datePublished\":\"2017-07-04T20:47:31+00:00\",\"dateModified\":\"2018-05-24T16:55:41+00:00\",\"description\":\"CHG Czernich Rechtsanw\u00e4lte, Kanzleifeier mit OGH-Pr\u00e4sident Eckhart Ratz und Aufnahme von Rechtsanwalt Dr. Roland M. Wegleiter als CHG-Partner\",\"breadcrumb\":{\"@id\":\"https:\/\/www.chg.at\/en\/20170622-kanzleifest-ogh-praesident-ratz\/#breadcrumb\"},\"inLanguage\":\"en-US\",\"potentialAction\":[{\"@type\":\"ReadAction\",\"target\":[\"https:\/\/www.chg.at\/en\/20170622-kanzleifest-ogh-praesident-ratz\/\"]}]},{\"@type\":\"BreadcrumbList\",\"@id\":\"https:\/\/www.chg.at\/en\/20170622-kanzleifest-ogh-praesident-ratz\/#breadcrumb\",\"itemListElement\":[{\"@type\":\"ListItem\",\"position\":1,\"name\":\"Startseite\",\"item\":\"https:\/\/www.chg.at\/en\/\"},{\"@type\":\"ListItem\",\"position\":2,\"name\":\"CHG Kanzleifeier 2017\"}]},{\"@type\":\"WebSite\",\"@id\":\"https:\/\/www.chg.at\/en\/#website\",\"url\":\"https:\/\/www.chg.at\/en\/\",\"name\":\"CHG Czernich Rechtsanw\u00e4lte \u2013 Wir bewegen Wirtschaft\",\"description\":\"Wir sorgen f\u00fcr Klarheit, wenn es rechtlich kompliziert wird. In jeder Phase Ihrer Unternehmungen. Sie ergreifen die Chancen. Wir verwandeln Risiken in L\u00f6sungen.\",\"publisher\":{\"@id\":\"https:\/\/www.chg.at\/en\/#organization\"},\"potentialAction\":[{\"@type\":\"SearchAction\",\"target\":{\"@type\":\"EntryPoint\",\"urlTemplate\":\"https:\/\/www.chg.at\/en\/?s={search_term_string}\"},\"query-input\":\"required name=search_term_string\"}],\"inLanguage\":\"en-US\"},{\"@type\":\"Organization\",\"@id\":\"https:\/\/www.chg.at\/en\/#organization\",\"name\":\"CHG Czernich Rechtsanw\u00e4lte\",\"url\":\"https:\/\/www.chg.at\/en\/\",\"sameAs\":[\"https:\/\/www.linkedin.com\/company\/12773263\/admin\/dashboard\/\"],\"logo\":{\"@type\":\"ImageObject\",\"inLanguage\":\"en-US\",\"@id\":\"https:\/\/www.chg.at\/en\/#\/schema\/logo\/image\/\",\"url\":\"https:\/\/www.chg.at\/wp-content\/uploads\/2016\/08\/CHG_logo_250_1.png\",\"contentUrl\":\"https:\/\/www.chg.at\/wp-content\/uploads\/2016\/08\/CHG_logo_250_1.png\",\"width\":250,\"height\":33,\"caption\":\"CHG Czernich Rechtsanw\u00e4lte\"},\"image\":{\"@id\":\"https:\/\/www.chg.at\/en\/#\/schema\/logo\/image\/\"}},{\"@type\":\"Person\",\"@id\":\"https:\/\/www.chg.at\/en\/#\/schema\/person\/b3b2cd248a314cf8acc3db22217f03b4\",\"name\":\"Diana B\u00f6hme\"}]}<\/script>\n<!-- \/ Yoast SEO plugin. -->","yoast_head_json":{"title":"CHG Kanzleifeier mit OGH-Pr\u00e4sident Ratz und Aufnahme von Roland M. Wegleiter als Partner","description":"CHG Czernich Rechtsanw\u00e4lte, Kanzleifeier mit OGH-Pr\u00e4sident Eckhart Ratz und Aufnahme von Rechtsanwalt Dr. Roland M. Wegleiter als CHG-Partner","robots":{"index":"index","follow":"follow","max-snippet":"max-snippet:-1","max-image-preview":"max-image-preview:large","max-video-preview":"max-video-preview:-1"},"canonical":"https:\/\/www.chg.at\/en\/20170622-kanzleifest-ogh-praesident-ratz\/","og_locale":"en_US","og_type":"article","og_title":"ABC","og_description":"DEF","og_url":"https:\/\/www.chg.at\/en\/20170622-kanzleifest-ogh-praesident-ratz\/","og_site_name":"CHG Czernich Rechtsanw\u00e4lte \u2013 Wir bewegen Wirtschaft","article_published_time":"2017-07-04T20:47:31+00:00","article_modified_time":"2018-05-24T16:55:41+00:00","og_image":[{"width":1160,"height":580,"url":"https:\/\/www.chg.at\/wp-content\/uploads\/2017\/07\/CHG-Rechtsanw\u00e4lte-Veranstaltung-22_06_2017-Dietmar-Czernich-Eckhart-Ratz-G\u00fcnther-Gast-Roland-Wegleiter-Foto-c-Tiroler-Tageszeitung.jpg","type":"image\/jpeg"}],"author":"Diana B\u00f6hme","twitter_card":"summary_large_image","twitter_misc":{"Written by":"Diana B\u00f6hme","Est. reading time":"3 minutes"},"schema":{"@context":"https:\/\/schema.org","@graph":[{"@type":"Article","@id":"https:\/\/www.chg.at\/en\/20170622-kanzleifest-ogh-praesident-ratz\/#article","isPartOf":{"@id":"https:\/\/www.chg.at\/en\/20170622-kanzleifest-ogh-praesident-ratz\/"},"author":{"name":"Diana B\u00f6hme","@id":"https:\/\/www.chg.at\/en\/#\/schema\/person\/b3b2cd248a314cf8acc3db22217f03b4"},"headline":"CHG Kanzleifeier 2017","datePublished":"2017-07-04T20:47:31+00:00","dateModified":"2018-05-24T16:55:41+00:00","mainEntityOfPage":{"@id":"https:\/\/www.chg.at\/en\/20170622-kanzleifest-ogh-praesident-ratz\/"},"wordCount":584,"publisher":{"@id":"https:\/\/www.chg.at\/en\/#organization"},"articleSection":["CHG News","Veranstaltung"],"inLanguage":"en-US"},{"@type":"WebPage","@id":"https:\/\/www.chg.at\/en\/20170622-kanzleifest-ogh-praesident-ratz\/","url":"https:\/\/www.chg.at\/en\/20170622-kanzleifest-ogh-praesident-ratz\/","name":"CHG Kanzleifeier mit OGH-Pr\u00e4sident Ratz und Aufnahme von Roland M. Wegleiter als Partner","isPartOf":{"@id":"https:\/\/www.chg.at\/en\/#website"},"datePublished":"2017-07-04T20:47:31+00:00","dateModified":"2018-05-24T16:55:41+00:00","description":"CHG Czernich Rechtsanw\u00e4lte, Kanzleifeier mit OGH-Pr\u00e4sident Eckhart Ratz und Aufnahme von Rechtsanwalt Dr. Roland M. Wegleiter als CHG-Partner","breadcrumb":{"@id":"https:\/\/www.chg.at\/en\/20170622-kanzleifest-ogh-praesident-ratz\/#breadcrumb"},"inLanguage":"en-US","potentialAction":[{"@type":"ReadAction","target":["https:\/\/www.chg.at\/en\/20170622-kanzleifest-ogh-praesident-ratz\/"]}]},{"@type":"BreadcrumbList","@id":"https:\/\/www.chg.at\/en\/20170622-kanzleifest-ogh-praesident-ratz\/#breadcrumb","itemListElement":[{"@type":"ListItem","position":1,"name":"Startseite","item":"https:\/\/www.chg.at\/en\/"},{"@type":"ListItem","position":2,"name":"CHG Kanzleifeier 2017"}]},{"@type":"WebSite","@id":"https:\/\/www.chg.at\/en\/#website","url":"https:\/\/www.chg.at\/en\/","name":"CHG Czernich Rechtsanw\u00e4lte \u2013 Wir bewegen Wirtschaft","description":"Wir sorgen f\u00fcr Klarheit, wenn es rechtlich kompliziert wird. In jeder Phase Ihrer Unternehmungen. Sie ergreifen die Chancen. Wir verwandeln Risiken in L\u00f6sungen.","publisher":{"@id":"https:\/\/www.chg.at\/en\/#organization"},"potentialAction":[{"@type":"SearchAction","target":{"@type":"EntryPoint","urlTemplate":"https:\/\/www.chg.at\/en\/?s={search_term_string}"},"query-input":"required name=search_term_string"}],"inLanguage":"en-US"},{"@type":"Organization","@id":"https:\/\/www.chg.at\/en\/#organization","name":"CHG Czernich Rechtsanw\u00e4lte","url":"https:\/\/www.chg.at\/en\/","sameAs":["https:\/\/www.linkedin.com\/company\/12773263\/admin\/dashboard\/"],"logo":{"@type":"ImageObject","inLanguage":"en-US","@id":"https:\/\/www.chg.at\/en\/#\/schema\/logo\/image\/","url":"https:\/\/www.chg.at\/wp-content\/uploads\/2016\/08\/CHG_logo_250_1.png","contentUrl":"https:\/\/www.chg.at\/wp-content\/uploads\/2016\/08\/CHG_logo_250_1.png","width":250,"height":33,"caption":"CHG Czernich Rechtsanw\u00e4lte"},"image":{"@id":"https:\/\/www.chg.at\/en\/#\/schema\/logo\/image\/"}},{"@type":"Person","@id":"https:\/\/www.chg.at\/en\/#\/schema\/person\/b3b2cd248a314cf8acc3db22217f03b4","name":"Diana B\u00f6hme"}]}},"_links":{"self":[{"href":"https:\/\/www.chg.at\/en\/wp-json\/wp\/v2\/posts\/9287"}],"collection":[{"href":"https:\/\/www.chg.at\/en\/wp-json\/wp\/v2\/posts"}],"about":[{"href":"https:\/\/www.chg.at\/en\/wp-json\/wp\/v2\/types\/post"}],"author":[{"embeddable":true,"href":"https:\/\/www.chg.at\/en\/wp-json\/wp\/v2\/users\/3"}],"replies":[{"embeddable":true,"href":"https:\/\/www.chg.at\/en\/wp-json\/wp\/v2\/comments?post=9287"}],"version-history":[{"count":1,"href":"https:\/\/www.chg.at\/en\/wp-json\/wp\/v2\/posts\/9287\/revisions"}],"predecessor-version":[{"id":9288,"href":"https:\/\/www.chg.at\/en\/wp-json\/wp\/v2\/posts\/9287\/revisions\/9288"}],"wp:featuredmedia":[{"embeddable":true,"href":"https:\/\/www.chg.at\/en\/wp-json\/wp\/v2\/media\/8736"}],"wp:attachment":[{"href":"https:\/\/www.chg.at\/en\/wp-json\/wp\/v2\/media?parent=9287"}],"wp:term":[{"taxonomy":"category","embeddable":true,"href":"https:\/\/www.chg.at\/en\/wp-json\/wp\/v2\/categories?post=9287"},{"taxonomy":"post_tag","embeddable":true,"href":"https:\/\/www.chg.at\/en\/wp-json\/wp\/v2\/tags?post=9287"}],"curies":[{"name":"wp","href":"https:\/\/api.w.org\/{rel}","templated":true}]}}