{"id":9293,"date":"2017-05-15T09:51:03","date_gmt":"2017-05-15T07:51:03","guid":{"rendered":"https:\/\/www.chg.at\/20170613-informationsveranstaltung-europaeische-datenschutz-grundverordnung\/"},"modified":"2018-05-24T18:55:51","modified_gmt":"2018-05-24T16:55:51","slug":"20170613-informationsveranstaltung-europaeische-datenschutz-grundverordnung","status":"publish","type":"post","link":"https:\/\/www.chg.at\/en\/20170613-informationsveranstaltung-europaeische-datenschutz-grundverordnung\/","title":{"rendered":"Veranstaltungshinweis: Informationsveranstaltung zur Europ\u00e4ischen Datenschutz-Grundverordnung"},"content":{"rendered":"<style type=\"text\/css\"> \n#cmsmasters_row_69f2be0e187145_84382744 .cmsmasters_row_outer_parent { \n\tpadding-top: 0px; \n} \n\n#cmsmasters_row_69f2be0e187145_84382744 .cmsmasters_row_outer_parent { \n\tpadding-bottom: 50px; \n} \n\n \n#cmsmasters_row_69f2be0e188d06_47936958 .cmsmasters_row_outer_parent { \n\tpadding-top: 0px; \n} \n\n#cmsmasters_row_69f2be0e188d06_47936958 .cmsmasters_row_outer_parent { \n\tpadding-bottom: 40px; \n} \n\n<\/style><div id=\"cmsmasters_row_69f2be0e187145_84382744\" class=\"cmsmasters_row cmsmasters_color_scheme_default cmsmasters_row_top_default cmsmasters_row_bot_default cmsmasters_row_boxed\">\n<div class=\"cmsmasters_row_outer_parent\">\n<div class=\"cmsmasters_row_outer\">\n<div class=\"cmsmasters_row_inner\">\n<div class=\"cmsmasters_row_margin\">\n<div class=\"cmsmasters_column one_first\">\n<div class=\"cmsmasters_text\">\n<h1 style=\"text-align: left;\">Veranstaltungshinweis: Informationsveranstaltung zur\u00a0Europ\u00e4ischen Datenschutz-Grundverordnung am 13. Juni 2017 bei CHG<\/h1>\n<h3 style=\"text-align: left;\"><span style=\"color: #d43555;\">Datenschutz, Compliance und Technologie &#8211; Neue Anforderungen an den Datenschutz und effiziente L\u00f6sungen<br \/>\n<\/span><\/h3>\n<p>Wir laden ein zu einer Vortragsveranstaltung in unserer Kanzlei.<\/p>\n<ul>\n<li>Was bedeutet die EU-Datenschutz-Grunderverordnung f\u00fcr unser Unternehmen?<\/li>\n<li>Wie k\u00f6nnen wir uns optimal vorbereiten?<\/li>\n<li>Gibt es L\u00f6sungen, die uns dabei unterst\u00fctzen?<\/li>\n<\/ul>\n<p>Diskutieren Sie mit uns \u00fcber die Herausforderungen und erfahren Sie, wie Sie diese optimal bew\u00e4ltigen k\u00f6nnen.<\/p>\n<p style=\"text-align: left;\"><strong>Vortr\u00e4ge<br \/>\n<\/strong>Dr. Bernd Guggenberger, MBL, Partner CHG Czernich Rechtsanw\u00e4lte:<br \/>\n&#8220;EU-Datenschutz-Grundverordnung: gut vorbereitet ist halb gewonnen&#8221;<\/p>\n<p style=\"text-align: left;\">Dr. Clemens Wass, MBL, MBA, Gesch\u00e4ftsf\u00fchrer von openlaws gmbh &#8211; innovative Rechtssysteme:<br \/>\n&#8220;Legal Technology &amp; Compliance: Wie neue Technologien die Arbeitsweise von Unternehmen und Rechtsabteilungen unterst\u00fctzen k\u00f6nnen&#8221;<\/p>\n<p style=\"text-align: left;\"><strong>Termin<\/strong><br \/>\nDienstag, 13. Juni 2017<br \/>\n16:00 Uhr bis ca. 18\u00a0Uhr<\/p>\n<p style=\"text-align: left;\" align=\"RIGHT\"><strong>Ort<\/strong><br \/>\nCHG Czernich Rechtsanw\u00e4lte<br \/>\nBozner Platz 4, 6020 Innsbruck<\/p>\n<p style=\"text-align: left;\" align=\"RIGHT\"><strong>Unkostenbeitrag<\/strong><br \/>\n\u20ac 50,\u2013 zuz\u00fcglich 20 % USt<\/p>\n<p style=\"text-align: left;\">Im Anschluss an die Veranstaltung laden wir zu einem entspannten Glas Wein.<\/p>\n<p style=\"text-align: left;\">Wir ersuchen Sie um Anmeldung per E-Mail bis Donnerstag, 8. Juni 2017\u00a0an <a href=\"mailto:innsbruck@chg.at\">innsbruck@chg.at<\/a><\/p>\n<\/div>\n<\/div>\n<\/div>\n<\/div>\n<\/div>\n<\/div>\n<\/div>\n<div id=\"cmsmasters_row_69f2be0e188d06_47936958\" class=\"cmsmasters_row cmsmasters_color_scheme_default cmsmasters_row_top_default cmsmasters_row_bot_default cmsmasters_row_boxed\">\n<div class=\"cmsmasters_row_outer_parent\">\n<div class=\"cmsmasters_row_outer\">\n<div class=\"cmsmasters_row_inner\">\n<div class=\"cmsmasters_row_margin\">\n<div class=\"cmsmasters_column one_half\">\n<\/div>\n<div class=\"cmsmasters_column one_half\">\n<\/div>\n<\/div>\n<\/div>\n<\/div>\n<\/div>\n<\/div>\n\n","protected":false},"excerpt":{"rendered":"<p>Wir laden herzlich ein zur Informationsveranstaltung am 13. Juni 2017 in unseren Kanzleir\u00e4umen. <\/p>\n","protected":false},"author":3,"featured_media":8676,"comment_status":"closed","ping_status":"open","sticky":false,"template":"","format":"image","meta":{"inline_featured_image":false},"categories":[56,54],"tags":[],"yoast_head":"<!-- This site is optimized with the Yoast SEO plugin v19.8 - https:\/\/yoast.com\/wordpress\/plugins\/seo\/ -->\n<title>Veranstaltungshinweis Europ\u00e4ische Datenschutzgrundverordnung \u2013 CHG Czernich Rechtsanw\u00e4lte<\/title>\n<meta name=\"description\" content=\"CHG Czernich Rechtsanw\u00e4lte, Dr. Bernd Guggenberger Dr. Clemens Wass, Indoveranstaltung Europ\u00e4ische Datenschutz-Grundverordnung\" \/>\n<meta name=\"robots\" content=\"index, follow, max-snippet:-1, max-image-preview:large, max-video-preview:-1\" \/>\n<link rel=\"canonical\" href=\"https:\/\/www.chg.at\/en\/20170613-informationsveranstaltung-europaeische-datenschutz-grundverordnung\/\" \/>\n<meta property=\"og:locale\" content=\"en_US\" \/>\n<meta property=\"og:type\" content=\"article\" \/>\n<meta property=\"og:title\" content=\"ABC\" \/>\n<meta property=\"og:description\" content=\"DEF\" \/>\n<meta property=\"og:url\" content=\"https:\/\/www.chg.at\/en\/20170613-informationsveranstaltung-europaeische-datenschutz-grundverordnung\/\" \/>\n<meta property=\"og:site_name\" content=\"CHG Czernich Rechtsanw\u00e4lte \u2013 Wir bewegen Wirtschaft\" \/>\n<meta property=\"article:published_time\" content=\"2017-05-15T07:51:03+00:00\" \/>\n<meta property=\"article:modified_time\" content=\"2018-05-24T16:55:51+00:00\" \/>\n<meta property=\"og:image\" content=\"https:\/\/www.chg.at\/wp-content\/uploads\/2017\/05\/alex-read-98811-1.jpg\" \/>\n\t<meta property=\"og:image:width\" content=\"1160\" \/>\n\t<meta property=\"og:image:height\" content=\"580\" \/>\n\t<meta property=\"og:image:type\" content=\"image\/jpeg\" \/>\n<meta name=\"author\" content=\"Diana B\u00f6hme\" \/>\n<meta name=\"twitter:card\" content=\"summary_large_image\" \/>\n<meta name=\"twitter:label1\" content=\"Written by\" \/>\n\t<meta name=\"twitter:data1\" content=\"Diana B\u00f6hme\" \/>\n\t<meta name=\"twitter:label2\" content=\"Est. reading time\" \/>\n\t<meta name=\"twitter:data2\" content=\"1 minute\" \/>\n<script type=\"application\/ld+json\" class=\"yoast-schema-graph\">{\"@context\":\"https:\/\/schema.org\",\"@graph\":[{\"@type\":\"Article\",\"@id\":\"https:\/\/www.chg.at\/en\/20170613-informationsveranstaltung-europaeische-datenschutz-grundverordnung\/#article\",\"isPartOf\":{\"@id\":\"https:\/\/www.chg.at\/en\/20170613-informationsveranstaltung-europaeische-datenschutz-grundverordnung\/\"},\"author\":{\"name\":\"Diana B\u00f6hme\",\"@id\":\"https:\/\/www.chg.at\/en\/#\/schema\/person\/b3b2cd248a314cf8acc3db22217f03b4\"},\"headline\":\"Veranstaltungshinweis: Informationsveranstaltung zur Europ\u00e4ischen Datenschutz-Grundverordnung\",\"datePublished\":\"2017-05-15T07:51:03+00:00\",\"dateModified\":\"2018-05-24T16:55:51+00:00\",\"mainEntityOfPage\":{\"@id\":\"https:\/\/www.chg.at\/en\/20170613-informationsveranstaltung-europaeische-datenschutz-grundverordnung\/\"},\"wordCount\":265,\"publisher\":{\"@id\":\"https:\/\/www.chg.at\/en\/#organization\"},\"articleSection\":[\"Kanzlei\",\"Veranstaltung\"],\"inLanguage\":\"en-US\"},{\"@type\":\"WebPage\",\"@id\":\"https:\/\/www.chg.at\/en\/20170613-informationsveranstaltung-europaeische-datenschutz-grundverordnung\/\",\"url\":\"https:\/\/www.chg.at\/en\/20170613-informationsveranstaltung-europaeische-datenschutz-grundverordnung\/\",\"name\":\"Veranstaltungshinweis Europ\u00e4ische Datenschutzgrundverordnung \u2013 CHG Czernich Rechtsanw\u00e4lte\",\"isPartOf\":{\"@id\":\"https:\/\/www.chg.at\/en\/#website\"},\"datePublished\":\"2017-05-15T07:51:03+00:00\",\"dateModified\":\"2018-05-24T16:55:51+00:00\",\"description\":\"CHG Czernich Rechtsanw\u00e4lte, Dr. Bernd Guggenberger Dr. Clemens Wass, Indoveranstaltung Europ\u00e4ische Datenschutz-Grundverordnung\",\"breadcrumb\":{\"@id\":\"https:\/\/www.chg.at\/en\/20170613-informationsveranstaltung-europaeische-datenschutz-grundverordnung\/#breadcrumb\"},\"inLanguage\":\"en-US\",\"potentialAction\":[{\"@type\":\"ReadAction\",\"target\":[\"https:\/\/www.chg.at\/en\/20170613-informationsveranstaltung-europaeische-datenschutz-grundverordnung\/\"]}]},{\"@type\":\"BreadcrumbList\",\"@id\":\"https:\/\/www.chg.at\/en\/20170613-informationsveranstaltung-europaeische-datenschutz-grundverordnung\/#breadcrumb\",\"itemListElement\":[{\"@type\":\"ListItem\",\"position\":1,\"name\":\"Startseite\",\"item\":\"https:\/\/www.chg.at\/en\/\"},{\"@type\":\"ListItem\",\"position\":2,\"name\":\"Veranstaltungshinweis: Informationsveranstaltung zur Europ\u00e4ischen Datenschutz-Grundverordnung\"}]},{\"@type\":\"WebSite\",\"@id\":\"https:\/\/www.chg.at\/en\/#website\",\"url\":\"https:\/\/www.chg.at\/en\/\",\"name\":\"CHG Czernich Rechtsanw\u00e4lte \u2013 Wir bewegen Wirtschaft\",\"description\":\"Wir sorgen f\u00fcr Klarheit, wenn es rechtlich kompliziert wird. In jeder Phase Ihrer Unternehmungen. Sie ergreifen die Chancen. Wir verwandeln Risiken in L\u00f6sungen.\",\"publisher\":{\"@id\":\"https:\/\/www.chg.at\/en\/#organization\"},\"potentialAction\":[{\"@type\":\"SearchAction\",\"target\":{\"@type\":\"EntryPoint\",\"urlTemplate\":\"https:\/\/www.chg.at\/en\/?s={search_term_string}\"},\"query-input\":\"required name=search_term_string\"}],\"inLanguage\":\"en-US\"},{\"@type\":\"Organization\",\"@id\":\"https:\/\/www.chg.at\/en\/#organization\",\"name\":\"CHG Czernich Rechtsanw\u00e4lte\",\"url\":\"https:\/\/www.chg.at\/en\/\",\"sameAs\":[\"https:\/\/www.linkedin.com\/company\/12773263\/admin\/dashboard\/\"],\"logo\":{\"@type\":\"ImageObject\",\"inLanguage\":\"en-US\",\"@id\":\"https:\/\/www.chg.at\/en\/#\/schema\/logo\/image\/\",\"url\":\"https:\/\/www.chg.at\/wp-content\/uploads\/2016\/08\/CHG_logo_250_1.png\",\"contentUrl\":\"https:\/\/www.chg.at\/wp-content\/uploads\/2016\/08\/CHG_logo_250_1.png\",\"width\":250,\"height\":33,\"caption\":\"CHG Czernich Rechtsanw\u00e4lte\"},\"image\":{\"@id\":\"https:\/\/www.chg.at\/en\/#\/schema\/logo\/image\/\"}},{\"@type\":\"Person\",\"@id\":\"https:\/\/www.chg.at\/en\/#\/schema\/person\/b3b2cd248a314cf8acc3db22217f03b4\",\"name\":\"Diana B\u00f6hme\"}]}<\/script>\n<!-- \/ Yoast SEO plugin. -->","yoast_head_json":{"title":"Veranstaltungshinweis Europ\u00e4ische Datenschutzgrundverordnung \u2013 CHG Czernich Rechtsanw\u00e4lte","description":"CHG Czernich Rechtsanw\u00e4lte, Dr. Bernd Guggenberger Dr. Clemens Wass, Indoveranstaltung Europ\u00e4ische Datenschutz-Grundverordnung","robots":{"index":"index","follow":"follow","max-snippet":"max-snippet:-1","max-image-preview":"max-image-preview:large","max-video-preview":"max-video-preview:-1"},"canonical":"https:\/\/www.chg.at\/en\/20170613-informationsveranstaltung-europaeische-datenschutz-grundverordnung\/","og_locale":"en_US","og_type":"article","og_title":"ABC","og_description":"DEF","og_url":"https:\/\/www.chg.at\/en\/20170613-informationsveranstaltung-europaeische-datenschutz-grundverordnung\/","og_site_name":"CHG Czernich Rechtsanw\u00e4lte \u2013 Wir bewegen Wirtschaft","article_published_time":"2017-05-15T07:51:03+00:00","article_modified_time":"2018-05-24T16:55:51+00:00","og_image":[{"width":1160,"height":580,"url":"https:\/\/www.chg.at\/wp-content\/uploads\/2017\/05\/alex-read-98811-1.jpg","type":"image\/jpeg"}],"author":"Diana B\u00f6hme","twitter_card":"summary_large_image","twitter_misc":{"Written by":"Diana B\u00f6hme","Est. reading time":"1 minute"},"schema":{"@context":"https:\/\/schema.org","@graph":[{"@type":"Article","@id":"https:\/\/www.chg.at\/en\/20170613-informationsveranstaltung-europaeische-datenschutz-grundverordnung\/#article","isPartOf":{"@id":"https:\/\/www.chg.at\/en\/20170613-informationsveranstaltung-europaeische-datenschutz-grundverordnung\/"},"author":{"name":"Diana B\u00f6hme","@id":"https:\/\/www.chg.at\/en\/#\/schema\/person\/b3b2cd248a314cf8acc3db22217f03b4"},"headline":"Veranstaltungshinweis: Informationsveranstaltung zur Europ\u00e4ischen Datenschutz-Grundverordnung","datePublished":"2017-05-15T07:51:03+00:00","dateModified":"2018-05-24T16:55:51+00:00","mainEntityOfPage":{"@id":"https:\/\/www.chg.at\/en\/20170613-informationsveranstaltung-europaeische-datenschutz-grundverordnung\/"},"wordCount":265,"publisher":{"@id":"https:\/\/www.chg.at\/en\/#organization"},"articleSection":["Kanzlei","Veranstaltung"],"inLanguage":"en-US"},{"@type":"WebPage","@id":"https:\/\/www.chg.at\/en\/20170613-informationsveranstaltung-europaeische-datenschutz-grundverordnung\/","url":"https:\/\/www.chg.at\/en\/20170613-informationsveranstaltung-europaeische-datenschutz-grundverordnung\/","name":"Veranstaltungshinweis Europ\u00e4ische Datenschutzgrundverordnung \u2013 CHG Czernich Rechtsanw\u00e4lte","isPartOf":{"@id":"https:\/\/www.chg.at\/en\/#website"},"datePublished":"2017-05-15T07:51:03+00:00","dateModified":"2018-05-24T16:55:51+00:00","description":"CHG Czernich Rechtsanw\u00e4lte, Dr. Bernd Guggenberger Dr. Clemens Wass, Indoveranstaltung Europ\u00e4ische Datenschutz-Grundverordnung","breadcrumb":{"@id":"https:\/\/www.chg.at\/en\/20170613-informationsveranstaltung-europaeische-datenschutz-grundverordnung\/#breadcrumb"},"inLanguage":"en-US","potentialAction":[{"@type":"ReadAction","target":["https:\/\/www.chg.at\/en\/20170613-informationsveranstaltung-europaeische-datenschutz-grundverordnung\/"]}]},{"@type":"BreadcrumbList","@id":"https:\/\/www.chg.at\/en\/20170613-informationsveranstaltung-europaeische-datenschutz-grundverordnung\/#breadcrumb","itemListElement":[{"@type":"ListItem","position":1,"name":"Startseite","item":"https:\/\/www.chg.at\/en\/"},{"@type":"ListItem","position":2,"name":"Veranstaltungshinweis: Informationsveranstaltung zur Europ\u00e4ischen Datenschutz-Grundverordnung"}]},{"@type":"WebSite","@id":"https:\/\/www.chg.at\/en\/#website","url":"https:\/\/www.chg.at\/en\/","name":"CHG Czernich Rechtsanw\u00e4lte \u2013 Wir bewegen Wirtschaft","description":"Wir sorgen f\u00fcr Klarheit, wenn es rechtlich kompliziert wird. In jeder Phase Ihrer Unternehmungen. Sie ergreifen die Chancen. Wir verwandeln Risiken in L\u00f6sungen.","publisher":{"@id":"https:\/\/www.chg.at\/en\/#organization"},"potentialAction":[{"@type":"SearchAction","target":{"@type":"EntryPoint","urlTemplate":"https:\/\/www.chg.at\/en\/?s={search_term_string}"},"query-input":"required name=search_term_string"}],"inLanguage":"en-US"},{"@type":"Organization","@id":"https:\/\/www.chg.at\/en\/#organization","name":"CHG Czernich Rechtsanw\u00e4lte","url":"https:\/\/www.chg.at\/en\/","sameAs":["https:\/\/www.linkedin.com\/company\/12773263\/admin\/dashboard\/"],"logo":{"@type":"ImageObject","inLanguage":"en-US","@id":"https:\/\/www.chg.at\/en\/#\/schema\/logo\/image\/","url":"https:\/\/www.chg.at\/wp-content\/uploads\/2016\/08\/CHG_logo_250_1.png","contentUrl":"https:\/\/www.chg.at\/wp-content\/uploads\/2016\/08\/CHG_logo_250_1.png","width":250,"height":33,"caption":"CHG Czernich Rechtsanw\u00e4lte"},"image":{"@id":"https:\/\/www.chg.at\/en\/#\/schema\/logo\/image\/"}},{"@type":"Person","@id":"https:\/\/www.chg.at\/en\/#\/schema\/person\/b3b2cd248a314cf8acc3db22217f03b4","name":"Diana B\u00f6hme"}]}},"_links":{"self":[{"href":"https:\/\/www.chg.at\/en\/wp-json\/wp\/v2\/posts\/9293"}],"collection":[{"href":"https:\/\/www.chg.at\/en\/wp-json\/wp\/v2\/posts"}],"about":[{"href":"https:\/\/www.chg.at\/en\/wp-json\/wp\/v2\/types\/post"}],"author":[{"embeddable":true,"href":"https:\/\/www.chg.at\/en\/wp-json\/wp\/v2\/users\/3"}],"replies":[{"embeddable":true,"href":"https:\/\/www.chg.at\/en\/wp-json\/wp\/v2\/comments?post=9293"}],"version-history":[{"count":1,"href":"https:\/\/www.chg.at\/en\/wp-json\/wp\/v2\/posts\/9293\/revisions"}],"predecessor-version":[{"id":9294,"href":"https:\/\/www.chg.at\/en\/wp-json\/wp\/v2\/posts\/9293\/revisions\/9294"}],"wp:featuredmedia":[{"embeddable":true,"href":"https:\/\/www.chg.at\/en\/wp-json\/wp\/v2\/media\/8676"}],"wp:attachment":[{"href":"https:\/\/www.chg.at\/en\/wp-json\/wp\/v2\/media?parent=9293"}],"wp:term":[{"taxonomy":"category","embeddable":true,"href":"https:\/\/www.chg.at\/en\/wp-json\/wp\/v2\/categories?post=9293"},{"taxonomy":"post_tag","embeddable":true,"href":"https:\/\/www.chg.at\/en\/wp-json\/wp\/v2\/tags?post=9293"}],"curies":[{"name":"wp","href":"https:\/\/api.w.org\/{rel}","templated":true}]}}