{"id":9295,"date":"2017-05-11T22:27:00","date_gmt":"2017-05-11T20:27:00","guid":{"rendered":"https:\/\/www.chg.at\/20170509-chg-eroeffnet-niederlassung-in-st-johann\/"},"modified":"2019-12-12T16:25:24","modified_gmt":"2019-12-12T15:25:24","slug":"20170509-chg-eroeffnet-niederlassung-in-st-johann","status":"publish","type":"post","link":"https:\/\/www.chg.at\/en\/20170509-chg-eroeffnet-niederlassung-in-st-johann\/","title":{"rendered":"Er\u00f6ffnung Niederlassung in St. Johann"},"content":{"rendered":"<style type=\"text\/css\"> \n#cmsmasters_row_69f191157adc77_99500264 .cmsmasters_row_outer_parent { \n\tpadding-top: 0px; \n} \n\n#cmsmasters_row_69f191157adc77_99500264 .cmsmasters_row_outer_parent { \n\tpadding-bottom: 0px; \n} \n\n\r\n\t\t\t\t#cmsmasters_gallery_69f191157b2ed7_35468431 .cmsmasters_gallery {\r\n\t\t\t\t\tmargin:0 0 0 -10px;\r\n\t\t\t\t}\r\n\t\t\t\t\r\n\t\t\t\t#cmsmasters_gallery_69f191157b2ed7_35468431 .cmsmasters_gallery .cmsmasters_gallery_item {\r\n\t\t\t\t\tpadding:0 0 10px 10px;\r\n\t\t\t\t}\r\n\t\t\t<\/style><div id=\"cmsmasters_row_69f191157adc77_99500264\" class=\"cmsmasters_row cmsmasters_color_scheme_default cmsmasters_row_top_default cmsmasters_row_bot_default cmsmasters_row_boxed\">\n<div class=\"cmsmasters_row_outer_parent\">\n<div class=\"cmsmasters_row_outer\">\n<div class=\"cmsmasters_row_inner\">\n<div class=\"cmsmasters_row_margin\">\n<div class=\"cmsmasters_column one_first\">\n<div class=\"cmsmasters_text\">\n<h1><strong>Feierliche Er\u00f6ffnung der neuen CHG-Niederlassung in St. Johann in Tirol\/Kitzb\u00fchel<\/strong><\/h1>\n<h3><span style=\"color: #d43555;\">Zahlreiche Gratulanten aus der Wirtschaft und Politik kamen, als am 9.\u00a0Mai\u00a02017 die neue CHG-Niederlassung am Standort St. Johann in Tirol\/Kitzb\u00fchel feierlich er\u00f6ffnet wurde.<\/span><\/h3>\n<div class=\"cmsmasters_dropcap type1\">Nach<\/div> der Begr\u00fc\u00dfung durch Kanzleigr\u00fcnder Hon.-Prof. Dr. Dietmar Czernich stellten sich die beiden in der St. Johanner Niederlassung t\u00e4tigen Juristen mit kurzen Impulsreferaten vor: Frau Dr. Marlene Wachter, Leiterin der neuen Niederlassung, pr\u00e4sentierte \u201eDie teuersten Fehler im Arbeitsrecht aus Arbeitgebersicht\u201c und Mag. Michael Huetz referierte \u00fcber \u201eBetriebsnachfolge \u2013 erfolgreich \u00fcbernehmen und \u00fcbergeben\u201c. Anschlie\u00dfend gab DI Dr. Uwe P\u00f6lzl, Experte f\u00fcr Innovationsmanagement und Unternehmens-Coach, in seinem unterhaltsamen Vortrag \u201eShi(f)t happens \u2013 \u00fcber Schaukelst\u00fchle und Schwimmfl\u00fcgerl\u201c provokante Denkanst\u00f6\u00dfe und Inspirationen zum Umgang mit Ver\u00e4nderungen im Wirtschaftsleben.<\/p>\n<p>&nbsp;<\/p>\n<p>Bei kulinarischen K\u00f6stlichkeiten aus der Region klang der Abend in gem\u00fctlicher Atmosph\u00e4re aus.<\/p>\n<\/div>\n<div id=\"cmsmasters_gallery_69f191157b2ed7_35468431\" class=\"cmsmasters_gallery_wrap\"><ul class=\"cmsmasters_gallery cmsmasters_1 cmsmasters_more_items_loader\"><li class=\"cmsmasters_gallery_item\"><figure><a href=\"https:\/\/www.chg.at\/wp-content\/uploads\/2017\/05\/DSC_3505-1.jpg\" rel=\"ilightbox[69f191157b2ed7_35468431]\"><img width=\"580\" height=\"385\" src=\"https:\/\/www.chg.at\/wp-content\/uploads\/2017\/05\/DSC_3505-1-580x385.jpg\" class=\"attachment-cmsmasters-project-masonry-thumb size-cmsmasters-project-masonry-thumb\" alt=\"\" loading=\"lazy\" srcset=\"https:\/\/www.chg.at\/wp-content\/uploads\/2017\/05\/DSC_3505-1-580x385.jpg 580w, https:\/\/www.chg.at\/wp-content\/uploads\/2017\/05\/DSC_3505-1-300x199.jpg 300w, https:\/\/www.chg.at\/wp-content\/uploads\/2017\/05\/DSC_3505-1-768x510.jpg 768w, https:\/\/www.chg.at\/wp-content\/uploads\/2017\/05\/DSC_3505-1-1024x680.jpg 1024w, https:\/\/www.chg.at\/wp-content\/uploads\/2017\/05\/DSC_3505-1-860x571.jpg 860w, https:\/\/www.chg.at\/wp-content\/uploads\/2017\/05\/DSC_3505-1-1160x770.jpg 1160w\" sizes=\"(max-width: 580px) 100vw, 580px\" \/><\/a><\/figure><\/li><li class=\"cmsmasters_gallery_item\"><figure><a href=\"https:\/\/www.chg.at\/wp-content\/uploads\/2017\/05\/DSC_3515-1.jpg\" rel=\"ilightbox[69f191157b2ed7_35468431]\"><img width=\"580\" height=\"385\" src=\"https:\/\/www.chg.at\/wp-content\/uploads\/2017\/05\/DSC_3515-1-580x385.jpg\" class=\"attachment-cmsmasters-project-masonry-thumb size-cmsmasters-project-masonry-thumb\" alt=\"\" loading=\"lazy\" srcset=\"https:\/\/www.chg.at\/wp-content\/uploads\/2017\/05\/DSC_3515-1-580x385.jpg 580w, https:\/\/www.chg.at\/wp-content\/uploads\/2017\/05\/DSC_3515-1-300x199.jpg 300w, https:\/\/www.chg.at\/wp-content\/uploads\/2017\/05\/DSC_3515-1-768x510.jpg 768w, https:\/\/www.chg.at\/wp-content\/uploads\/2017\/05\/DSC_3515-1-1024x680.jpg 1024w, https:\/\/www.chg.at\/wp-content\/uploads\/2017\/05\/DSC_3515-1-860x571.jpg 860w, https:\/\/www.chg.at\/wp-content\/uploads\/2017\/05\/DSC_3515-1-1160x770.jpg 1160w\" sizes=\"(max-width: 580px) 100vw, 580px\" \/><\/a><\/figure><\/li><li class=\"cmsmasters_gallery_item\"><figure><a href=\"https:\/\/www.chg.at\/wp-content\/uploads\/2017\/05\/DSC_3520-1.jpg\" rel=\"ilightbox[69f191157b2ed7_35468431]\"><img width=\"580\" height=\"385\" src=\"https:\/\/www.chg.at\/wp-content\/uploads\/2017\/05\/DSC_3520-1-580x385.jpg\" class=\"attachment-cmsmasters-project-masonry-thumb size-cmsmasters-project-masonry-thumb\" alt=\"\" loading=\"lazy\" srcset=\"https:\/\/www.chg.at\/wp-content\/uploads\/2017\/05\/DSC_3520-1-580x385.jpg 580w, https:\/\/www.chg.at\/wp-content\/uploads\/2017\/05\/DSC_3520-1-300x199.jpg 300w, https:\/\/www.chg.at\/wp-content\/uploads\/2017\/05\/DSC_3520-1-768x510.jpg 768w, https:\/\/www.chg.at\/wp-content\/uploads\/2017\/05\/DSC_3520-1-1024x680.jpg 1024w, https:\/\/www.chg.at\/wp-content\/uploads\/2017\/05\/DSC_3520-1-860x571.jpg 860w, https:\/\/www.chg.at\/wp-content\/uploads\/2017\/05\/DSC_3520-1-1160x770.jpg 1160w\" sizes=\"(max-width: 580px) 100vw, 580px\" \/><\/a><\/figure><\/li><li class=\"cmsmasters_gallery_item\"><figure><a href=\"https:\/\/www.chg.at\/wp-content\/uploads\/2017\/05\/DSC_3526.jpg\" rel=\"ilightbox[69f191157b2ed7_35468431]\"><img width=\"580\" height=\"385\" src=\"https:\/\/www.chg.at\/wp-content\/uploads\/2017\/05\/DSC_3526-580x385.jpg\" class=\"attachment-cmsmasters-project-masonry-thumb size-cmsmasters-project-masonry-thumb\" alt=\"\" loading=\"lazy\" srcset=\"https:\/\/www.chg.at\/wp-content\/uploads\/2017\/05\/DSC_3526-580x385.jpg 580w, https:\/\/www.chg.at\/wp-content\/uploads\/2017\/05\/DSC_3526-300x199.jpg 300w, https:\/\/www.chg.at\/wp-content\/uploads\/2017\/05\/DSC_3526-768x510.jpg 768w, https:\/\/www.chg.at\/wp-content\/uploads\/2017\/05\/DSC_3526-1024x680.jpg 1024w, https:\/\/www.chg.at\/wp-content\/uploads\/2017\/05\/DSC_3526-860x571.jpg 860w, https:\/\/www.chg.at\/wp-content\/uploads\/2017\/05\/DSC_3526-1160x770.jpg 1160w\" sizes=\"(max-width: 580px) 100vw, 580px\" \/><\/a><\/figure><\/li><li class=\"cmsmasters_gallery_item\"><figure><a href=\"https:\/\/www.chg.at\/wp-content\/uploads\/2017\/05\/DSC_3536-1.jpg\" rel=\"ilightbox[69f191157b2ed7_35468431]\"><img width=\"580\" height=\"385\" src=\"https:\/\/www.chg.at\/wp-content\/uploads\/2017\/05\/DSC_3536-1-580x385.jpg\" class=\"attachment-cmsmasters-project-masonry-thumb size-cmsmasters-project-masonry-thumb\" alt=\"\" loading=\"lazy\" srcset=\"https:\/\/www.chg.at\/wp-content\/uploads\/2017\/05\/DSC_3536-1-580x385.jpg 580w, https:\/\/www.chg.at\/wp-content\/uploads\/2017\/05\/DSC_3536-1-300x199.jpg 300w, https:\/\/www.chg.at\/wp-content\/uploads\/2017\/05\/DSC_3536-1-768x510.jpg 768w, https:\/\/www.chg.at\/wp-content\/uploads\/2017\/05\/DSC_3536-1-1024x680.jpg 1024w, https:\/\/www.chg.at\/wp-content\/uploads\/2017\/05\/DSC_3536-1-860x571.jpg 860w, https:\/\/www.chg.at\/wp-content\/uploads\/2017\/05\/DSC_3536-1-1160x770.jpg 1160w\" sizes=\"(max-width: 580px) 100vw, 580px\" \/><\/a><\/figure><\/li><li class=\"cmsmasters_gallery_item\"><figure><a href=\"https:\/\/www.chg.at\/wp-content\/uploads\/2017\/05\/DSC_3537-1.jpg\" rel=\"ilightbox[69f191157b2ed7_35468431]\"><img width=\"580\" height=\"385\" src=\"https:\/\/www.chg.at\/wp-content\/uploads\/2017\/05\/DSC_3537-1-580x385.jpg\" class=\"attachment-cmsmasters-project-masonry-thumb size-cmsmasters-project-masonry-thumb\" alt=\"\" loading=\"lazy\" srcset=\"https:\/\/www.chg.at\/wp-content\/uploads\/2017\/05\/DSC_3537-1-580x385.jpg 580w, https:\/\/www.chg.at\/wp-content\/uploads\/2017\/05\/DSC_3537-1-300x199.jpg 300w, https:\/\/www.chg.at\/wp-content\/uploads\/2017\/05\/DSC_3537-1-768x510.jpg 768w, https:\/\/www.chg.at\/wp-content\/uploads\/2017\/05\/DSC_3537-1-1024x680.jpg 1024w, https:\/\/www.chg.at\/wp-content\/uploads\/2017\/05\/DSC_3537-1-860x571.jpg 860w, https:\/\/www.chg.at\/wp-content\/uploads\/2017\/05\/DSC_3537-1-1160x770.jpg 1160w\" sizes=\"(max-width: 580px) 100vw, 580px\" \/><\/a><\/figure><\/li><li class=\"cmsmasters_gallery_item\"><figure><a href=\"https:\/\/www.chg.at\/wp-content\/uploads\/2017\/05\/DSC_3540-1.jpg\" rel=\"ilightbox[69f191157b2ed7_35468431]\"><img width=\"580\" height=\"385\" src=\"https:\/\/www.chg.at\/wp-content\/uploads\/2017\/05\/DSC_3540-1-580x385.jpg\" class=\"attachment-cmsmasters-project-masonry-thumb size-cmsmasters-project-masonry-thumb\" alt=\"\" loading=\"lazy\" srcset=\"https:\/\/www.chg.at\/wp-content\/uploads\/2017\/05\/DSC_3540-1-580x385.jpg 580w, https:\/\/www.chg.at\/wp-content\/uploads\/2017\/05\/DSC_3540-1-300x199.jpg 300w, https:\/\/www.chg.at\/wp-content\/uploads\/2017\/05\/DSC_3540-1-768x510.jpg 768w, https:\/\/www.chg.at\/wp-content\/uploads\/2017\/05\/DSC_3540-1-1024x680.jpg 1024w, https:\/\/www.chg.at\/wp-content\/uploads\/2017\/05\/DSC_3540-1-860x571.jpg 860w, https:\/\/www.chg.at\/wp-content\/uploads\/2017\/05\/DSC_3540-1-1160x770.jpg 1160w\" sizes=\"(max-width: 580px) 100vw, 580px\" \/><\/a><\/figure><\/li><li class=\"cmsmasters_gallery_item\"><figure><a href=\"https:\/\/www.chg.at\/wp-content\/uploads\/2017\/05\/DSC_3544-1.jpg\" rel=\"ilightbox[69f191157b2ed7_35468431]\"><img width=\"580\" height=\"385\" src=\"https:\/\/www.chg.at\/wp-content\/uploads\/2017\/05\/DSC_3544-1-580x385.jpg\" class=\"attachment-cmsmasters-project-masonry-thumb size-cmsmasters-project-masonry-thumb\" alt=\"\" loading=\"lazy\" srcset=\"https:\/\/www.chg.at\/wp-content\/uploads\/2017\/05\/DSC_3544-1-580x385.jpg 580w, https:\/\/www.chg.at\/wp-content\/uploads\/2017\/05\/DSC_3544-1-300x199.jpg 300w, https:\/\/www.chg.at\/wp-content\/uploads\/2017\/05\/DSC_3544-1-768x510.jpg 768w, https:\/\/www.chg.at\/wp-content\/uploads\/2017\/05\/DSC_3544-1-1024x680.jpg 1024w, https:\/\/www.chg.at\/wp-content\/uploads\/2017\/05\/DSC_3544-1-860x571.jpg 860w, https:\/\/www.chg.at\/wp-content\/uploads\/2017\/05\/DSC_3544-1-1160x770.jpg 1160w\" sizes=\"(max-width: 580px) 100vw, 580px\" \/><\/a><\/figure><\/li><li class=\"cmsmasters_gallery_item\"><figure><a href=\"https:\/\/www.chg.at\/wp-content\/uploads\/2017\/05\/DSC_3546-1.jpg\" rel=\"ilightbox[69f191157b2ed7_35468431]\"><img width=\"580\" height=\"385\" src=\"https:\/\/www.chg.at\/wp-content\/uploads\/2017\/05\/DSC_3546-1-580x385.jpg\" class=\"attachment-cmsmasters-project-masonry-thumb size-cmsmasters-project-masonry-thumb\" alt=\"\" loading=\"lazy\" srcset=\"https:\/\/www.chg.at\/wp-content\/uploads\/2017\/05\/DSC_3546-1-580x385.jpg 580w, https:\/\/www.chg.at\/wp-content\/uploads\/2017\/05\/DSC_3546-1-300x199.jpg 300w, https:\/\/www.chg.at\/wp-content\/uploads\/2017\/05\/DSC_3546-1-768x510.jpg 768w, https:\/\/www.chg.at\/wp-content\/uploads\/2017\/05\/DSC_3546-1-1024x680.jpg 1024w, https:\/\/www.chg.at\/wp-content\/uploads\/2017\/05\/DSC_3546-1-860x571.jpg 860w, https:\/\/www.chg.at\/wp-content\/uploads\/2017\/05\/DSC_3546-1-1160x770.jpg 1160w\" sizes=\"(max-width: 580px) 100vw, 580px\" \/><\/a><\/figure><\/li><li class=\"cmsmasters_gallery_item\"><figure><a href=\"https:\/\/www.chg.at\/wp-content\/uploads\/2017\/05\/DSC_3548-1.jpg\" rel=\"ilightbox[69f191157b2ed7_35468431]\"><img width=\"580\" height=\"385\" src=\"https:\/\/www.chg.at\/wp-content\/uploads\/2017\/05\/DSC_3548-1-580x385.jpg\" class=\"attachment-cmsmasters-project-masonry-thumb size-cmsmasters-project-masonry-thumb\" alt=\"\" loading=\"lazy\" srcset=\"https:\/\/www.chg.at\/wp-content\/uploads\/2017\/05\/DSC_3548-1-580x385.jpg 580w, https:\/\/www.chg.at\/wp-content\/uploads\/2017\/05\/DSC_3548-1-300x199.jpg 300w, https:\/\/www.chg.at\/wp-content\/uploads\/2017\/05\/DSC_3548-1-768x510.jpg 768w, https:\/\/www.chg.at\/wp-content\/uploads\/2017\/05\/DSC_3548-1-1024x680.jpg 1024w, https:\/\/www.chg.at\/wp-content\/uploads\/2017\/05\/DSC_3548-1-860x571.jpg 860w, https:\/\/www.chg.at\/wp-content\/uploads\/2017\/05\/DSC_3548-1-1160x770.jpg 1160w\" sizes=\"(max-width: 580px) 100vw, 580px\" \/><\/a><\/figure><\/li><li class=\"cmsmasters_gallery_item\"><figure><a href=\"https:\/\/www.chg.at\/wp-content\/uploads\/2017\/05\/DSC_3568-1.jpg\" rel=\"ilightbox[69f191157b2ed7_35468431]\"><img width=\"580\" height=\"385\" src=\"https:\/\/www.chg.at\/wp-content\/uploads\/2017\/05\/DSC_3568-1-580x385.jpg\" class=\"attachment-cmsmasters-project-masonry-thumb size-cmsmasters-project-masonry-thumb\" alt=\"\" loading=\"lazy\" srcset=\"https:\/\/www.chg.at\/wp-content\/uploads\/2017\/05\/DSC_3568-1-580x385.jpg 580w, https:\/\/www.chg.at\/wp-content\/uploads\/2017\/05\/DSC_3568-1-300x199.jpg 300w, https:\/\/www.chg.at\/wp-content\/uploads\/2017\/05\/DSC_3568-1-768x510.jpg 768w, https:\/\/www.chg.at\/wp-content\/uploads\/2017\/05\/DSC_3568-1-1024x680.jpg 1024w, https:\/\/www.chg.at\/wp-content\/uploads\/2017\/05\/DSC_3568-1-860x571.jpg 860w, https:\/\/www.chg.at\/wp-content\/uploads\/2017\/05\/DSC_3568-1-1160x770.jpg 1160w\" sizes=\"(max-width: 580px) 100vw, 580px\" \/><\/a><\/figure><\/li><li class=\"cmsmasters_gallery_item\"><figure><a href=\"https:\/\/www.chg.at\/wp-content\/uploads\/2017\/05\/DSC_3592-1.jpg\" rel=\"ilightbox[69f191157b2ed7_35468431]\"><img width=\"580\" height=\"385\" src=\"https:\/\/www.chg.at\/wp-content\/uploads\/2017\/05\/DSC_3592-1-580x385.jpg\" class=\"attachment-cmsmasters-project-masonry-thumb size-cmsmasters-project-masonry-thumb\" alt=\"\" loading=\"lazy\" srcset=\"https:\/\/www.chg.at\/wp-content\/uploads\/2017\/05\/DSC_3592-1-580x385.jpg 580w, https:\/\/www.chg.at\/wp-content\/uploads\/2017\/05\/DSC_3592-1-300x199.jpg 300w, https:\/\/www.chg.at\/wp-content\/uploads\/2017\/05\/DSC_3592-1-768x510.jpg 768w, https:\/\/www.chg.at\/wp-content\/uploads\/2017\/05\/DSC_3592-1-1024x680.jpg 1024w, https:\/\/www.chg.at\/wp-content\/uploads\/2017\/05\/DSC_3592-1-860x571.jpg 860w, https:\/\/www.chg.at\/wp-content\/uploads\/2017\/05\/DSC_3592-1-1160x770.jpg 1160w\" sizes=\"(max-width: 580px) 100vw, 580px\" \/><\/a><\/figure><\/li><\/ul><script type=\"text\/javascript\">\r\n\t\t\t\tjQuery(document).ready(function () {\r\n\t\t\t\t\t(function ($) {\r\n\t\t\t\t\t\tif ($('#cmsmasters_gallery_69f191157b2ed7_35468431').find('.cmsmasters_gallery_item').length == '0') {\r\n\t\t\t\t\t\t\treturn false;\r\n\t\t\t\t\t\t}\r\n\t\t\t\t\t\t\r\n\t\t\t\t\t\t\r\n\t\t\t\t\t\tstartGallery( \r\n\t\t\t\t\t\t\t'69f191157b2ed7_35468431', \r\n\t\t\t\t\t\t\t'masonry', \r\n\t\t\t\t\t\t\t'false', \r\n\t\t\t\t\t\t\t'false'\r\n\t\t\t\t\t\t);\r\n\t\t\t\t\t} )(jQuery);\r\n\t\t\t\t} );\r\n\t\t\t<\/script>\r\n\t\t\t<\/div>\n<\/div>\n<\/div>\n<\/div>\n<\/div>\n<\/div>\n<\/div>\n\n","protected":false},"excerpt":{"rendered":"<p>CHG feiert die Er\u00f6ffnung der neuen Niederlassung in St. Johann in Tirol<\/p>\n","protected":false},"author":3,"featured_media":8627,"comment_status":"closed","ping_status":"open","sticky":false,"template":"","format":"image","meta":{"inline_featured_image":false},"categories":[42,56,54],"tags":[],"yoast_head":"<!-- This site is optimized with the Yoast SEO plugin v19.8 - https:\/\/yoast.com\/wordpress\/plugins\/seo\/ -->\n<title>CHG Er\u00f6ffnung Niederlassung in St. Johann in Tirol unter Leitung von Dr. Marlene Wachter<\/title>\n<meta name=\"description\" content=\"CHG feiert Er\u00f6ffnung der Niederlassung in St. Johann in Tirol \/ Kitzb\u00fchel. Feier im Hotel Post in St. Johann mit G\u00e4sten aus lokaler Wirtschaft und Politik\" \/>\n<meta name=\"robots\" content=\"index, follow, max-snippet:-1, max-image-preview:large, max-video-preview:-1\" \/>\n<link rel=\"canonical\" href=\"https:\/\/www.chg.at\/en\/20170509-chg-eroeffnet-niederlassung-in-st-johann\/\" \/>\n<meta property=\"og:locale\" content=\"en_US\" \/>\n<meta property=\"og:type\" content=\"article\" \/>\n<meta property=\"og:title\" content=\"ABC\" \/>\n<meta property=\"og:description\" content=\"DEF\" \/>\n<meta property=\"og:url\" content=\"https:\/\/www.chg.at\/en\/20170509-chg-eroeffnet-niederlassung-in-st-johann\/\" \/>\n<meta property=\"og:site_name\" content=\"CHG Czernich Rechtsanw\u00e4lte \u2013 Wir bewegen Wirtschaft\" \/>\n<meta property=\"article:published_time\" content=\"2017-05-11T20:27:00+00:00\" \/>\n<meta property=\"article:modified_time\" content=\"2019-12-12T15:25:24+00:00\" \/>\n<meta property=\"og:image\" content=\"https:\/\/www.chg.at\/wp-content\/uploads\/2017\/05\/DSC_3526-1.jpg\" \/>\n\t<meta property=\"og:image:width\" content=\"1160\" \/>\n\t<meta property=\"og:image:height\" content=\"580\" \/>\n\t<meta property=\"og:image:type\" content=\"image\/jpeg\" \/>\n<meta name=\"author\" content=\"Diana B\u00f6hme\" \/>\n<meta name=\"twitter:card\" content=\"summary_large_image\" \/>\n<meta name=\"twitter:label1\" content=\"Written by\" \/>\n\t<meta name=\"twitter:data1\" content=\"Diana B\u00f6hme\" \/>\n\t<meta name=\"twitter:label2\" content=\"Est. reading time\" \/>\n\t<meta name=\"twitter:data2\" content=\"2 minutes\" \/>\n<script type=\"application\/ld+json\" class=\"yoast-schema-graph\">{\"@context\":\"https:\/\/schema.org\",\"@graph\":[{\"@type\":\"Article\",\"@id\":\"https:\/\/www.chg.at\/en\/20170509-chg-eroeffnet-niederlassung-in-st-johann\/#article\",\"isPartOf\":{\"@id\":\"https:\/\/www.chg.at\/en\/20170509-chg-eroeffnet-niederlassung-in-st-johann\/\"},\"author\":{\"name\":\"Diana B\u00f6hme\",\"@id\":\"https:\/\/www.chg.at\/en\/#\/schema\/person\/b3b2cd248a314cf8acc3db22217f03b4\"},\"headline\":\"Er\u00f6ffnung Niederlassung in St. Johann\",\"datePublished\":\"2017-05-11T20:27:00+00:00\",\"dateModified\":\"2019-12-12T15:25:24+00:00\",\"mainEntityOfPage\":{\"@id\":\"https:\/\/www.chg.at\/en\/20170509-chg-eroeffnet-niederlassung-in-st-johann\/\"},\"wordCount\":353,\"publisher\":{\"@id\":\"https:\/\/www.chg.at\/en\/#organization\"},\"articleSection\":[\"CHG News\",\"Kanzlei\",\"Veranstaltung\"],\"inLanguage\":\"en-US\"},{\"@type\":\"WebPage\",\"@id\":\"https:\/\/www.chg.at\/en\/20170509-chg-eroeffnet-niederlassung-in-st-johann\/\",\"url\":\"https:\/\/www.chg.at\/en\/20170509-chg-eroeffnet-niederlassung-in-st-johann\/\",\"name\":\"CHG Er\u00f6ffnung Niederlassung in St. Johann in Tirol unter Leitung von Dr. Marlene Wachter\",\"isPartOf\":{\"@id\":\"https:\/\/www.chg.at\/en\/#website\"},\"datePublished\":\"2017-05-11T20:27:00+00:00\",\"dateModified\":\"2019-12-12T15:25:24+00:00\",\"description\":\"CHG feiert Er\u00f6ffnung der Niederlassung in St. Johann in Tirol \/ Kitzb\u00fchel. Feier im Hotel Post in St. Johann mit G\u00e4sten aus lokaler Wirtschaft und Politik\",\"breadcrumb\":{\"@id\":\"https:\/\/www.chg.at\/en\/20170509-chg-eroeffnet-niederlassung-in-st-johann\/#breadcrumb\"},\"inLanguage\":\"en-US\",\"potentialAction\":[{\"@type\":\"ReadAction\",\"target\":[\"https:\/\/www.chg.at\/en\/20170509-chg-eroeffnet-niederlassung-in-st-johann\/\"]}]},{\"@type\":\"BreadcrumbList\",\"@id\":\"https:\/\/www.chg.at\/en\/20170509-chg-eroeffnet-niederlassung-in-st-johann\/#breadcrumb\",\"itemListElement\":[{\"@type\":\"ListItem\",\"position\":1,\"name\":\"Startseite\",\"item\":\"https:\/\/www.chg.at\/en\/\"},{\"@type\":\"ListItem\",\"position\":2,\"name\":\"Er\u00f6ffnung Niederlassung in St. Johann\"}]},{\"@type\":\"WebSite\",\"@id\":\"https:\/\/www.chg.at\/en\/#website\",\"url\":\"https:\/\/www.chg.at\/en\/\",\"name\":\"CHG Czernich Rechtsanw\u00e4lte \u2013 Wir bewegen Wirtschaft\",\"description\":\"Wir sorgen f\u00fcr Klarheit, wenn es rechtlich kompliziert wird. In jeder Phase Ihrer Unternehmungen. Sie ergreifen die Chancen. Wir verwandeln Risiken in L\u00f6sungen.\",\"publisher\":{\"@id\":\"https:\/\/www.chg.at\/en\/#organization\"},\"potentialAction\":[{\"@type\":\"SearchAction\",\"target\":{\"@type\":\"EntryPoint\",\"urlTemplate\":\"https:\/\/www.chg.at\/en\/?s={search_term_string}\"},\"query-input\":\"required name=search_term_string\"}],\"inLanguage\":\"en-US\"},{\"@type\":\"Organization\",\"@id\":\"https:\/\/www.chg.at\/en\/#organization\",\"name\":\"CHG Czernich Rechtsanw\u00e4lte\",\"url\":\"https:\/\/www.chg.at\/en\/\",\"sameAs\":[\"https:\/\/www.linkedin.com\/company\/12773263\/admin\/dashboard\/\"],\"logo\":{\"@type\":\"ImageObject\",\"inLanguage\":\"en-US\",\"@id\":\"https:\/\/www.chg.at\/en\/#\/schema\/logo\/image\/\",\"url\":\"https:\/\/www.chg.at\/wp-content\/uploads\/2016\/08\/CHG_logo_250_1.png\",\"contentUrl\":\"https:\/\/www.chg.at\/wp-content\/uploads\/2016\/08\/CHG_logo_250_1.png\",\"width\":250,\"height\":33,\"caption\":\"CHG Czernich Rechtsanw\u00e4lte\"},\"image\":{\"@id\":\"https:\/\/www.chg.at\/en\/#\/schema\/logo\/image\/\"}},{\"@type\":\"Person\",\"@id\":\"https:\/\/www.chg.at\/en\/#\/schema\/person\/b3b2cd248a314cf8acc3db22217f03b4\",\"name\":\"Diana B\u00f6hme\"}]}<\/script>\n<!-- \/ Yoast SEO plugin. -->","yoast_head_json":{"title":"CHG Er\u00f6ffnung Niederlassung in St. Johann in Tirol unter Leitung von Dr. Marlene Wachter","description":"CHG feiert Er\u00f6ffnung der Niederlassung in St. Johann in Tirol \/ Kitzb\u00fchel. Feier im Hotel Post in St. Johann mit G\u00e4sten aus lokaler Wirtschaft und Politik","robots":{"index":"index","follow":"follow","max-snippet":"max-snippet:-1","max-image-preview":"max-image-preview:large","max-video-preview":"max-video-preview:-1"},"canonical":"https:\/\/www.chg.at\/en\/20170509-chg-eroeffnet-niederlassung-in-st-johann\/","og_locale":"en_US","og_type":"article","og_title":"ABC","og_description":"DEF","og_url":"https:\/\/www.chg.at\/en\/20170509-chg-eroeffnet-niederlassung-in-st-johann\/","og_site_name":"CHG Czernich Rechtsanw\u00e4lte \u2013 Wir bewegen Wirtschaft","article_published_time":"2017-05-11T20:27:00+00:00","article_modified_time":"2019-12-12T15:25:24+00:00","og_image":[{"width":1160,"height":580,"url":"https:\/\/www.chg.at\/wp-content\/uploads\/2017\/05\/DSC_3526-1.jpg","type":"image\/jpeg"}],"author":"Diana B\u00f6hme","twitter_card":"summary_large_image","twitter_misc":{"Written by":"Diana B\u00f6hme","Est. reading time":"2 minutes"},"schema":{"@context":"https:\/\/schema.org","@graph":[{"@type":"Article","@id":"https:\/\/www.chg.at\/en\/20170509-chg-eroeffnet-niederlassung-in-st-johann\/#article","isPartOf":{"@id":"https:\/\/www.chg.at\/en\/20170509-chg-eroeffnet-niederlassung-in-st-johann\/"},"author":{"name":"Diana B\u00f6hme","@id":"https:\/\/www.chg.at\/en\/#\/schema\/person\/b3b2cd248a314cf8acc3db22217f03b4"},"headline":"Er\u00f6ffnung Niederlassung in St. Johann","datePublished":"2017-05-11T20:27:00+00:00","dateModified":"2019-12-12T15:25:24+00:00","mainEntityOfPage":{"@id":"https:\/\/www.chg.at\/en\/20170509-chg-eroeffnet-niederlassung-in-st-johann\/"},"wordCount":353,"publisher":{"@id":"https:\/\/www.chg.at\/en\/#organization"},"articleSection":["CHG News","Kanzlei","Veranstaltung"],"inLanguage":"en-US"},{"@type":"WebPage","@id":"https:\/\/www.chg.at\/en\/20170509-chg-eroeffnet-niederlassung-in-st-johann\/","url":"https:\/\/www.chg.at\/en\/20170509-chg-eroeffnet-niederlassung-in-st-johann\/","name":"CHG Er\u00f6ffnung Niederlassung in St. Johann in Tirol unter Leitung von Dr. Marlene Wachter","isPartOf":{"@id":"https:\/\/www.chg.at\/en\/#website"},"datePublished":"2017-05-11T20:27:00+00:00","dateModified":"2019-12-12T15:25:24+00:00","description":"CHG feiert Er\u00f6ffnung der Niederlassung in St. Johann in Tirol \/ Kitzb\u00fchel. Feier im Hotel Post in St. Johann mit G\u00e4sten aus lokaler Wirtschaft und Politik","breadcrumb":{"@id":"https:\/\/www.chg.at\/en\/20170509-chg-eroeffnet-niederlassung-in-st-johann\/#breadcrumb"},"inLanguage":"en-US","potentialAction":[{"@type":"ReadAction","target":["https:\/\/www.chg.at\/en\/20170509-chg-eroeffnet-niederlassung-in-st-johann\/"]}]},{"@type":"BreadcrumbList","@id":"https:\/\/www.chg.at\/en\/20170509-chg-eroeffnet-niederlassung-in-st-johann\/#breadcrumb","itemListElement":[{"@type":"ListItem","position":1,"name":"Startseite","item":"https:\/\/www.chg.at\/en\/"},{"@type":"ListItem","position":2,"name":"Er\u00f6ffnung Niederlassung in St. Johann"}]},{"@type":"WebSite","@id":"https:\/\/www.chg.at\/en\/#website","url":"https:\/\/www.chg.at\/en\/","name":"CHG Czernich Rechtsanw\u00e4lte \u2013 Wir bewegen Wirtschaft","description":"Wir sorgen f\u00fcr Klarheit, wenn es rechtlich kompliziert wird. In jeder Phase Ihrer Unternehmungen. Sie ergreifen die Chancen. Wir verwandeln Risiken in L\u00f6sungen.","publisher":{"@id":"https:\/\/www.chg.at\/en\/#organization"},"potentialAction":[{"@type":"SearchAction","target":{"@type":"EntryPoint","urlTemplate":"https:\/\/www.chg.at\/en\/?s={search_term_string}"},"query-input":"required name=search_term_string"}],"inLanguage":"en-US"},{"@type":"Organization","@id":"https:\/\/www.chg.at\/en\/#organization","name":"CHG Czernich Rechtsanw\u00e4lte","url":"https:\/\/www.chg.at\/en\/","sameAs":["https:\/\/www.linkedin.com\/company\/12773263\/admin\/dashboard\/"],"logo":{"@type":"ImageObject","inLanguage":"en-US","@id":"https:\/\/www.chg.at\/en\/#\/schema\/logo\/image\/","url":"https:\/\/www.chg.at\/wp-content\/uploads\/2016\/08\/CHG_logo_250_1.png","contentUrl":"https:\/\/www.chg.at\/wp-content\/uploads\/2016\/08\/CHG_logo_250_1.png","width":250,"height":33,"caption":"CHG Czernich Rechtsanw\u00e4lte"},"image":{"@id":"https:\/\/www.chg.at\/en\/#\/schema\/logo\/image\/"}},{"@type":"Person","@id":"https:\/\/www.chg.at\/en\/#\/schema\/person\/b3b2cd248a314cf8acc3db22217f03b4","name":"Diana B\u00f6hme"}]}},"_links":{"self":[{"href":"https:\/\/www.chg.at\/en\/wp-json\/wp\/v2\/posts\/9295"}],"collection":[{"href":"https:\/\/www.chg.at\/en\/wp-json\/wp\/v2\/posts"}],"about":[{"href":"https:\/\/www.chg.at\/en\/wp-json\/wp\/v2\/types\/post"}],"author":[{"embeddable":true,"href":"https:\/\/www.chg.at\/en\/wp-json\/wp\/v2\/users\/3"}],"replies":[{"embeddable":true,"href":"https:\/\/www.chg.at\/en\/wp-json\/wp\/v2\/comments?post=9295"}],"version-history":[{"count":6,"href":"https:\/\/www.chg.at\/en\/wp-json\/wp\/v2\/posts\/9295\/revisions"}],"predecessor-version":[{"id":11449,"href":"https:\/\/www.chg.at\/en\/wp-json\/wp\/v2\/posts\/9295\/revisions\/11449"}],"wp:featuredmedia":[{"embeddable":true,"href":"https:\/\/www.chg.at\/en\/wp-json\/wp\/v2\/media\/8627"}],"wp:attachment":[{"href":"https:\/\/www.chg.at\/en\/wp-json\/wp\/v2\/media?parent=9295"}],"wp:term":[{"taxonomy":"category","embeddable":true,"href":"https:\/\/www.chg.at\/en\/wp-json\/wp\/v2\/categories?post=9295"},{"taxonomy":"post_tag","embeddable":true,"href":"https:\/\/www.chg.at\/en\/wp-json\/wp\/v2\/tags?post=9295"}],"curies":[{"name":"wp","href":"https:\/\/api.w.org\/{rel}","templated":true}]}}