{"id":9301,"date":"2017-04-20T11:20:01","date_gmt":"2017-04-20T09:20:01","guid":{"rendered":"https:\/\/www.chg.at\/201703-vortrag-beihilferecht\/"},"modified":"2018-05-24T18:56:11","modified_gmt":"2018-05-24T16:56:11","slug":"201703-vortrag-beihilferecht","status":"publish","type":"post","link":"https:\/\/www.chg.at\/en\/201703-vortrag-beihilferecht\/","title":{"rendered":"Vortrag von Univ.-Prof. Dr. Arno Kahl zum Beihilferecht"},"content":{"rendered":"<style type=\"text\/css\"> \n#cmsmasters_row_69f2bd4fd1cea3_50229524 .cmsmasters_row_outer_parent { \n\tpadding-top: 0px; \n} \n\n#cmsmasters_row_69f2bd4fd1cea3_50229524 .cmsmasters_row_outer_parent { \n\tpadding-bottom: 0px; \n} \n\n \n#cmsmasters_row_69f2bd4fd1e9e8_17322136 .cmsmasters_row_outer_parent { \n\tpadding-top: 0px; \n} \n\n#cmsmasters_row_69f2bd4fd1e9e8_17322136 .cmsmasters_row_outer_parent { \n\tpadding-bottom: 40px; \n} \n\n \n#cmsmasters_divider_69f2bd4fd1f854_37624011 { \n\tborder-bottom-width:1px; \n\tborder-bottom-style:dotted; \n\tpadding-top:10px; \n\tmargin-bottom:20px; \n\tborder-bottom-color:#aaaaaa;\n} \n \n#cmsmasters_divider_69f2bd4fd20155_93039038 { \n\tborder-bottom-width:1px; \n\tborder-bottom-style:dotted; \n\tpadding-top:10px; \n\tmargin-bottom:20px; \n\tborder-bottom-color:#aaaaaa;\n} \n<\/style><div id=\"cmsmasters_row_69f2bd4fd1cea3_50229524\" class=\"cmsmasters_row cmsmasters_color_scheme_default cmsmasters_row_top_default cmsmasters_row_bot_default cmsmasters_row_boxed\">\n<div class=\"cmsmasters_row_outer_parent\">\n<div class=\"cmsmasters_row_outer\">\n<div class=\"cmsmasters_row_inner\">\n<div class=\"cmsmasters_row_margin\">\n<div class=\"cmsmasters_column one_first\">\n<div class=\"cmsmasters_text\">\n<h1><strong>Beihilferecht<br \/>\n<\/strong><\/h1>\n<h3><span style=\"color: #d43555;\">Schutz des unverf\u00e4lschten Wettbewerbs vor einseitigen Vorteilszuwendungen der \u00f6ffentlichen Hand?<\/span><\/h3>\n<p>Herr Dr. Arno Kahl ist Universit\u00e4tsprofessor und Institutsleiter am Institut f\u00fcr \u00d6ffentliches Recht, Staats- und Verwaltungslehre der Leopold-Franzens-Universit\u00e4t Innsbruck. In seiner Forschung besch\u00e4ftigt er sich unter anderem mit dem europ\u00e4ischen Beihilferecht.<\/p>\n<p>Das europ\u00e4ische Beihilferecht beabsichtigt den Schutz des unverf\u00e4lschten Wettbewerbs vor einseitigen Vorteilszuwendungen der \u00f6ffentlichen Hand an bestimmte Unternehmer. Es begleitet dabei immer mehr das \u00f6ffentliche Vergaberecht und auch \u00f6ffentliche Auftragsvergaben werden immer h\u00e4ufiger aus diesem Blickwinkel \u00fcberpr\u00fcft. Im Gegensatz zum Recht gegen \u201eprivate\u201c Wettbewerbsbeschr\u00e4nkungen (wie zB Kartelle, Missbrauch einer marktbeherrschenden Stellung) richtet sich die Beihilfenaufsicht unmittelbar an die Mitgliedstaaten und gegen diesen zurechenbare Wettbewerbsbeschr\u00e4nkungen. Die Europ\u00e4ische Kommission kontrolliert dabei nationale Subventions- und F\u00f6rderma\u00dfnahmen der \u00f6ffentlichen Hand zugunsten heimischer Unternehmen. Wenn durch solche Aktivit\u00e4ten der Wettbewerb verf\u00e4lscht und der zwischenstaatliche Handel beeintr\u00e4chtigt werden kann, dann sind derartige F\u00f6rderma\u00dfnahmen grunds\u00e4tzlich verboten. Es drohen Auskunftsersuchen, Hausdurchsuchungen, Rechtsmittel und Geldbu\u00dfen.<\/p>\n<p>Ziel der Veranstaltung ist das Vermitteln eines \u00dcberblicks \u00fcber das aktuelle Beihilfenrecht, die Sensibilisierung des Themas und das Aufzeigen von M\u00f6glichkeiten zur rechtskonformen F\u00f6rderung durch die \u00f6ffentliche Hand. In der Diskussion k\u00f6nnen konkrete Anlassf\u00e4lle der Betroffenen er\u00f6rtert werden.<\/p>\n<p><strong>Termin<\/strong><br \/>\nMittwoch, 19. April 2017, 16:00 Uhr \u2013 ca. 17:30 Uhr<\/p>\n<p><strong>Ort<\/strong><br \/>\nCHG Czernich Rechtsanw\u00e4lte, Bozner Platz 4, 6020 Innsbruck<\/p>\n<p><strong>Vortragender<\/strong><br \/>\nUniv.-Prof. Dr. Arno Kahl, Institut f\u00fcr \u00d6ffentliches Recht, Staats- und Verwaltungslehre der Leopold-Franzens-Universit\u00e4t Innsbruck<\/p>\n<p><strong>Moderation<\/strong><br \/>\nRA Dr. G\u00fcnther Gast, LL.M., CHG Czernich Rechtsanw\u00e4lte<\/p>\n<\/div>\n<\/div>\n<\/div>\n<\/div>\n<\/div>\n<\/div>\n<\/div>\n<div id=\"cmsmasters_row_69f2bd4fd1e9e8_17322136\" class=\"cmsmasters_row cmsmasters_color_scheme_default cmsmasters_row_top_default cmsmasters_row_bot_default cmsmasters_row_boxed\">\n<div class=\"cmsmasters_row_outer_parent\">\n<div class=\"cmsmasters_row_outer\">\n<div class=\"cmsmasters_row_inner\">\n<div class=\"cmsmasters_row_margin\">\n<div class=\"cmsmasters_column one_half\">\n\n<div id=\"cmsmasters_divider_69f2bd4fd1f854_37624011\" class=\"cmsmasters_divider cmsmasters_divider_width_long cmsmasters_divider_pos_left\"><\/div>\n<\/div>\n<div class=\"cmsmasters_column one_half\">\n\n<div id=\"cmsmasters_divider_69f2bd4fd20155_93039038\" class=\"cmsmasters_divider cmsmasters_divider_width_long cmsmasters_divider_pos_left\"><\/div>\n<\/div>\n<\/div>\n<\/div>\n<\/div>\n<\/div>\n<\/div>\n\n","protected":false},"excerpt":{"rendered":"<p>Das Thema der Beihilferecht war Gegenstand eines hochkar\u00e4tigen Vortrages von Univ.-Prof. Dr. Arno Kahl am 19.04.2017 in den R\u00e4umlichkeiten unserer Kanzlei.<\/p>\n","protected":false},"author":2,"featured_media":5952,"comment_status":"closed","ping_status":"open","sticky":false,"template":"","format":"image","meta":{"inline_featured_image":false},"categories":[42,54],"tags":[],"yoast_head":"<!-- This site is optimized with the Yoast SEO plugin v19.8 - https:\/\/yoast.com\/wordpress\/plugins\/seo\/ -->\n<title>Vortrag von Univ.-Prof. Dr. Arno Kahl zum Beihilferecht \u2013 CHG Czernich Rechtsanw\u00e4lte<\/title>\n<meta name=\"description\" content=\"Beihilferecht, Schutz des unverf\u00e4lschten Wettbewerbs vor einseitigen Vorteilszuwendungen der \u00f6ffentlichen Hand? \u2013 CHG Czernich Rechtsanw\u00e4lte, Innsbruck\" \/>\n<meta name=\"robots\" content=\"index, follow, max-snippet:-1, max-image-preview:large, max-video-preview:-1\" \/>\n<link rel=\"canonical\" href=\"https:\/\/www.chg.at\/en\/201703-vortrag-beihilferecht\/\" \/>\n<meta property=\"og:locale\" content=\"en_US\" \/>\n<meta property=\"og:type\" content=\"article\" \/>\n<meta property=\"og:title\" content=\"ABC\" \/>\n<meta property=\"og:description\" content=\"DEF\" \/>\n<meta property=\"og:url\" content=\"https:\/\/www.chg.at\/en\/201703-vortrag-beihilferecht\/\" \/>\n<meta property=\"og:site_name\" content=\"CHG Czernich Rechtsanw\u00e4lte \u2013 Wir bewegen Wirtschaft\" \/>\n<meta property=\"article:published_time\" content=\"2017-04-20T09:20:01+00:00\" \/>\n<meta property=\"article:modified_time\" content=\"2018-05-24T16:56:11+00:00\" \/>\n<meta property=\"og:image\" content=\"https:\/\/www.chg.at\/wp-content\/uploads\/2016\/09\/download-2-Kopie-4-e1493202545166.jpg\" \/>\n\t<meta property=\"og:image:width\" content=\"1160\" \/>\n\t<meta property=\"og:image:height\" content=\"580\" \/>\n\t<meta property=\"og:image:type\" content=\"image\/jpeg\" \/>\n<meta name=\"author\" content=\"G\u00fcnther Gast\" \/>\n<meta name=\"twitter:card\" content=\"summary_large_image\" \/>\n<meta name=\"twitter:label1\" content=\"Written by\" \/>\n\t<meta name=\"twitter:data1\" content=\"G\u00fcnther Gast\" \/>\n\t<meta name=\"twitter:label2\" content=\"Est. reading time\" \/>\n\t<meta name=\"twitter:data2\" content=\"2 minutes\" \/>\n<script type=\"application\/ld+json\" class=\"yoast-schema-graph\">{\"@context\":\"https:\/\/schema.org\",\"@graph\":[{\"@type\":\"Article\",\"@id\":\"https:\/\/www.chg.at\/en\/201703-vortrag-beihilferecht\/#article\",\"isPartOf\":{\"@id\":\"https:\/\/www.chg.at\/en\/201703-vortrag-beihilferecht\/\"},\"author\":{\"name\":\"G\u00fcnther Gast\",\"@id\":\"https:\/\/www.chg.at\/en\/#\/schema\/person\/42aef9ae5bda6a94080e62b8f2afa506\"},\"headline\":\"Vortrag von Univ.-Prof. Dr. Arno Kahl zum Beihilferecht\",\"datePublished\":\"2017-04-20T09:20:01+00:00\",\"dateModified\":\"2018-05-24T16:56:11+00:00\",\"mainEntityOfPage\":{\"@id\":\"https:\/\/www.chg.at\/en\/201703-vortrag-beihilferecht\/\"},\"wordCount\":372,\"publisher\":{\"@id\":\"https:\/\/www.chg.at\/en\/#organization\"},\"articleSection\":[\"CHG News\",\"Veranstaltung\"],\"inLanguage\":\"en-US\"},{\"@type\":\"WebPage\",\"@id\":\"https:\/\/www.chg.at\/en\/201703-vortrag-beihilferecht\/\",\"url\":\"https:\/\/www.chg.at\/en\/201703-vortrag-beihilferecht\/\",\"name\":\"Vortrag von Univ.-Prof. Dr. Arno Kahl zum Beihilferecht \u2013 CHG Czernich Rechtsanw\u00e4lte\",\"isPartOf\":{\"@id\":\"https:\/\/www.chg.at\/en\/#website\"},\"datePublished\":\"2017-04-20T09:20:01+00:00\",\"dateModified\":\"2018-05-24T16:56:11+00:00\",\"description\":\"Beihilferecht, Schutz des unverf\u00e4lschten Wettbewerbs vor einseitigen Vorteilszuwendungen der \u00f6ffentlichen Hand? \u2013 CHG Czernich Rechtsanw\u00e4lte, Innsbruck\",\"breadcrumb\":{\"@id\":\"https:\/\/www.chg.at\/en\/201703-vortrag-beihilferecht\/#breadcrumb\"},\"inLanguage\":\"en-US\",\"potentialAction\":[{\"@type\":\"ReadAction\",\"target\":[\"https:\/\/www.chg.at\/en\/201703-vortrag-beihilferecht\/\"]}]},{\"@type\":\"BreadcrumbList\",\"@id\":\"https:\/\/www.chg.at\/en\/201703-vortrag-beihilferecht\/#breadcrumb\",\"itemListElement\":[{\"@type\":\"ListItem\",\"position\":1,\"name\":\"Startseite\",\"item\":\"https:\/\/www.chg.at\/en\/\"},{\"@type\":\"ListItem\",\"position\":2,\"name\":\"Vortrag von Univ.-Prof. Dr. Arno Kahl zum Beihilferecht\"}]},{\"@type\":\"WebSite\",\"@id\":\"https:\/\/www.chg.at\/en\/#website\",\"url\":\"https:\/\/www.chg.at\/en\/\",\"name\":\"CHG Czernich Rechtsanw\u00e4lte \u2013 Wir bewegen Wirtschaft\",\"description\":\"Wir sorgen f\u00fcr Klarheit, wenn es rechtlich kompliziert wird. In jeder Phase Ihrer Unternehmungen. Sie ergreifen die Chancen. Wir verwandeln Risiken in L\u00f6sungen.\",\"publisher\":{\"@id\":\"https:\/\/www.chg.at\/en\/#organization\"},\"potentialAction\":[{\"@type\":\"SearchAction\",\"target\":{\"@type\":\"EntryPoint\",\"urlTemplate\":\"https:\/\/www.chg.at\/en\/?s={search_term_string}\"},\"query-input\":\"required name=search_term_string\"}],\"inLanguage\":\"en-US\"},{\"@type\":\"Organization\",\"@id\":\"https:\/\/www.chg.at\/en\/#organization\",\"name\":\"CHG Czernich Rechtsanw\u00e4lte\",\"url\":\"https:\/\/www.chg.at\/en\/\",\"sameAs\":[\"https:\/\/www.linkedin.com\/company\/12773263\/admin\/dashboard\/\"],\"logo\":{\"@type\":\"ImageObject\",\"inLanguage\":\"en-US\",\"@id\":\"https:\/\/www.chg.at\/en\/#\/schema\/logo\/image\/\",\"url\":\"https:\/\/www.chg.at\/wp-content\/uploads\/2016\/08\/CHG_logo_250_1.png\",\"contentUrl\":\"https:\/\/www.chg.at\/wp-content\/uploads\/2016\/08\/CHG_logo_250_1.png\",\"width\":250,\"height\":33,\"caption\":\"CHG Czernich Rechtsanw\u00e4lte\"},\"image\":{\"@id\":\"https:\/\/www.chg.at\/en\/#\/schema\/logo\/image\/\"}},{\"@type\":\"Person\",\"@id\":\"https:\/\/www.chg.at\/en\/#\/schema\/person\/42aef9ae5bda6a94080e62b8f2afa506\",\"name\":\"G\u00fcnther Gast\"}]}<\/script>\n<!-- \/ Yoast SEO plugin. -->","yoast_head_json":{"title":"Vortrag von Univ.-Prof. Dr. Arno Kahl zum Beihilferecht \u2013 CHG Czernich Rechtsanw\u00e4lte","description":"Beihilferecht, Schutz des unverf\u00e4lschten Wettbewerbs vor einseitigen Vorteilszuwendungen der \u00f6ffentlichen Hand? \u2013 CHG Czernich Rechtsanw\u00e4lte, Innsbruck","robots":{"index":"index","follow":"follow","max-snippet":"max-snippet:-1","max-image-preview":"max-image-preview:large","max-video-preview":"max-video-preview:-1"},"canonical":"https:\/\/www.chg.at\/en\/201703-vortrag-beihilferecht\/","og_locale":"en_US","og_type":"article","og_title":"ABC","og_description":"DEF","og_url":"https:\/\/www.chg.at\/en\/201703-vortrag-beihilferecht\/","og_site_name":"CHG Czernich Rechtsanw\u00e4lte \u2013 Wir bewegen Wirtschaft","article_published_time":"2017-04-20T09:20:01+00:00","article_modified_time":"2018-05-24T16:56:11+00:00","og_image":[{"width":1160,"height":580,"url":"https:\/\/www.chg.at\/wp-content\/uploads\/2016\/09\/download-2-Kopie-4-e1493202545166.jpg","type":"image\/jpeg"}],"author":"G\u00fcnther Gast","twitter_card":"summary_large_image","twitter_misc":{"Written by":"G\u00fcnther Gast","Est. reading time":"2 minutes"},"schema":{"@context":"https:\/\/schema.org","@graph":[{"@type":"Article","@id":"https:\/\/www.chg.at\/en\/201703-vortrag-beihilferecht\/#article","isPartOf":{"@id":"https:\/\/www.chg.at\/en\/201703-vortrag-beihilferecht\/"},"author":{"name":"G\u00fcnther Gast","@id":"https:\/\/www.chg.at\/en\/#\/schema\/person\/42aef9ae5bda6a94080e62b8f2afa506"},"headline":"Vortrag von Univ.-Prof. Dr. Arno Kahl zum Beihilferecht","datePublished":"2017-04-20T09:20:01+00:00","dateModified":"2018-05-24T16:56:11+00:00","mainEntityOfPage":{"@id":"https:\/\/www.chg.at\/en\/201703-vortrag-beihilferecht\/"},"wordCount":372,"publisher":{"@id":"https:\/\/www.chg.at\/en\/#organization"},"articleSection":["CHG News","Veranstaltung"],"inLanguage":"en-US"},{"@type":"WebPage","@id":"https:\/\/www.chg.at\/en\/201703-vortrag-beihilferecht\/","url":"https:\/\/www.chg.at\/en\/201703-vortrag-beihilferecht\/","name":"Vortrag von Univ.-Prof. Dr. Arno Kahl zum Beihilferecht \u2013 CHG Czernich Rechtsanw\u00e4lte","isPartOf":{"@id":"https:\/\/www.chg.at\/en\/#website"},"datePublished":"2017-04-20T09:20:01+00:00","dateModified":"2018-05-24T16:56:11+00:00","description":"Beihilferecht, Schutz des unverf\u00e4lschten Wettbewerbs vor einseitigen Vorteilszuwendungen der \u00f6ffentlichen Hand? \u2013 CHG Czernich Rechtsanw\u00e4lte, Innsbruck","breadcrumb":{"@id":"https:\/\/www.chg.at\/en\/201703-vortrag-beihilferecht\/#breadcrumb"},"inLanguage":"en-US","potentialAction":[{"@type":"ReadAction","target":["https:\/\/www.chg.at\/en\/201703-vortrag-beihilferecht\/"]}]},{"@type":"BreadcrumbList","@id":"https:\/\/www.chg.at\/en\/201703-vortrag-beihilferecht\/#breadcrumb","itemListElement":[{"@type":"ListItem","position":1,"name":"Startseite","item":"https:\/\/www.chg.at\/en\/"},{"@type":"ListItem","position":2,"name":"Vortrag von Univ.-Prof. Dr. Arno Kahl zum Beihilferecht"}]},{"@type":"WebSite","@id":"https:\/\/www.chg.at\/en\/#website","url":"https:\/\/www.chg.at\/en\/","name":"CHG Czernich Rechtsanw\u00e4lte \u2013 Wir bewegen Wirtschaft","description":"Wir sorgen f\u00fcr Klarheit, wenn es rechtlich kompliziert wird. In jeder Phase Ihrer Unternehmungen. Sie ergreifen die Chancen. Wir verwandeln Risiken in L\u00f6sungen.","publisher":{"@id":"https:\/\/www.chg.at\/en\/#organization"},"potentialAction":[{"@type":"SearchAction","target":{"@type":"EntryPoint","urlTemplate":"https:\/\/www.chg.at\/en\/?s={search_term_string}"},"query-input":"required name=search_term_string"}],"inLanguage":"en-US"},{"@type":"Organization","@id":"https:\/\/www.chg.at\/en\/#organization","name":"CHG Czernich Rechtsanw\u00e4lte","url":"https:\/\/www.chg.at\/en\/","sameAs":["https:\/\/www.linkedin.com\/company\/12773263\/admin\/dashboard\/"],"logo":{"@type":"ImageObject","inLanguage":"en-US","@id":"https:\/\/www.chg.at\/en\/#\/schema\/logo\/image\/","url":"https:\/\/www.chg.at\/wp-content\/uploads\/2016\/08\/CHG_logo_250_1.png","contentUrl":"https:\/\/www.chg.at\/wp-content\/uploads\/2016\/08\/CHG_logo_250_1.png","width":250,"height":33,"caption":"CHG Czernich Rechtsanw\u00e4lte"},"image":{"@id":"https:\/\/www.chg.at\/en\/#\/schema\/logo\/image\/"}},{"@type":"Person","@id":"https:\/\/www.chg.at\/en\/#\/schema\/person\/42aef9ae5bda6a94080e62b8f2afa506","name":"G\u00fcnther Gast"}]}},"_links":{"self":[{"href":"https:\/\/www.chg.at\/en\/wp-json\/wp\/v2\/posts\/9301"}],"collection":[{"href":"https:\/\/www.chg.at\/en\/wp-json\/wp\/v2\/posts"}],"about":[{"href":"https:\/\/www.chg.at\/en\/wp-json\/wp\/v2\/types\/post"}],"author":[{"embeddable":true,"href":"https:\/\/www.chg.at\/en\/wp-json\/wp\/v2\/users\/2"}],"replies":[{"embeddable":true,"href":"https:\/\/www.chg.at\/en\/wp-json\/wp\/v2\/comments?post=9301"}],"version-history":[{"count":1,"href":"https:\/\/www.chg.at\/en\/wp-json\/wp\/v2\/posts\/9301\/revisions"}],"predecessor-version":[{"id":9302,"href":"https:\/\/www.chg.at\/en\/wp-json\/wp\/v2\/posts\/9301\/revisions\/9302"}],"wp:featuredmedia":[{"embeddable":true,"href":"https:\/\/www.chg.at\/en\/wp-json\/wp\/v2\/media\/5952"}],"wp:attachment":[{"href":"https:\/\/www.chg.at\/en\/wp-json\/wp\/v2\/media?parent=9301"}],"wp:term":[{"taxonomy":"category","embeddable":true,"href":"https:\/\/www.chg.at\/en\/wp-json\/wp\/v2\/categories?post=9301"},{"taxonomy":"post_tag","embeddable":true,"href":"https:\/\/www.chg.at\/en\/wp-json\/wp\/v2\/tags?post=9301"}],"curies":[{"name":"wp","href":"https:\/\/api.w.org\/{rel}","templated":true}]}}