{"id":9546,"date":"2018-05-03T13:22:44","date_gmt":"2018-05-03T11:22:44","guid":{"rendered":"https:\/\/www.chg.at\/?p=9546"},"modified":"2018-05-24T18:52:36","modified_gmt":"2018-05-24T16:52:36","slug":"20180503-top-platzierung-fuer-chg","status":"publish","type":"post","link":"https:\/\/www.chg.at\/en\/20180503-top-platzierung-fuer-chg\/","title":{"rendered":"Wieder Top-Platzierung f\u00fcr CHG im Trend-Anwalts-Ranking"},"content":{"rendered":"<style type=\"text\/css\"> \n#cmsmasters_row_69f2cd02d27342_01722414 .cmsmasters_row_outer_parent { \n\tpadding-top: 0px; \n} \n\n#cmsmasters_row_69f2cd02d27342_01722414 .cmsmasters_row_outer_parent { \n\tpadding-bottom: 0px; \n} \n\n \n#cmsmasters_row_69f2cd02d28cf1_32183245 .cmsmasters_row_outer_parent { \n\tpadding-top: 0px; \n} \n\n#cmsmasters_row_69f2cd02d28cf1_32183245 .cmsmasters_row_outer_parent { \n\tpadding-bottom: 40px; \n} \n\n<\/style><div id=\"cmsmasters_row_69f2cd02d27342_01722414\" class=\"cmsmasters_row cmsmasters_color_scheme_default cmsmasters_row_top_default cmsmasters_row_bot_default cmsmasters_row_boxed\">\n<div class=\"cmsmasters_row_outer_parent\">\n<div class=\"cmsmasters_row_outer\">\n<div class=\"cmsmasters_row_inner\">\n<div class=\"cmsmasters_row_margin\">\n<div class=\"cmsmasters_column one_first\">\n<div class=\"cmsmasters_text\">\n<h1>CHG Czernich Rchtsanw\u00e4lte wieder mit TOP-Platzierung im Anwaltsranking<\/h1>\n<h3><span style=\"color: #d43555;\">CHG erreicht Platz 2 in der Kategorie der besten Kanzleien au\u00dferhalb Wiens<br \/>\n<\/span><\/h3>\n<div class=\"cmsmasters_dropcap type1\">Das<\/div> <a href=\"https:\/\/www.trend.at\/magazin\">Wirtschaftsmagazin trend<\/a> hat auch dieses Jahr wieder das Ranking der 250 besten Anw\u00e4lte \u00d6sterreichs vorgenommen (Nr. 17, S 63). Die Reihung erfolgt auf Grundlage einer Bewertung durch andere Anw\u00e4lte. Es freut uns au\u00dferordentlich, dass wir als CHG Czernich Rechtsanw\u00e4lte unseren Aufw\u00e4rtstrend der letzten Jahre fortgesetzt haben und gemeinsam mit der Kanzlei Greiter Pegger Kofler ex aequo <strong>Platz 2 in der Kategorie der besten Kanzleien au\u00dferhalb Wiens<\/strong> erreicht haben. In West\u00f6sterreich sind wir dabei ex aequo die bestgereihte Anwaltskanzlei.<\/p>\n<p>&nbsp;<\/p>\n<p>Wir f\u00fchren dieses hervorragende Ergebnis auf unseren Willen zur Top-Qualit\u00e4t in der Rechtsberatung und das von unseren Mandanten entgegengebrachte Vertrauen zur\u00fcck.<\/p>\n<p>More to come in the future.<\/p>\n<\/div>\n<\/div>\n<\/div>\n<\/div>\n<\/div>\n<\/div>\n<\/div>\n<div id=\"cmsmasters_row_69f2cd02d28cf1_32183245\" class=\"cmsmasters_row cmsmasters_color_scheme_default cmsmasters_row_top_default cmsmasters_row_bot_default cmsmasters_row_boxed\">\n<div class=\"cmsmasters_row_outer_parent\">\n<div class=\"cmsmasters_row_outer\">\n<div class=\"cmsmasters_row_inner\">\n<div class=\"cmsmasters_row_margin\">\n<div class=\"cmsmasters_column one_half\">\n<div class=\"aligncenter\">\n<div class=\"cmsmasters_img  cmsmasters_image_c with_caption\">\n<img src=\"https:\/\/www.chg.at\/wp-content\/uploads\/2018\/05\/Ranking_Trend_201718-300x249.jpg\" \/>\n<p class=\"cmsmasters_img_caption\">TREND Ranking 2018, Ausgabe Nr. 17, S. 63<\/p><\/div>\n<\/div>\n<\/div>\n<div class=\"cmsmasters_column one_half\">\n<\/div>\n<\/div>\n<\/div>\n<\/div>\n<\/div>\n<\/div>\n\n","protected":false},"excerpt":{"rendered":"<p>Im TREND-Ranking 2017 wird CHG Czernich Rechtsanw\u00e4lte als Top-3-Kanzlei au\u00dferhalb Wiens gereiht<\/p>\n","protected":false},"author":3,"featured_media":9553,"comment_status":"closed","ping_status":"open","sticky":false,"template":"","format":"image","meta":{"inline_featured_image":false},"categories":[8,9],"tags":[],"yoast_head":"<!-- This site is optimized with the Yoast SEO plugin v19.8 - https:\/\/yoast.com\/wordpress\/plugins\/seo\/ -->\n<title>Trend-Ranking 2018- CHG wieder mit TOP-Platzierung<\/title>\n<meta name=\"description\" content=\"CHG Czernich Rechtsanw\u00e4lte, Trend Ranking 2018, CHG belegt ex aequo Platz 2 in der Kategorie &quot;beste Kanzleien au\u00dferhalb Wiens&quot;\" \/>\n<meta name=\"robots\" content=\"index, follow, max-snippet:-1, max-image-preview:large, max-video-preview:-1\" \/>\n<link rel=\"canonical\" href=\"https:\/\/www.chg.at\/en\/20180503-top-platzierung-fuer-chg\/\" \/>\n<meta property=\"og:locale\" content=\"en_US\" \/>\n<meta property=\"og:type\" content=\"article\" \/>\n<meta property=\"og:title\" content=\"ABC\" \/>\n<meta property=\"og:description\" content=\"DEF\" \/>\n<meta property=\"og:url\" content=\"https:\/\/www.chg.at\/en\/20180503-top-platzierung-fuer-chg\/\" \/>\n<meta property=\"og:site_name\" content=\"CHG Czernich Rechtsanw\u00e4lte \u2013 Wir bewegen Wirtschaft\" \/>\n<meta property=\"article:published_time\" content=\"2018-05-03T11:22:44+00:00\" \/>\n<meta property=\"article:modified_time\" content=\"2018-05-24T16:52:36+00:00\" \/>\n<meta property=\"og:image\" content=\"https:\/\/www.chg.at\/wp-content\/uploads\/2018\/05\/Trend_Foto_1160.jpg\" \/>\n\t<meta property=\"og:image:width\" content=\"1160\" \/>\n\t<meta property=\"og:image:height\" content=\"580\" \/>\n\t<meta property=\"og:image:type\" content=\"image\/jpeg\" \/>\n<meta name=\"author\" content=\"Diana B\u00f6hme\" \/>\n<meta name=\"twitter:card\" content=\"summary_large_image\" \/>\n<meta name=\"twitter:label1\" content=\"Written by\" \/>\n\t<meta name=\"twitter:data1\" content=\"Diana B\u00f6hme\" \/>\n\t<meta name=\"twitter:label2\" content=\"Est. reading time\" \/>\n\t<meta name=\"twitter:data2\" content=\"1 minute\" \/>\n<script type=\"application\/ld+json\" class=\"yoast-schema-graph\">{\"@context\":\"https:\/\/schema.org\",\"@graph\":[{\"@type\":\"Article\",\"@id\":\"https:\/\/www.chg.at\/en\/20180503-top-platzierung-fuer-chg\/#article\",\"isPartOf\":{\"@id\":\"https:\/\/www.chg.at\/en\/20180503-top-platzierung-fuer-chg\/\"},\"author\":{\"name\":\"Diana B\u00f6hme\",\"@id\":\"https:\/\/www.chg.at\/en\/#\/schema\/person\/b3b2cd248a314cf8acc3db22217f03b4\"},\"headline\":\"Wieder Top-Platzierung f\u00fcr CHG im Trend-Anwalts-Ranking\",\"datePublished\":\"2018-05-03T11:22:44+00:00\",\"dateModified\":\"2018-05-24T16:52:36+00:00\",\"mainEntityOfPage\":{\"@id\":\"https:\/\/www.chg.at\/en\/20180503-top-platzierung-fuer-chg\/\"},\"wordCount\":245,\"publisher\":{\"@id\":\"https:\/\/www.chg.at\/en\/#organization\"},\"articleSection\":[\"CHG News\",\"Kanzlei\"],\"inLanguage\":\"en-US\"},{\"@type\":\"WebPage\",\"@id\":\"https:\/\/www.chg.at\/en\/20180503-top-platzierung-fuer-chg\/\",\"url\":\"https:\/\/www.chg.at\/en\/20180503-top-platzierung-fuer-chg\/\",\"name\":\"Trend-Ranking 2018- CHG wieder mit TOP-Platzierung\",\"isPartOf\":{\"@id\":\"https:\/\/www.chg.at\/en\/#website\"},\"datePublished\":\"2018-05-03T11:22:44+00:00\",\"dateModified\":\"2018-05-24T16:52:36+00:00\",\"description\":\"CHG Czernich Rechtsanw\u00e4lte, Trend Ranking 2018, CHG belegt ex aequo Platz 2 in der Kategorie \\\"beste Kanzleien au\u00dferhalb Wiens\\\"\",\"breadcrumb\":{\"@id\":\"https:\/\/www.chg.at\/en\/20180503-top-platzierung-fuer-chg\/#breadcrumb\"},\"inLanguage\":\"en-US\",\"potentialAction\":[{\"@type\":\"ReadAction\",\"target\":[\"https:\/\/www.chg.at\/en\/20180503-top-platzierung-fuer-chg\/\"]}]},{\"@type\":\"BreadcrumbList\",\"@id\":\"https:\/\/www.chg.at\/en\/20180503-top-platzierung-fuer-chg\/#breadcrumb\",\"itemListElement\":[{\"@type\":\"ListItem\",\"position\":1,\"name\":\"Startseite\",\"item\":\"https:\/\/www.chg.at\/en\/\"},{\"@type\":\"ListItem\",\"position\":2,\"name\":\"Wieder Top-Platzierung f\u00fcr CHG im Trend-Anwalts-Ranking\"}]},{\"@type\":\"WebSite\",\"@id\":\"https:\/\/www.chg.at\/en\/#website\",\"url\":\"https:\/\/www.chg.at\/en\/\",\"name\":\"CHG Czernich Rechtsanw\u00e4lte \u2013 Wir bewegen Wirtschaft\",\"description\":\"Wir sorgen f\u00fcr Klarheit, wenn es rechtlich kompliziert wird. In jeder Phase Ihrer Unternehmungen. Sie ergreifen die Chancen. Wir verwandeln Risiken in L\u00f6sungen.\",\"publisher\":{\"@id\":\"https:\/\/www.chg.at\/en\/#organization\"},\"potentialAction\":[{\"@type\":\"SearchAction\",\"target\":{\"@type\":\"EntryPoint\",\"urlTemplate\":\"https:\/\/www.chg.at\/en\/?s={search_term_string}\"},\"query-input\":\"required name=search_term_string\"}],\"inLanguage\":\"en-US\"},{\"@type\":\"Organization\",\"@id\":\"https:\/\/www.chg.at\/en\/#organization\",\"name\":\"CHG Czernich Rechtsanw\u00e4lte\",\"url\":\"https:\/\/www.chg.at\/en\/\",\"sameAs\":[\"https:\/\/www.linkedin.com\/company\/12773263\/admin\/dashboard\/\"],\"logo\":{\"@type\":\"ImageObject\",\"inLanguage\":\"en-US\",\"@id\":\"https:\/\/www.chg.at\/en\/#\/schema\/logo\/image\/\",\"url\":\"https:\/\/www.chg.at\/wp-content\/uploads\/2016\/08\/CHG_logo_250_1.png\",\"contentUrl\":\"https:\/\/www.chg.at\/wp-content\/uploads\/2016\/08\/CHG_logo_250_1.png\",\"width\":250,\"height\":33,\"caption\":\"CHG Czernich Rechtsanw\u00e4lte\"},\"image\":{\"@id\":\"https:\/\/www.chg.at\/en\/#\/schema\/logo\/image\/\"}},{\"@type\":\"Person\",\"@id\":\"https:\/\/www.chg.at\/en\/#\/schema\/person\/b3b2cd248a314cf8acc3db22217f03b4\",\"name\":\"Diana B\u00f6hme\"}]}<\/script>\n<!-- \/ Yoast SEO plugin. -->","yoast_head_json":{"title":"Trend-Ranking 2018- CHG wieder mit TOP-Platzierung","description":"CHG Czernich Rechtsanw\u00e4lte, Trend Ranking 2018, CHG belegt ex aequo Platz 2 in der Kategorie \"beste Kanzleien au\u00dferhalb Wiens\"","robots":{"index":"index","follow":"follow","max-snippet":"max-snippet:-1","max-image-preview":"max-image-preview:large","max-video-preview":"max-video-preview:-1"},"canonical":"https:\/\/www.chg.at\/en\/20180503-top-platzierung-fuer-chg\/","og_locale":"en_US","og_type":"article","og_title":"ABC","og_description":"DEF","og_url":"https:\/\/www.chg.at\/en\/20180503-top-platzierung-fuer-chg\/","og_site_name":"CHG Czernich Rechtsanw\u00e4lte \u2013 Wir bewegen Wirtschaft","article_published_time":"2018-05-03T11:22:44+00:00","article_modified_time":"2018-05-24T16:52:36+00:00","og_image":[{"width":1160,"height":580,"url":"https:\/\/www.chg.at\/wp-content\/uploads\/2018\/05\/Trend_Foto_1160.jpg","type":"image\/jpeg"}],"author":"Diana B\u00f6hme","twitter_card":"summary_large_image","twitter_misc":{"Written by":"Diana B\u00f6hme","Est. reading time":"1 minute"},"schema":{"@context":"https:\/\/schema.org","@graph":[{"@type":"Article","@id":"https:\/\/www.chg.at\/en\/20180503-top-platzierung-fuer-chg\/#article","isPartOf":{"@id":"https:\/\/www.chg.at\/en\/20180503-top-platzierung-fuer-chg\/"},"author":{"name":"Diana B\u00f6hme","@id":"https:\/\/www.chg.at\/en\/#\/schema\/person\/b3b2cd248a314cf8acc3db22217f03b4"},"headline":"Wieder Top-Platzierung f\u00fcr CHG im Trend-Anwalts-Ranking","datePublished":"2018-05-03T11:22:44+00:00","dateModified":"2018-05-24T16:52:36+00:00","mainEntityOfPage":{"@id":"https:\/\/www.chg.at\/en\/20180503-top-platzierung-fuer-chg\/"},"wordCount":245,"publisher":{"@id":"https:\/\/www.chg.at\/en\/#organization"},"articleSection":["CHG News","Kanzlei"],"inLanguage":"en-US"},{"@type":"WebPage","@id":"https:\/\/www.chg.at\/en\/20180503-top-platzierung-fuer-chg\/","url":"https:\/\/www.chg.at\/en\/20180503-top-platzierung-fuer-chg\/","name":"Trend-Ranking 2018- CHG wieder mit TOP-Platzierung","isPartOf":{"@id":"https:\/\/www.chg.at\/en\/#website"},"datePublished":"2018-05-03T11:22:44+00:00","dateModified":"2018-05-24T16:52:36+00:00","description":"CHG Czernich Rechtsanw\u00e4lte, Trend Ranking 2018, CHG belegt ex aequo Platz 2 in der Kategorie \"beste Kanzleien au\u00dferhalb Wiens\"","breadcrumb":{"@id":"https:\/\/www.chg.at\/en\/20180503-top-platzierung-fuer-chg\/#breadcrumb"},"inLanguage":"en-US","potentialAction":[{"@type":"ReadAction","target":["https:\/\/www.chg.at\/en\/20180503-top-platzierung-fuer-chg\/"]}]},{"@type":"BreadcrumbList","@id":"https:\/\/www.chg.at\/en\/20180503-top-platzierung-fuer-chg\/#breadcrumb","itemListElement":[{"@type":"ListItem","position":1,"name":"Startseite","item":"https:\/\/www.chg.at\/en\/"},{"@type":"ListItem","position":2,"name":"Wieder Top-Platzierung f\u00fcr CHG im Trend-Anwalts-Ranking"}]},{"@type":"WebSite","@id":"https:\/\/www.chg.at\/en\/#website","url":"https:\/\/www.chg.at\/en\/","name":"CHG Czernich Rechtsanw\u00e4lte \u2013 Wir bewegen Wirtschaft","description":"Wir sorgen f\u00fcr Klarheit, wenn es rechtlich kompliziert wird. In jeder Phase Ihrer Unternehmungen. Sie ergreifen die Chancen. Wir verwandeln Risiken in L\u00f6sungen.","publisher":{"@id":"https:\/\/www.chg.at\/en\/#organization"},"potentialAction":[{"@type":"SearchAction","target":{"@type":"EntryPoint","urlTemplate":"https:\/\/www.chg.at\/en\/?s={search_term_string}"},"query-input":"required name=search_term_string"}],"inLanguage":"en-US"},{"@type":"Organization","@id":"https:\/\/www.chg.at\/en\/#organization","name":"CHG Czernich Rechtsanw\u00e4lte","url":"https:\/\/www.chg.at\/en\/","sameAs":["https:\/\/www.linkedin.com\/company\/12773263\/admin\/dashboard\/"],"logo":{"@type":"ImageObject","inLanguage":"en-US","@id":"https:\/\/www.chg.at\/en\/#\/schema\/logo\/image\/","url":"https:\/\/www.chg.at\/wp-content\/uploads\/2016\/08\/CHG_logo_250_1.png","contentUrl":"https:\/\/www.chg.at\/wp-content\/uploads\/2016\/08\/CHG_logo_250_1.png","width":250,"height":33,"caption":"CHG Czernich Rechtsanw\u00e4lte"},"image":{"@id":"https:\/\/www.chg.at\/en\/#\/schema\/logo\/image\/"}},{"@type":"Person","@id":"https:\/\/www.chg.at\/en\/#\/schema\/person\/b3b2cd248a314cf8acc3db22217f03b4","name":"Diana B\u00f6hme"}]}},"_links":{"self":[{"href":"https:\/\/www.chg.at\/en\/wp-json\/wp\/v2\/posts\/9546"}],"collection":[{"href":"https:\/\/www.chg.at\/en\/wp-json\/wp\/v2\/posts"}],"about":[{"href":"https:\/\/www.chg.at\/en\/wp-json\/wp\/v2\/types\/post"}],"author":[{"embeddable":true,"href":"https:\/\/www.chg.at\/en\/wp-json\/wp\/v2\/users\/3"}],"replies":[{"embeddable":true,"href":"https:\/\/www.chg.at\/en\/wp-json\/wp\/v2\/comments?post=9546"}],"version-history":[{"count":6,"href":"https:\/\/www.chg.at\/en\/wp-json\/wp\/v2\/posts\/9546\/revisions"}],"predecessor-version":[{"id":9554,"href":"https:\/\/www.chg.at\/en\/wp-json\/wp\/v2\/posts\/9546\/revisions\/9554"}],"wp:featuredmedia":[{"embeddable":true,"href":"https:\/\/www.chg.at\/en\/wp-json\/wp\/v2\/media\/9553"}],"wp:attachment":[{"href":"https:\/\/www.chg.at\/en\/wp-json\/wp\/v2\/media?parent=9546"}],"wp:term":[{"taxonomy":"category","embeddable":true,"href":"https:\/\/www.chg.at\/en\/wp-json\/wp\/v2\/categories?post=9546"},{"taxonomy":"post_tag","embeddable":true,"href":"https:\/\/www.chg.at\/en\/wp-json\/wp\/v2\/tags?post=9546"}],"curies":[{"name":"wp","href":"https:\/\/api.w.org\/{rel}","templated":true}]}}