{"id":9557,"date":"2018-05-07T13:53:04","date_gmt":"2018-05-07T11:53:04","guid":{"rendered":"https:\/\/www.chg.at\/?p=9557"},"modified":"2018-06-28T10:49:36","modified_gmt":"2018-06-28T08:49:36","slug":"vortragsreihe-zum-neuen-bundesvergabegesetz-2018","status":"publish","type":"post","link":"https:\/\/www.chg.at\/en\/vortragsreihe-zum-neuen-bundesvergabegesetz-2018\/","title":{"rendered":"Veranstaltungshinweis"},"content":{"rendered":"<style type=\"text\/css\"> \n#cmsmasters_row_69f2be0da88ab0_88357630 .cmsmasters_row_outer_parent { \n\tpadding-top: 0px; \n} \n\n#cmsmasters_row_69f2be0da88ab0_88357630 .cmsmasters_row_outer_parent { \n\tpadding-bottom: 50px; \n} \n\n \n#cmsmasters_row_69f2be0da8abf8_32187232 .cmsmasters_row_outer_parent { \n\tpadding-top: 0px; \n} \n\n#cmsmasters_row_69f2be0da8abf8_32187232 .cmsmasters_row_outer_parent { \n\tpadding-bottom: 40px; \n} \n\n<\/style><div id=\"cmsmasters_row_69f2be0da88ab0_88357630\" class=\"cmsmasters_row cmsmasters_color_scheme_default cmsmasters_row_top_default cmsmasters_row_bot_default cmsmasters_row_boxed\">\n<div class=\"cmsmasters_row_outer_parent\">\n<div class=\"cmsmasters_row_outer\">\n<div class=\"cmsmasters_row_inner\">\n<div class=\"cmsmasters_row_margin\">\n<div class=\"cmsmasters_column one_first\">\n<div class=\"cmsmasters_text\">\n<h1 style=\"text-align: left;\">Veranstaltungshinweis<\/h1>\n<h3 style=\"text-align: left;\"><span style=\"color: #d43555;\">Vortragsreihe: Das neue Bundesvergabegesetz 2018<br \/>\n<\/span><\/h3>\n<p>Wir laden Sie zu einem Update zum neuen Vergaberecht ein.<\/p>\n<p><strong>Vergaberechtsreformgesetz 2018 &#8211; Das neue Bundesvergabegesetz 2018<\/strong><br \/>\nMittwoch, 6. Juni 2018, 15:00 Uhr &#8211; ca. 17:00 Uhr<\/p>\n<p><strong>F\u00fcr AG: Wahl des Vergabeverfahrens, Eignungskriterien, Zuschlagskriterien<\/strong><br \/>\nMittwoch, 13. Juni 2018, 15:00 Uhr &#8211; ca. 16:30 Uhr<\/p>\n<p><strong>F\u00fcr Bieter: Teilnahmeantr\u00e4ge, Angebotslegung, Rechtsmittel<\/strong><br \/>\nMittwoch, 20. Juni 2018, 15:00 Uhr &#8211; ca. 16:30 Uhr<\/p>\n<p><strong>F\u00fcr AG: Eignungspr\u00fcfung, Angebotspr\u00fcfung und Bestbieterermittlung<\/strong><br \/>\nDonnerstag, 28. Juni 2018, 15:00 Uhr &#8211; ca. 16:30 Uhr<\/p>\n<p><strong>Raus aus dem Vergaberecht.<\/strong><br \/>\nAusnahmetatbest\u00e4nde, In-house-Vergabe, interkommunale Zusammenarbeit, nachtr\u00e4gliche Vertragsanpassung<br \/>\nMittwoch, 4. Juli 2018, 15:00 Uhr &#8211; ca. 17:00 Uhr<\/p>\n<p><strong>Vortragende<\/strong>:<br \/>\nRA Dr. G\u00fcnther Gast, LL.M.<br \/>\nRAA Dr. Arnold Autengruber<br \/>\nRAA Dr. Laura Gleinser<\/p>\n<p><strong>Ort<\/strong>: Achtung, neuer Ort f\u00fcr Vortr\u00e4ge am 20. Juni, 28. Juni und 4. Juli: Grand Hotel Europa, S\u00fcdtiroler Platz 2, 6020 Innsbruck, Meinhardsaal<\/p>\n<p><strong>Unkostenbeitrag<\/strong>: \u20ac 50,\u2013 zuz\u00fcglich 20 % USt<\/p>\n<p>Wir ersuchen um <strong>Anmeldung<\/strong> bis Freitag vor der jeweiligen Veranstaltung per E-Mail an: <a href=\"mailto:innsbruck@chg.at\">innsbruck@chg.at<\/a><\/p>\n<p>Das \u00f6sterreichische Vergaberecht ist durch die EU-Vorgaben gepr\u00e4gt. Die drei EU-Vergaberichtlinien aus dem Jahr 2014 w\u00e4ren bis 18.04.2016 in \u00f6sterreichisches Recht umzusetzen gewesen. Zwei Jahre und ein Vertragsverletzungsverfahren gegen \u00d6sterreich sp\u00e4ter werden die EU-Vergaberichtlinien nunmehr umgesetzt:<\/p>\n<p>Das Vergaberechtsreformgesetz 2018 wurde am 20.04.2018 im Nationalrat beschlossen. Im Gesetzgebungsprozess fehlt noch die Zustimmung der L\u00e4nder, welche nach acht Wochen Zeitablauf als angenommen gilt. Somit wird das Gesetzespaket voraussichtlich Anfang Juli 2018 bekanntgemacht werden und ohne \u00dcbergangsfrist in Kraft treten. Das Vergaberechtsreformgesetz enth\u00e4lt:<\/p>\n<p>\u2022 Bundesvergabegesetz 2018<br \/>\n\u2022 Bundesvergabegesetz Konzessionen 2018<br \/>\n\u2022 Novelle zum Bundesvergabegesetz Verteidigung und Sicherheit 2012<\/p>\n<p>Nach zw\u00f6lf Jahren der Gew\u00f6hnung an das Bundesvergabegesetz 2006 steht somit eine gro\u00dfe Umstellung bevor. Es erwarten uns u.a. neue Vergabeverfahren, verpflichtende elektronische Vergabeverfahren, neue Fristen, die Europ\u00e4ische Eigenerkl\u00e4rung (EEE), neue Ausscheidenstatbest\u00e4nde, \u00c4nderungen beim Bestbieterprinzip, \u00c4nderungen beim Rechtsschutz.<\/p>\n<p>Wir bieten zum umfangreichen Vergaberechtsreformgesetz mehrere Veranstaltungen mit unterschiedlichen Schwerpunkten an. Ziel ist jeweils, das Wesentliche in bestm\u00f6glicher K\u00fcrze zu pr\u00e4sentieren und f\u00fcr Fragen und Diskussionen zur Verf\u00fcgung zu stehen.<\/p>\n<\/div>\n<div class=\"cmsmasters_text\">\n<p>&nbsp;<\/p>\n<\/div>\n<\/div>\n<\/div>\n<\/div>\n<\/div>\n<\/div>\n<\/div>\n<div id=\"cmsmasters_row_69f2be0da8abf8_32187232\" class=\"cmsmasters_row cmsmasters_color_scheme_default cmsmasters_row_top_default cmsmasters_row_bot_default cmsmasters_row_boxed\">\n<div class=\"cmsmasters_row_outer_parent\">\n<div class=\"cmsmasters_row_outer\">\n<div class=\"cmsmasters_row_inner\">\n<div class=\"cmsmasters_row_margin\">\n<div class=\"cmsmasters_column one_half\">\n<\/div>\n<div class=\"cmsmasters_column one_half\">\n<\/div>\n<\/div>\n<\/div>\n<\/div>\n<\/div>\n<\/div>\n\n","protected":false},"excerpt":{"rendered":"<p>Vortragsreihe zum neuen Bundesvergabegesetz 2018 <\/p>\n","protected":false},"author":3,"featured_media":9391,"comment_status":"closed","ping_status":"open","sticky":false,"template":"","format":"image","meta":{"inline_featured_image":false},"categories":[9,33],"tags":[],"yoast_head":"<!-- This site is optimized with the Yoast SEO plugin v19.8 - https:\/\/yoast.com\/wordpress\/plugins\/seo\/ -->\n<title>Veranstaltungshinweis Vortragsreihe das neue Bundesvergabegesetz 2018<\/title>\n<meta name=\"description\" content=\"CHG Czernich Rechtsanw\u00e4lte, Vortragsreihe, Das neue Bundesvergabegesetz 2018, CHG-Anwalt Dr. G\u00fcnther Gast,\" \/>\n<meta name=\"robots\" content=\"index, follow, max-snippet:-1, max-image-preview:large, max-video-preview:-1\" \/>\n<link rel=\"canonical\" href=\"https:\/\/www.chg.at\/en\/vortragsreihe-zum-neuen-bundesvergabegesetz-2018\/\" \/>\n<meta property=\"og:locale\" content=\"en_US\" \/>\n<meta property=\"og:type\" content=\"article\" \/>\n<meta property=\"og:title\" content=\"ABC\" \/>\n<meta property=\"og:description\" content=\"DEF\" \/>\n<meta property=\"og:url\" content=\"https:\/\/www.chg.at\/en\/vortragsreihe-zum-neuen-bundesvergabegesetz-2018\/\" \/>\n<meta property=\"og:site_name\" content=\"CHG Czernich Rechtsanw\u00e4lte \u2013 Wir bewegen Wirtschaft\" \/>\n<meta property=\"article:published_time\" content=\"2018-05-07T11:53:04+00:00\" \/>\n<meta property=\"article:modified_time\" content=\"2018-06-28T08:49:36+00:00\" \/>\n<meta property=\"og:image\" content=\"https:\/\/www.chg.at\/wp-content\/uploads\/2018\/02\/chg-neuigkeiten-27-18.jpg\" \/>\n\t<meta property=\"og:image:width\" content=\"1160\" \/>\n\t<meta property=\"og:image:height\" content=\"580\" \/>\n\t<meta property=\"og:image:type\" content=\"image\/jpeg\" \/>\n<meta name=\"author\" content=\"Diana B\u00f6hme\" \/>\n<meta name=\"twitter:card\" content=\"summary_large_image\" \/>\n<meta name=\"twitter:label1\" content=\"Written by\" \/>\n\t<meta name=\"twitter:data1\" content=\"Diana B\u00f6hme\" \/>\n\t<meta name=\"twitter:label2\" content=\"Est. reading time\" \/>\n\t<meta name=\"twitter:data2\" content=\"2 minutes\" \/>\n<script type=\"application\/ld+json\" class=\"yoast-schema-graph\">{\"@context\":\"https:\/\/schema.org\",\"@graph\":[{\"@type\":\"Article\",\"@id\":\"https:\/\/www.chg.at\/en\/vortragsreihe-zum-neuen-bundesvergabegesetz-2018\/#article\",\"isPartOf\":{\"@id\":\"https:\/\/www.chg.at\/en\/vortragsreihe-zum-neuen-bundesvergabegesetz-2018\/\"},\"author\":{\"name\":\"Diana B\u00f6hme\",\"@id\":\"https:\/\/www.chg.at\/en\/#\/schema\/person\/b3b2cd248a314cf8acc3db22217f03b4\"},\"headline\":\"Veranstaltungshinweis\",\"datePublished\":\"2018-05-07T11:53:04+00:00\",\"dateModified\":\"2018-06-28T08:49:36+00:00\",\"mainEntityOfPage\":{\"@id\":\"https:\/\/www.chg.at\/en\/vortragsreihe-zum-neuen-bundesvergabegesetz-2018\/\"},\"wordCount\":408,\"publisher\":{\"@id\":\"https:\/\/www.chg.at\/en\/#organization\"},\"articleSection\":[\"Kanzlei\",\"Veranstaltung\"],\"inLanguage\":\"en-US\"},{\"@type\":\"WebPage\",\"@id\":\"https:\/\/www.chg.at\/en\/vortragsreihe-zum-neuen-bundesvergabegesetz-2018\/\",\"url\":\"https:\/\/www.chg.at\/en\/vortragsreihe-zum-neuen-bundesvergabegesetz-2018\/\",\"name\":\"Veranstaltungshinweis Vortragsreihe das neue Bundesvergabegesetz 2018\",\"isPartOf\":{\"@id\":\"https:\/\/www.chg.at\/en\/#website\"},\"datePublished\":\"2018-05-07T11:53:04+00:00\",\"dateModified\":\"2018-06-28T08:49:36+00:00\",\"description\":\"CHG Czernich Rechtsanw\u00e4lte, Vortragsreihe, Das neue Bundesvergabegesetz 2018, CHG-Anwalt Dr. G\u00fcnther Gast,\",\"breadcrumb\":{\"@id\":\"https:\/\/www.chg.at\/en\/vortragsreihe-zum-neuen-bundesvergabegesetz-2018\/#breadcrumb\"},\"inLanguage\":\"en-US\",\"potentialAction\":[{\"@type\":\"ReadAction\",\"target\":[\"https:\/\/www.chg.at\/en\/vortragsreihe-zum-neuen-bundesvergabegesetz-2018\/\"]}]},{\"@type\":\"BreadcrumbList\",\"@id\":\"https:\/\/www.chg.at\/en\/vortragsreihe-zum-neuen-bundesvergabegesetz-2018\/#breadcrumb\",\"itemListElement\":[{\"@type\":\"ListItem\",\"position\":1,\"name\":\"Startseite\",\"item\":\"https:\/\/www.chg.at\/en\/\"},{\"@type\":\"ListItem\",\"position\":2,\"name\":\"Veranstaltungshinweis\"}]},{\"@type\":\"WebSite\",\"@id\":\"https:\/\/www.chg.at\/en\/#website\",\"url\":\"https:\/\/www.chg.at\/en\/\",\"name\":\"CHG Czernich Rechtsanw\u00e4lte \u2013 Wir bewegen Wirtschaft\",\"description\":\"Wir sorgen f\u00fcr Klarheit, wenn es rechtlich kompliziert wird. In jeder Phase Ihrer Unternehmungen. Sie ergreifen die Chancen. Wir verwandeln Risiken in L\u00f6sungen.\",\"publisher\":{\"@id\":\"https:\/\/www.chg.at\/en\/#organization\"},\"potentialAction\":[{\"@type\":\"SearchAction\",\"target\":{\"@type\":\"EntryPoint\",\"urlTemplate\":\"https:\/\/www.chg.at\/en\/?s={search_term_string}\"},\"query-input\":\"required name=search_term_string\"}],\"inLanguage\":\"en-US\"},{\"@type\":\"Organization\",\"@id\":\"https:\/\/www.chg.at\/en\/#organization\",\"name\":\"CHG Czernich Rechtsanw\u00e4lte\",\"url\":\"https:\/\/www.chg.at\/en\/\",\"sameAs\":[\"https:\/\/www.linkedin.com\/company\/12773263\/admin\/dashboard\/\"],\"logo\":{\"@type\":\"ImageObject\",\"inLanguage\":\"en-US\",\"@id\":\"https:\/\/www.chg.at\/en\/#\/schema\/logo\/image\/\",\"url\":\"https:\/\/www.chg.at\/wp-content\/uploads\/2016\/08\/CHG_logo_250_1.png\",\"contentUrl\":\"https:\/\/www.chg.at\/wp-content\/uploads\/2016\/08\/CHG_logo_250_1.png\",\"width\":250,\"height\":33,\"caption\":\"CHG Czernich Rechtsanw\u00e4lte\"},\"image\":{\"@id\":\"https:\/\/www.chg.at\/en\/#\/schema\/logo\/image\/\"}},{\"@type\":\"Person\",\"@id\":\"https:\/\/www.chg.at\/en\/#\/schema\/person\/b3b2cd248a314cf8acc3db22217f03b4\",\"name\":\"Diana B\u00f6hme\"}]}<\/script>\n<!-- \/ Yoast SEO plugin. -->","yoast_head_json":{"title":"Veranstaltungshinweis Vortragsreihe das neue Bundesvergabegesetz 2018","description":"CHG Czernich Rechtsanw\u00e4lte, Vortragsreihe, Das neue Bundesvergabegesetz 2018, CHG-Anwalt Dr. G\u00fcnther Gast,","robots":{"index":"index","follow":"follow","max-snippet":"max-snippet:-1","max-image-preview":"max-image-preview:large","max-video-preview":"max-video-preview:-1"},"canonical":"https:\/\/www.chg.at\/en\/vortragsreihe-zum-neuen-bundesvergabegesetz-2018\/","og_locale":"en_US","og_type":"article","og_title":"ABC","og_description":"DEF","og_url":"https:\/\/www.chg.at\/en\/vortragsreihe-zum-neuen-bundesvergabegesetz-2018\/","og_site_name":"CHG Czernich Rechtsanw\u00e4lte \u2013 Wir bewegen Wirtschaft","article_published_time":"2018-05-07T11:53:04+00:00","article_modified_time":"2018-06-28T08:49:36+00:00","og_image":[{"width":1160,"height":580,"url":"https:\/\/www.chg.at\/wp-content\/uploads\/2018\/02\/chg-neuigkeiten-27-18.jpg","type":"image\/jpeg"}],"author":"Diana B\u00f6hme","twitter_card":"summary_large_image","twitter_misc":{"Written by":"Diana B\u00f6hme","Est. reading time":"2 minutes"},"schema":{"@context":"https:\/\/schema.org","@graph":[{"@type":"Article","@id":"https:\/\/www.chg.at\/en\/vortragsreihe-zum-neuen-bundesvergabegesetz-2018\/#article","isPartOf":{"@id":"https:\/\/www.chg.at\/en\/vortragsreihe-zum-neuen-bundesvergabegesetz-2018\/"},"author":{"name":"Diana B\u00f6hme","@id":"https:\/\/www.chg.at\/en\/#\/schema\/person\/b3b2cd248a314cf8acc3db22217f03b4"},"headline":"Veranstaltungshinweis","datePublished":"2018-05-07T11:53:04+00:00","dateModified":"2018-06-28T08:49:36+00:00","mainEntityOfPage":{"@id":"https:\/\/www.chg.at\/en\/vortragsreihe-zum-neuen-bundesvergabegesetz-2018\/"},"wordCount":408,"publisher":{"@id":"https:\/\/www.chg.at\/en\/#organization"},"articleSection":["Kanzlei","Veranstaltung"],"inLanguage":"en-US"},{"@type":"WebPage","@id":"https:\/\/www.chg.at\/en\/vortragsreihe-zum-neuen-bundesvergabegesetz-2018\/","url":"https:\/\/www.chg.at\/en\/vortragsreihe-zum-neuen-bundesvergabegesetz-2018\/","name":"Veranstaltungshinweis Vortragsreihe das neue Bundesvergabegesetz 2018","isPartOf":{"@id":"https:\/\/www.chg.at\/en\/#website"},"datePublished":"2018-05-07T11:53:04+00:00","dateModified":"2018-06-28T08:49:36+00:00","description":"CHG Czernich Rechtsanw\u00e4lte, Vortragsreihe, Das neue Bundesvergabegesetz 2018, CHG-Anwalt Dr. G\u00fcnther Gast,","breadcrumb":{"@id":"https:\/\/www.chg.at\/en\/vortragsreihe-zum-neuen-bundesvergabegesetz-2018\/#breadcrumb"},"inLanguage":"en-US","potentialAction":[{"@type":"ReadAction","target":["https:\/\/www.chg.at\/en\/vortragsreihe-zum-neuen-bundesvergabegesetz-2018\/"]}]},{"@type":"BreadcrumbList","@id":"https:\/\/www.chg.at\/en\/vortragsreihe-zum-neuen-bundesvergabegesetz-2018\/#breadcrumb","itemListElement":[{"@type":"ListItem","position":1,"name":"Startseite","item":"https:\/\/www.chg.at\/en\/"},{"@type":"ListItem","position":2,"name":"Veranstaltungshinweis"}]},{"@type":"WebSite","@id":"https:\/\/www.chg.at\/en\/#website","url":"https:\/\/www.chg.at\/en\/","name":"CHG Czernich Rechtsanw\u00e4lte \u2013 Wir bewegen Wirtschaft","description":"Wir sorgen f\u00fcr Klarheit, wenn es rechtlich kompliziert wird. In jeder Phase Ihrer Unternehmungen. Sie ergreifen die Chancen. Wir verwandeln Risiken in L\u00f6sungen.","publisher":{"@id":"https:\/\/www.chg.at\/en\/#organization"},"potentialAction":[{"@type":"SearchAction","target":{"@type":"EntryPoint","urlTemplate":"https:\/\/www.chg.at\/en\/?s={search_term_string}"},"query-input":"required name=search_term_string"}],"inLanguage":"en-US"},{"@type":"Organization","@id":"https:\/\/www.chg.at\/en\/#organization","name":"CHG Czernich Rechtsanw\u00e4lte","url":"https:\/\/www.chg.at\/en\/","sameAs":["https:\/\/www.linkedin.com\/company\/12773263\/admin\/dashboard\/"],"logo":{"@type":"ImageObject","inLanguage":"en-US","@id":"https:\/\/www.chg.at\/en\/#\/schema\/logo\/image\/","url":"https:\/\/www.chg.at\/wp-content\/uploads\/2016\/08\/CHG_logo_250_1.png","contentUrl":"https:\/\/www.chg.at\/wp-content\/uploads\/2016\/08\/CHG_logo_250_1.png","width":250,"height":33,"caption":"CHG Czernich Rechtsanw\u00e4lte"},"image":{"@id":"https:\/\/www.chg.at\/en\/#\/schema\/logo\/image\/"}},{"@type":"Person","@id":"https:\/\/www.chg.at\/en\/#\/schema\/person\/b3b2cd248a314cf8acc3db22217f03b4","name":"Diana B\u00f6hme"}]}},"_links":{"self":[{"href":"https:\/\/www.chg.at\/en\/wp-json\/wp\/v2\/posts\/9557"}],"collection":[{"href":"https:\/\/www.chg.at\/en\/wp-json\/wp\/v2\/posts"}],"about":[{"href":"https:\/\/www.chg.at\/en\/wp-json\/wp\/v2\/types\/post"}],"author":[{"embeddable":true,"href":"https:\/\/www.chg.at\/en\/wp-json\/wp\/v2\/users\/3"}],"replies":[{"embeddable":true,"href":"https:\/\/www.chg.at\/en\/wp-json\/wp\/v2\/comments?post=9557"}],"version-history":[{"count":7,"href":"https:\/\/www.chg.at\/en\/wp-json\/wp\/v2\/posts\/9557\/revisions"}],"predecessor-version":[{"id":9639,"href":"https:\/\/www.chg.at\/en\/wp-json\/wp\/v2\/posts\/9557\/revisions\/9639"}],"wp:featuredmedia":[{"embeddable":true,"href":"https:\/\/www.chg.at\/en\/wp-json\/wp\/v2\/media\/9391"}],"wp:attachment":[{"href":"https:\/\/www.chg.at\/en\/wp-json\/wp\/v2\/media?parent=9557"}],"wp:term":[{"taxonomy":"category","embeddable":true,"href":"https:\/\/www.chg.at\/en\/wp-json\/wp\/v2\/categories?post=9557"},{"taxonomy":"post_tag","embeddable":true,"href":"https:\/\/www.chg.at\/en\/wp-json\/wp\/v2\/tags?post=9557"}],"curies":[{"name":"wp","href":"https:\/\/api.w.org\/{rel}","templated":true}]}}