{"id":9641,"date":"2018-06-26T12:13:07","date_gmt":"2018-06-26T10:13:07","guid":{"rendered":"https:\/\/www.chg.at\/?p=9641"},"modified":"2018-06-28T10:48:44","modified_gmt":"2018-06-28T08:48:44","slug":"anwalt-haidlen-auf-polnischer-seilbahntagung-2018","status":"publish","type":"post","link":"https:\/\/www.chg.at\/en\/anwalt-haidlen-auf-polnischer-seilbahntagung-2018\/","title":{"rendered":"CHG-Anwalt auf polnischer Seilbahntagung"},"content":{"rendered":"<style type=\"text\/css\"> \n#cmsmasters_row_69f2bd50beabf2_48675365 .cmsmasters_row_outer_parent { \n\tpadding-top: 0px; \n} \n\n#cmsmasters_row_69f2bd50beabf2_48675365 .cmsmasters_row_outer_parent { \n\tpadding-bottom: 50px; \n} \n\n \n#cmsmasters_row_69f2bd50becd84_91744074 .cmsmasters_row_outer_parent { \n\tpadding-top: 0px; \n} \n\n#cmsmasters_row_69f2bd50becd84_91744074 .cmsmasters_row_outer_parent { \n\tpadding-bottom: 40px; \n} \n\n<\/style><div id=\"cmsmasters_row_69f2bd50beabf2_48675365\" class=\"cmsmasters_row cmsmasters_color_scheme_default cmsmasters_row_top_default cmsmasters_row_bot_default cmsmasters_row_boxed\">\n<div class=\"cmsmasters_row_outer_parent\">\n<div class=\"cmsmasters_row_outer\">\n<div class=\"cmsmasters_row_inner\">\n<div class=\"cmsmasters_row_margin\">\n<div class=\"cmsmasters_column one_first\">\n<div class=\"cmsmasters_text\">\n<h1 style=\"text-align: left;\">CHG-Anwalt auf der polnischen Seilbahntagung<\/h1>\n<h3 style=\"text-align: left;\"><span style=\"color: #d43555;\">Dr. Christoph Haidlen stellt in Polen das \u00f6sterreichische Seilbahnrecht vor<br \/>\n<\/span><\/h3>\n<div class=\"cmsmasters_dropcap type1\">Auf<\/div> Einladung des polnischen Seilbahnverbandes sprach <a href=\"http:\/\/www.chg.at\/profile\/christoph-haidlen\/\">Seilbahnexperte Dr. Christoph Haidlen<\/a>, Partneranwalt bei CHG Czernich Rechtsanw\u00e4lte, auf der diesj\u00e4hrigen polnischen Seilbahntagung \u00fcber das \u00f6sterreichische Seilbahnrecht. Schwerpunkt des Vortrags: Wie erm\u00f6glicht es das \u00f6sterreichische Gesetz den Seilbahn-Betreibern, zu den ben\u00f6tigten Fl\u00e4chen zu kommen.<\/p>\n<p>Da die polnischen Gesetze sehr restriktiv sind, waren die Teilnehmer \u00e4u\u00dferst interessiert, etwas \u00fcber die hiesigen M\u00f6glichkeiten zu erfahren. Im Anschluss an den Vortrag ergab sich eine rege Diskussion mit den polnischen Anwalts-Kollegen, die f\u00fcr den dortigen Verband t\u00e4tig sind.<\/p>\n<p>Hier erfahren Sie mehr \u00fcber das \u00f6sterreichische Seilbahnrecht: <a href=\"http:\/\/www.seilbahnrecht.at\">www.seilbahnrecht.at<\/a><\/p>\n<\/div>\n<div class=\"cmsmasters_text\">\n<p>&nbsp;<\/p>\n<\/div>\n<\/div>\n<\/div>\n<\/div>\n<\/div>\n<\/div>\n<\/div>\n<div id=\"cmsmasters_row_69f2bd50becd84_91744074\" class=\"cmsmasters_row cmsmasters_color_scheme_default cmsmasters_row_top_default cmsmasters_row_bot_default cmsmasters_row_boxed\">\n<div class=\"cmsmasters_row_outer_parent\">\n<div class=\"cmsmasters_row_outer\">\n<div class=\"cmsmasters_row_inner\">\n<div class=\"cmsmasters_row_margin\">\n<div class=\"cmsmasters_column one_half\">\n<\/div>\n<div class=\"cmsmasters_column one_half\">\n<\/div>\n<\/div>\n<\/div>\n<\/div>\n<\/div>\n<\/div>\n\n","protected":false},"excerpt":{"rendered":"<p>Dr. Christoph Haidlen stellt das \u00f6sterreichische Seilbahnrecht vor<\/p>\n","protected":false},"author":3,"featured_media":9644,"comment_status":"closed","ping_status":"open","sticky":false,"template":"","format":"image","meta":{"inline_featured_image":false},"categories":[8,33],"tags":[],"yoast_head":"<!-- This site is optimized with the Yoast SEO plugin v19.8 - https:\/\/yoast.com\/wordpress\/plugins\/seo\/ -->\n<title>CHG-Anwalt Haidlen bei der polnischen Seilbahntagung 2018<\/title>\n<meta name=\"description\" content=\"CHG Czernich Rechtsanw\u00e4lte, Seilbahnexperte, Christoph Haidlen, Seilbahnrecht, polnische Seilbahntagung\" \/>\n<meta name=\"robots\" content=\"index, follow, max-snippet:-1, max-image-preview:large, max-video-preview:-1\" \/>\n<link rel=\"canonical\" href=\"https:\/\/www.chg.at\/en\/anwalt-haidlen-auf-polnischer-seilbahntagung-2018\/\" \/>\n<meta property=\"og:locale\" content=\"en_US\" \/>\n<meta property=\"og:type\" content=\"article\" \/>\n<meta property=\"og:title\" content=\"ABC\" \/>\n<meta property=\"og:description\" content=\"DEF\" \/>\n<meta property=\"og:url\" content=\"https:\/\/www.chg.at\/en\/anwalt-haidlen-auf-polnischer-seilbahntagung-2018\/\" \/>\n<meta property=\"og:site_name\" content=\"CHG Czernich Rechtsanw\u00e4lte \u2013 Wir bewegen Wirtschaft\" \/>\n<meta property=\"article:published_time\" content=\"2018-06-26T10:13:07+00:00\" \/>\n<meta property=\"article:modified_time\" content=\"2018-06-28T08:48:44+00:00\" \/>\n<meta property=\"og:image\" content=\"https:\/\/www.chg.at\/wp-content\/uploads\/2018\/06\/IMG_4688_bearb_1160_580.jpg\" \/>\n\t<meta property=\"og:image:width\" content=\"1160\" \/>\n\t<meta property=\"og:image:height\" content=\"580\" \/>\n\t<meta property=\"og:image:type\" content=\"image\/jpeg\" \/>\n<meta name=\"author\" content=\"Diana B\u00f6hme\" \/>\n<meta name=\"twitter:card\" content=\"summary_large_image\" \/>\n<meta name=\"twitter:label1\" content=\"Written by\" \/>\n\t<meta name=\"twitter:data1\" content=\"Diana B\u00f6hme\" \/>\n\t<meta name=\"twitter:label2\" content=\"Est. reading time\" \/>\n\t<meta name=\"twitter:data2\" content=\"1 minute\" \/>\n<script type=\"application\/ld+json\" class=\"yoast-schema-graph\">{\"@context\":\"https:\/\/schema.org\",\"@graph\":[{\"@type\":\"Article\",\"@id\":\"https:\/\/www.chg.at\/en\/anwalt-haidlen-auf-polnischer-seilbahntagung-2018\/#article\",\"isPartOf\":{\"@id\":\"https:\/\/www.chg.at\/en\/anwalt-haidlen-auf-polnischer-seilbahntagung-2018\/\"},\"author\":{\"name\":\"Diana B\u00f6hme\",\"@id\":\"https:\/\/www.chg.at\/en\/#\/schema\/person\/b3b2cd248a314cf8acc3db22217f03b4\"},\"headline\":\"CHG-Anwalt auf polnischer Seilbahntagung\",\"datePublished\":\"2018-06-26T10:13:07+00:00\",\"dateModified\":\"2018-06-28T08:48:44+00:00\",\"mainEntityOfPage\":{\"@id\":\"https:\/\/www.chg.at\/en\/anwalt-haidlen-auf-polnischer-seilbahntagung-2018\/\"},\"wordCount\":222,\"publisher\":{\"@id\":\"https:\/\/www.chg.at\/en\/#organization\"},\"articleSection\":[\"CHG News\",\"Veranstaltung\"],\"inLanguage\":\"en-US\"},{\"@type\":\"WebPage\",\"@id\":\"https:\/\/www.chg.at\/en\/anwalt-haidlen-auf-polnischer-seilbahntagung-2018\/\",\"url\":\"https:\/\/www.chg.at\/en\/anwalt-haidlen-auf-polnischer-seilbahntagung-2018\/\",\"name\":\"CHG-Anwalt Haidlen bei der polnischen Seilbahntagung 2018\",\"isPartOf\":{\"@id\":\"https:\/\/www.chg.at\/en\/#website\"},\"datePublished\":\"2018-06-26T10:13:07+00:00\",\"dateModified\":\"2018-06-28T08:48:44+00:00\",\"description\":\"CHG Czernich Rechtsanw\u00e4lte, Seilbahnexperte, Christoph Haidlen, Seilbahnrecht, polnische Seilbahntagung\",\"breadcrumb\":{\"@id\":\"https:\/\/www.chg.at\/en\/anwalt-haidlen-auf-polnischer-seilbahntagung-2018\/#breadcrumb\"},\"inLanguage\":\"en-US\",\"potentialAction\":[{\"@type\":\"ReadAction\",\"target\":[\"https:\/\/www.chg.at\/en\/anwalt-haidlen-auf-polnischer-seilbahntagung-2018\/\"]}]},{\"@type\":\"BreadcrumbList\",\"@id\":\"https:\/\/www.chg.at\/en\/anwalt-haidlen-auf-polnischer-seilbahntagung-2018\/#breadcrumb\",\"itemListElement\":[{\"@type\":\"ListItem\",\"position\":1,\"name\":\"Startseite\",\"item\":\"https:\/\/www.chg.at\/en\/\"},{\"@type\":\"ListItem\",\"position\":2,\"name\":\"CHG-Anwalt auf polnischer Seilbahntagung\"}]},{\"@type\":\"WebSite\",\"@id\":\"https:\/\/www.chg.at\/en\/#website\",\"url\":\"https:\/\/www.chg.at\/en\/\",\"name\":\"CHG Czernich Rechtsanw\u00e4lte \u2013 Wir bewegen Wirtschaft\",\"description\":\"Wir sorgen f\u00fcr Klarheit, wenn es rechtlich kompliziert wird. In jeder Phase Ihrer Unternehmungen. Sie ergreifen die Chancen. Wir verwandeln Risiken in L\u00f6sungen.\",\"publisher\":{\"@id\":\"https:\/\/www.chg.at\/en\/#organization\"},\"potentialAction\":[{\"@type\":\"SearchAction\",\"target\":{\"@type\":\"EntryPoint\",\"urlTemplate\":\"https:\/\/www.chg.at\/en\/?s={search_term_string}\"},\"query-input\":\"required name=search_term_string\"}],\"inLanguage\":\"en-US\"},{\"@type\":\"Organization\",\"@id\":\"https:\/\/www.chg.at\/en\/#organization\",\"name\":\"CHG Czernich Rechtsanw\u00e4lte\",\"url\":\"https:\/\/www.chg.at\/en\/\",\"sameAs\":[\"https:\/\/www.linkedin.com\/company\/12773263\/admin\/dashboard\/\"],\"logo\":{\"@type\":\"ImageObject\",\"inLanguage\":\"en-US\",\"@id\":\"https:\/\/www.chg.at\/en\/#\/schema\/logo\/image\/\",\"url\":\"https:\/\/www.chg.at\/wp-content\/uploads\/2016\/08\/CHG_logo_250_1.png\",\"contentUrl\":\"https:\/\/www.chg.at\/wp-content\/uploads\/2016\/08\/CHG_logo_250_1.png\",\"width\":250,\"height\":33,\"caption\":\"CHG Czernich Rechtsanw\u00e4lte\"},\"image\":{\"@id\":\"https:\/\/www.chg.at\/en\/#\/schema\/logo\/image\/\"}},{\"@type\":\"Person\",\"@id\":\"https:\/\/www.chg.at\/en\/#\/schema\/person\/b3b2cd248a314cf8acc3db22217f03b4\",\"name\":\"Diana B\u00f6hme\"}]}<\/script>\n<!-- \/ Yoast SEO plugin. -->","yoast_head_json":{"title":"CHG-Anwalt Haidlen bei der polnischen Seilbahntagung 2018","description":"CHG Czernich Rechtsanw\u00e4lte, Seilbahnexperte, Christoph Haidlen, Seilbahnrecht, polnische Seilbahntagung","robots":{"index":"index","follow":"follow","max-snippet":"max-snippet:-1","max-image-preview":"max-image-preview:large","max-video-preview":"max-video-preview:-1"},"canonical":"https:\/\/www.chg.at\/en\/anwalt-haidlen-auf-polnischer-seilbahntagung-2018\/","og_locale":"en_US","og_type":"article","og_title":"ABC","og_description":"DEF","og_url":"https:\/\/www.chg.at\/en\/anwalt-haidlen-auf-polnischer-seilbahntagung-2018\/","og_site_name":"CHG Czernich Rechtsanw\u00e4lte \u2013 Wir bewegen Wirtschaft","article_published_time":"2018-06-26T10:13:07+00:00","article_modified_time":"2018-06-28T08:48:44+00:00","og_image":[{"width":1160,"height":580,"url":"https:\/\/www.chg.at\/wp-content\/uploads\/2018\/06\/IMG_4688_bearb_1160_580.jpg","type":"image\/jpeg"}],"author":"Diana B\u00f6hme","twitter_card":"summary_large_image","twitter_misc":{"Written by":"Diana B\u00f6hme","Est. reading time":"1 minute"},"schema":{"@context":"https:\/\/schema.org","@graph":[{"@type":"Article","@id":"https:\/\/www.chg.at\/en\/anwalt-haidlen-auf-polnischer-seilbahntagung-2018\/#article","isPartOf":{"@id":"https:\/\/www.chg.at\/en\/anwalt-haidlen-auf-polnischer-seilbahntagung-2018\/"},"author":{"name":"Diana B\u00f6hme","@id":"https:\/\/www.chg.at\/en\/#\/schema\/person\/b3b2cd248a314cf8acc3db22217f03b4"},"headline":"CHG-Anwalt auf polnischer Seilbahntagung","datePublished":"2018-06-26T10:13:07+00:00","dateModified":"2018-06-28T08:48:44+00:00","mainEntityOfPage":{"@id":"https:\/\/www.chg.at\/en\/anwalt-haidlen-auf-polnischer-seilbahntagung-2018\/"},"wordCount":222,"publisher":{"@id":"https:\/\/www.chg.at\/en\/#organization"},"articleSection":["CHG News","Veranstaltung"],"inLanguage":"en-US"},{"@type":"WebPage","@id":"https:\/\/www.chg.at\/en\/anwalt-haidlen-auf-polnischer-seilbahntagung-2018\/","url":"https:\/\/www.chg.at\/en\/anwalt-haidlen-auf-polnischer-seilbahntagung-2018\/","name":"CHG-Anwalt Haidlen bei der polnischen Seilbahntagung 2018","isPartOf":{"@id":"https:\/\/www.chg.at\/en\/#website"},"datePublished":"2018-06-26T10:13:07+00:00","dateModified":"2018-06-28T08:48:44+00:00","description":"CHG Czernich Rechtsanw\u00e4lte, Seilbahnexperte, Christoph Haidlen, Seilbahnrecht, polnische Seilbahntagung","breadcrumb":{"@id":"https:\/\/www.chg.at\/en\/anwalt-haidlen-auf-polnischer-seilbahntagung-2018\/#breadcrumb"},"inLanguage":"en-US","potentialAction":[{"@type":"ReadAction","target":["https:\/\/www.chg.at\/en\/anwalt-haidlen-auf-polnischer-seilbahntagung-2018\/"]}]},{"@type":"BreadcrumbList","@id":"https:\/\/www.chg.at\/en\/anwalt-haidlen-auf-polnischer-seilbahntagung-2018\/#breadcrumb","itemListElement":[{"@type":"ListItem","position":1,"name":"Startseite","item":"https:\/\/www.chg.at\/en\/"},{"@type":"ListItem","position":2,"name":"CHG-Anwalt auf polnischer Seilbahntagung"}]},{"@type":"WebSite","@id":"https:\/\/www.chg.at\/en\/#website","url":"https:\/\/www.chg.at\/en\/","name":"CHG Czernich Rechtsanw\u00e4lte \u2013 Wir bewegen Wirtschaft","description":"Wir sorgen f\u00fcr Klarheit, wenn es rechtlich kompliziert wird. In jeder Phase Ihrer Unternehmungen. Sie ergreifen die Chancen. Wir verwandeln Risiken in L\u00f6sungen.","publisher":{"@id":"https:\/\/www.chg.at\/en\/#organization"},"potentialAction":[{"@type":"SearchAction","target":{"@type":"EntryPoint","urlTemplate":"https:\/\/www.chg.at\/en\/?s={search_term_string}"},"query-input":"required name=search_term_string"}],"inLanguage":"en-US"},{"@type":"Organization","@id":"https:\/\/www.chg.at\/en\/#organization","name":"CHG Czernich Rechtsanw\u00e4lte","url":"https:\/\/www.chg.at\/en\/","sameAs":["https:\/\/www.linkedin.com\/company\/12773263\/admin\/dashboard\/"],"logo":{"@type":"ImageObject","inLanguage":"en-US","@id":"https:\/\/www.chg.at\/en\/#\/schema\/logo\/image\/","url":"https:\/\/www.chg.at\/wp-content\/uploads\/2016\/08\/CHG_logo_250_1.png","contentUrl":"https:\/\/www.chg.at\/wp-content\/uploads\/2016\/08\/CHG_logo_250_1.png","width":250,"height":33,"caption":"CHG Czernich Rechtsanw\u00e4lte"},"image":{"@id":"https:\/\/www.chg.at\/en\/#\/schema\/logo\/image\/"}},{"@type":"Person","@id":"https:\/\/www.chg.at\/en\/#\/schema\/person\/b3b2cd248a314cf8acc3db22217f03b4","name":"Diana B\u00f6hme"}]}},"_links":{"self":[{"href":"https:\/\/www.chg.at\/en\/wp-json\/wp\/v2\/posts\/9641"}],"collection":[{"href":"https:\/\/www.chg.at\/en\/wp-json\/wp\/v2\/posts"}],"about":[{"href":"https:\/\/www.chg.at\/en\/wp-json\/wp\/v2\/types\/post"}],"author":[{"embeddable":true,"href":"https:\/\/www.chg.at\/en\/wp-json\/wp\/v2\/users\/3"}],"replies":[{"embeddable":true,"href":"https:\/\/www.chg.at\/en\/wp-json\/wp\/v2\/comments?post=9641"}],"version-history":[{"count":8,"href":"https:\/\/www.chg.at\/en\/wp-json\/wp\/v2\/posts\/9641\/revisions"}],"predecessor-version":[{"id":9652,"href":"https:\/\/www.chg.at\/en\/wp-json\/wp\/v2\/posts\/9641\/revisions\/9652"}],"wp:featuredmedia":[{"embeddable":true,"href":"https:\/\/www.chg.at\/en\/wp-json\/wp\/v2\/media\/9644"}],"wp:attachment":[{"href":"https:\/\/www.chg.at\/en\/wp-json\/wp\/v2\/media?parent=9641"}],"wp:term":[{"taxonomy":"category","embeddable":true,"href":"https:\/\/www.chg.at\/en\/wp-json\/wp\/v2\/categories?post=9641"},{"taxonomy":"post_tag","embeddable":true,"href":"https:\/\/www.chg.at\/en\/wp-json\/wp\/v2\/tags?post=9641"}],"curies":[{"name":"wp","href":"https:\/\/api.w.org\/{rel}","templated":true}]}}