{"id":9680,"date":"2018-07-10T08:33:35","date_gmt":"2018-07-10T06:33:35","guid":{"rendered":"https:\/\/www.chg.at\/?p=9680"},"modified":"2018-07-10T08:33:35","modified_gmt":"2018-07-10T06:33:35","slug":"20180704-ruecktritt-von-lebensversicherungen-kleine-zeitung","status":"publish","type":"post","link":"https:\/\/www.chg.at\/en\/20180704-ruecktritt-von-lebensversicherungen-kleine-zeitung\/","title":{"rendered":"R\u00fccktritt von Lebensversicherungen"},"content":{"rendered":"<style type=\"text\/css\"> \n#cmsmasters_row_69f19e988447e0_70079741 .cmsmasters_row_outer_parent { \n\tpadding-top: 0px; \n} \n\n#cmsmasters_row_69f19e988447e0_70079741 .cmsmasters_row_outer_parent { \n\tpadding-bottom: 0px; \n} \n\n<\/style><div id=\"cmsmasters_row_69f19e988447e0_70079741\" class=\"cmsmasters_row cmsmasters_color_scheme_default cmsmasters_row_top_default cmsmasters_row_bot_default cmsmasters_row_boxed\">\n<div class=\"cmsmasters_row_outer_parent\">\n<div class=\"cmsmasters_row_outer\">\n<div class=\"cmsmasters_row_inner\">\n<div class=\"cmsmasters_row_margin\">\n<div class=\"cmsmasters_column one_first\">\n<div class=\"cmsmasters_text\">\n<h1>R\u00fccktritt von Lebensversicherungen<\/h1>\n<h3><span style=\"color: #d43555;\">CHG-Anwalt Florian M\u00fcller im Gespr\u00e4ch mit der &#8220;Kleinen Zeitung&#8221;<br \/>\n<\/span><\/h3>\n<div class=\"cmsmasters_dropcap type1\">Die <\/div> &#8220;Kleine Zeitung&#8221; berichtet \u00fcber die Gesetzesinitiative zur Neuregelung bei Lebensversicherungen und befragte daf\u00fcr unseren auf Versicherungsrecht spezialisierten Anwalt Florian M\u00fcller. Hier k\u00f6nnen Sie die Artikel nachlesen:<\/p>\n<p>&nbsp;<\/p>\n<p><a href=\"https:\/\/www.kleinezeitung.at\/wirtschaft\/wirtschaftaufmacher\/5453527\/Regierung_Heftiger-Streit-um-den-Ruecktritt-von-der-Lebensversicherung\">&#8220;Heftiger Streit um den R\u00fccktritt von der Lebensversicherung&#8221;, Kleine Zeitung vom 26. Juni 2018<\/a><\/p>\n<p><a href=\"https:\/\/www.kleinezeitung.at\/politik\/innenpolitik\/5458191\/Ruecktrittsrecht_Das-regelt-die-Koalition-bei-der\">&#8220;Das regelt die Koalition bei der Lebensversicherung neu&#8221;, Kleine Zeitung vom 4. Juli 2018<\/a><\/p>\n<\/div>\n<\/div>\n<\/div>\n<\/div>\n<\/div>\n<\/div>\n<\/div>\n\n","protected":false},"excerpt":{"rendered":"<p>CHG-Anwalt Florian M\u00fcller, spezialisiert auf Versicherungsrecht, spricht mit der &#8220;Kleinen Zeitung&#8221; \u00fcber die Gesetzesinitive zum R\u00fccktrittsrecht von Lebensversicherung. <\/p>\n","protected":false},"author":3,"featured_media":9416,"comment_status":"closed","ping_status":"open","sticky":false,"template":"","format":"image","meta":{"inline_featured_image":false},"categories":[8,9],"tags":[],"yoast_head":"<!-- This site is optimized with the Yoast SEO plugin v19.8 - https:\/\/yoast.com\/wordpress\/plugins\/seo\/ -->\n<title>R\u00fccktritt von Lebensversicherungen \u2013 Florian M\u00fcller CHG<\/title>\n<meta name=\"description\" content=\"CHG Czernich Rechtsanw\u00e4lte, R\u00fccktritt von Lebensversicherungen, Gesetzesinitiative, Kleine Zeitung, Florian M\u00fcller, Versicherungsrecht\" \/>\n<meta name=\"robots\" content=\"index, follow, max-snippet:-1, max-image-preview:large, max-video-preview:-1\" \/>\n<link rel=\"canonical\" href=\"https:\/\/www.chg.at\/en\/20180704-ruecktritt-von-lebensversicherungen-kleine-zeitung\/\" \/>\n<meta property=\"og:locale\" content=\"en_US\" \/>\n<meta property=\"og:type\" content=\"article\" \/>\n<meta property=\"og:title\" content=\"ABC\" \/>\n<meta property=\"og:description\" content=\"DEF\" \/>\n<meta property=\"og:url\" content=\"https:\/\/www.chg.at\/en\/20180704-ruecktritt-von-lebensversicherungen-kleine-zeitung\/\" \/>\n<meta property=\"og:site_name\" content=\"CHG Czernich Rechtsanw\u00e4lte \u2013 Wir bewegen Wirtschaft\" \/>\n<meta property=\"article:published_time\" content=\"2018-07-10T06:33:35+00:00\" \/>\n<meta property=\"og:image\" content=\"https:\/\/www.chg.at\/wp-content\/uploads\/2018\/02\/chg-neuigkeiten-5-18.jpg\" \/>\n\t<meta property=\"og:image:width\" content=\"1160\" \/>\n\t<meta property=\"og:image:height\" content=\"580\" \/>\n\t<meta property=\"og:image:type\" content=\"image\/jpeg\" \/>\n<meta name=\"author\" content=\"Diana B\u00f6hme\" \/>\n<meta name=\"twitter:card\" content=\"summary_large_image\" \/>\n<meta name=\"twitter:label1\" content=\"Written by\" \/>\n\t<meta name=\"twitter:data1\" content=\"Diana B\u00f6hme\" \/>\n\t<meta name=\"twitter:label2\" content=\"Est. reading time\" \/>\n\t<meta name=\"twitter:data2\" content=\"1 minute\" \/>\n<script type=\"application\/ld+json\" class=\"yoast-schema-graph\">{\"@context\":\"https:\/\/schema.org\",\"@graph\":[{\"@type\":\"Article\",\"@id\":\"https:\/\/www.chg.at\/en\/20180704-ruecktritt-von-lebensversicherungen-kleine-zeitung\/#article\",\"isPartOf\":{\"@id\":\"https:\/\/www.chg.at\/en\/20180704-ruecktritt-von-lebensversicherungen-kleine-zeitung\/\"},\"author\":{\"name\":\"Diana B\u00f6hme\",\"@id\":\"https:\/\/www.chg.at\/en\/#\/schema\/person\/b3b2cd248a314cf8acc3db22217f03b4\"},\"headline\":\"R\u00fccktritt von Lebensversicherungen\",\"datePublished\":\"2018-07-10T06:33:35+00:00\",\"dateModified\":\"2018-07-10T06:33:35+00:00\",\"mainEntityOfPage\":{\"@id\":\"https:\/\/www.chg.at\/en\/20180704-ruecktritt-von-lebensversicherungen-kleine-zeitung\/\"},\"wordCount\":117,\"publisher\":{\"@id\":\"https:\/\/www.chg.at\/en\/#organization\"},\"articleSection\":[\"CHG News\",\"Kanzlei\"],\"inLanguage\":\"en-US\"},{\"@type\":\"WebPage\",\"@id\":\"https:\/\/www.chg.at\/en\/20180704-ruecktritt-von-lebensversicherungen-kleine-zeitung\/\",\"url\":\"https:\/\/www.chg.at\/en\/20180704-ruecktritt-von-lebensversicherungen-kleine-zeitung\/\",\"name\":\"R\u00fccktritt von Lebensversicherungen \u2013 Florian M\u00fcller CHG\",\"isPartOf\":{\"@id\":\"https:\/\/www.chg.at\/en\/#website\"},\"datePublished\":\"2018-07-10T06:33:35+00:00\",\"dateModified\":\"2018-07-10T06:33:35+00:00\",\"description\":\"CHG Czernich Rechtsanw\u00e4lte, R\u00fccktritt von Lebensversicherungen, Gesetzesinitiative, Kleine Zeitung, Florian M\u00fcller, Versicherungsrecht\",\"breadcrumb\":{\"@id\":\"https:\/\/www.chg.at\/en\/20180704-ruecktritt-von-lebensversicherungen-kleine-zeitung\/#breadcrumb\"},\"inLanguage\":\"en-US\",\"potentialAction\":[{\"@type\":\"ReadAction\",\"target\":[\"https:\/\/www.chg.at\/en\/20180704-ruecktritt-von-lebensversicherungen-kleine-zeitung\/\"]}]},{\"@type\":\"BreadcrumbList\",\"@id\":\"https:\/\/www.chg.at\/en\/20180704-ruecktritt-von-lebensversicherungen-kleine-zeitung\/#breadcrumb\",\"itemListElement\":[{\"@type\":\"ListItem\",\"position\":1,\"name\":\"Startseite\",\"item\":\"https:\/\/www.chg.at\/en\/\"},{\"@type\":\"ListItem\",\"position\":2,\"name\":\"R\u00fccktritt von Lebensversicherungen\"}]},{\"@type\":\"WebSite\",\"@id\":\"https:\/\/www.chg.at\/en\/#website\",\"url\":\"https:\/\/www.chg.at\/en\/\",\"name\":\"CHG Czernich Rechtsanw\u00e4lte \u2013 Wir bewegen Wirtschaft\",\"description\":\"Wir sorgen f\u00fcr Klarheit, wenn es rechtlich kompliziert wird. In jeder Phase Ihrer Unternehmungen. Sie ergreifen die Chancen. Wir verwandeln Risiken in L\u00f6sungen.\",\"publisher\":{\"@id\":\"https:\/\/www.chg.at\/en\/#organization\"},\"potentialAction\":[{\"@type\":\"SearchAction\",\"target\":{\"@type\":\"EntryPoint\",\"urlTemplate\":\"https:\/\/www.chg.at\/en\/?s={search_term_string}\"},\"query-input\":\"required name=search_term_string\"}],\"inLanguage\":\"en-US\"},{\"@type\":\"Organization\",\"@id\":\"https:\/\/www.chg.at\/en\/#organization\",\"name\":\"CHG Czernich Rechtsanw\u00e4lte\",\"url\":\"https:\/\/www.chg.at\/en\/\",\"sameAs\":[\"https:\/\/www.linkedin.com\/company\/12773263\/admin\/dashboard\/\"],\"logo\":{\"@type\":\"ImageObject\",\"inLanguage\":\"en-US\",\"@id\":\"https:\/\/www.chg.at\/en\/#\/schema\/logo\/image\/\",\"url\":\"https:\/\/www.chg.at\/wp-content\/uploads\/2016\/08\/CHG_logo_250_1.png\",\"contentUrl\":\"https:\/\/www.chg.at\/wp-content\/uploads\/2016\/08\/CHG_logo_250_1.png\",\"width\":250,\"height\":33,\"caption\":\"CHG Czernich Rechtsanw\u00e4lte\"},\"image\":{\"@id\":\"https:\/\/www.chg.at\/en\/#\/schema\/logo\/image\/\"}},{\"@type\":\"Person\",\"@id\":\"https:\/\/www.chg.at\/en\/#\/schema\/person\/b3b2cd248a314cf8acc3db22217f03b4\",\"name\":\"Diana B\u00f6hme\"}]}<\/script>\n<!-- \/ Yoast SEO plugin. -->","yoast_head_json":{"title":"R\u00fccktritt von Lebensversicherungen \u2013 Florian M\u00fcller CHG","description":"CHG Czernich Rechtsanw\u00e4lte, R\u00fccktritt von Lebensversicherungen, Gesetzesinitiative, Kleine Zeitung, Florian M\u00fcller, Versicherungsrecht","robots":{"index":"index","follow":"follow","max-snippet":"max-snippet:-1","max-image-preview":"max-image-preview:large","max-video-preview":"max-video-preview:-1"},"canonical":"https:\/\/www.chg.at\/en\/20180704-ruecktritt-von-lebensversicherungen-kleine-zeitung\/","og_locale":"en_US","og_type":"article","og_title":"ABC","og_description":"DEF","og_url":"https:\/\/www.chg.at\/en\/20180704-ruecktritt-von-lebensversicherungen-kleine-zeitung\/","og_site_name":"CHG Czernich Rechtsanw\u00e4lte \u2013 Wir bewegen Wirtschaft","article_published_time":"2018-07-10T06:33:35+00:00","og_image":[{"width":1160,"height":580,"url":"https:\/\/www.chg.at\/wp-content\/uploads\/2018\/02\/chg-neuigkeiten-5-18.jpg","type":"image\/jpeg"}],"author":"Diana B\u00f6hme","twitter_card":"summary_large_image","twitter_misc":{"Written by":"Diana B\u00f6hme","Est. reading time":"1 minute"},"schema":{"@context":"https:\/\/schema.org","@graph":[{"@type":"Article","@id":"https:\/\/www.chg.at\/en\/20180704-ruecktritt-von-lebensversicherungen-kleine-zeitung\/#article","isPartOf":{"@id":"https:\/\/www.chg.at\/en\/20180704-ruecktritt-von-lebensversicherungen-kleine-zeitung\/"},"author":{"name":"Diana B\u00f6hme","@id":"https:\/\/www.chg.at\/en\/#\/schema\/person\/b3b2cd248a314cf8acc3db22217f03b4"},"headline":"R\u00fccktritt von Lebensversicherungen","datePublished":"2018-07-10T06:33:35+00:00","dateModified":"2018-07-10T06:33:35+00:00","mainEntityOfPage":{"@id":"https:\/\/www.chg.at\/en\/20180704-ruecktritt-von-lebensversicherungen-kleine-zeitung\/"},"wordCount":117,"publisher":{"@id":"https:\/\/www.chg.at\/en\/#organization"},"articleSection":["CHG News","Kanzlei"],"inLanguage":"en-US"},{"@type":"WebPage","@id":"https:\/\/www.chg.at\/en\/20180704-ruecktritt-von-lebensversicherungen-kleine-zeitung\/","url":"https:\/\/www.chg.at\/en\/20180704-ruecktritt-von-lebensversicherungen-kleine-zeitung\/","name":"R\u00fccktritt von Lebensversicherungen \u2013 Florian M\u00fcller CHG","isPartOf":{"@id":"https:\/\/www.chg.at\/en\/#website"},"datePublished":"2018-07-10T06:33:35+00:00","dateModified":"2018-07-10T06:33:35+00:00","description":"CHG Czernich Rechtsanw\u00e4lte, R\u00fccktritt von Lebensversicherungen, Gesetzesinitiative, Kleine Zeitung, Florian M\u00fcller, Versicherungsrecht","breadcrumb":{"@id":"https:\/\/www.chg.at\/en\/20180704-ruecktritt-von-lebensversicherungen-kleine-zeitung\/#breadcrumb"},"inLanguage":"en-US","potentialAction":[{"@type":"ReadAction","target":["https:\/\/www.chg.at\/en\/20180704-ruecktritt-von-lebensversicherungen-kleine-zeitung\/"]}]},{"@type":"BreadcrumbList","@id":"https:\/\/www.chg.at\/en\/20180704-ruecktritt-von-lebensversicherungen-kleine-zeitung\/#breadcrumb","itemListElement":[{"@type":"ListItem","position":1,"name":"Startseite","item":"https:\/\/www.chg.at\/en\/"},{"@type":"ListItem","position":2,"name":"R\u00fccktritt von Lebensversicherungen"}]},{"@type":"WebSite","@id":"https:\/\/www.chg.at\/en\/#website","url":"https:\/\/www.chg.at\/en\/","name":"CHG Czernich Rechtsanw\u00e4lte \u2013 Wir bewegen Wirtschaft","description":"Wir sorgen f\u00fcr Klarheit, wenn es rechtlich kompliziert wird. In jeder Phase Ihrer Unternehmungen. Sie ergreifen die Chancen. Wir verwandeln Risiken in L\u00f6sungen.","publisher":{"@id":"https:\/\/www.chg.at\/en\/#organization"},"potentialAction":[{"@type":"SearchAction","target":{"@type":"EntryPoint","urlTemplate":"https:\/\/www.chg.at\/en\/?s={search_term_string}"},"query-input":"required name=search_term_string"}],"inLanguage":"en-US"},{"@type":"Organization","@id":"https:\/\/www.chg.at\/en\/#organization","name":"CHG Czernich Rechtsanw\u00e4lte","url":"https:\/\/www.chg.at\/en\/","sameAs":["https:\/\/www.linkedin.com\/company\/12773263\/admin\/dashboard\/"],"logo":{"@type":"ImageObject","inLanguage":"en-US","@id":"https:\/\/www.chg.at\/en\/#\/schema\/logo\/image\/","url":"https:\/\/www.chg.at\/wp-content\/uploads\/2016\/08\/CHG_logo_250_1.png","contentUrl":"https:\/\/www.chg.at\/wp-content\/uploads\/2016\/08\/CHG_logo_250_1.png","width":250,"height":33,"caption":"CHG Czernich Rechtsanw\u00e4lte"},"image":{"@id":"https:\/\/www.chg.at\/en\/#\/schema\/logo\/image\/"}},{"@type":"Person","@id":"https:\/\/www.chg.at\/en\/#\/schema\/person\/b3b2cd248a314cf8acc3db22217f03b4","name":"Diana B\u00f6hme"}]}},"_links":{"self":[{"href":"https:\/\/www.chg.at\/en\/wp-json\/wp\/v2\/posts\/9680"}],"collection":[{"href":"https:\/\/www.chg.at\/en\/wp-json\/wp\/v2\/posts"}],"about":[{"href":"https:\/\/www.chg.at\/en\/wp-json\/wp\/v2\/types\/post"}],"author":[{"embeddable":true,"href":"https:\/\/www.chg.at\/en\/wp-json\/wp\/v2\/users\/3"}],"replies":[{"embeddable":true,"href":"https:\/\/www.chg.at\/en\/wp-json\/wp\/v2\/comments?post=9680"}],"version-history":[{"count":4,"href":"https:\/\/www.chg.at\/en\/wp-json\/wp\/v2\/posts\/9680\/revisions"}],"predecessor-version":[{"id":9691,"href":"https:\/\/www.chg.at\/en\/wp-json\/wp\/v2\/posts\/9680\/revisions\/9691"}],"wp:featuredmedia":[{"embeddable":true,"href":"https:\/\/www.chg.at\/en\/wp-json\/wp\/v2\/media\/9416"}],"wp:attachment":[{"href":"https:\/\/www.chg.at\/en\/wp-json\/wp\/v2\/media?parent=9680"}],"wp:term":[{"taxonomy":"category","embeddable":true,"href":"https:\/\/www.chg.at\/en\/wp-json\/wp\/v2\/categories?post=9680"},{"taxonomy":"post_tag","embeddable":true,"href":"https:\/\/www.chg.at\/en\/wp-json\/wp\/v2\/tags?post=9680"}],"curies":[{"name":"wp","href":"https:\/\/api.w.org\/{rel}","templated":true}]}}