{"id":9831,"date":"2018-08-14T12:58:40","date_gmt":"2018-08-14T10:58:40","guid":{"rendered":"https:\/\/www.chg.at\/?p=9831"},"modified":"2019-10-23T13:34:22","modified_gmt":"2019-10-23T11:34:22","slug":"anwalt-haidlen-in-gwt-aufsichtsrat","status":"publish","type":"post","link":"https:\/\/www.chg.at\/en\/anwalt-haidlen-in-gwt-aufsichtsrat\/","title":{"rendered":"CHG-Anwalt in Aufsichtsrat gew\u00e4hlt"},"content":{"rendered":"<style type=\"text\/css\"> \n#cmsmasters_row_69f1ab757437b3_56119806 .cmsmasters_row_outer_parent { \n\tpadding-top: 0px; \n} \n\n#cmsmasters_row_69f1ab757437b3_56119806 .cmsmasters_row_outer_parent { \n\tpadding-bottom: 50px; \n} \n\n \n#cmsmasters_row_69f1ab75746ba4_28984905 .cmsmasters_row_outer_parent { \n\tpadding-top: 0px; \n} \n\n#cmsmasters_row_69f1ab75746ba4_28984905 .cmsmasters_row_outer_parent { \n\tpadding-bottom: 40px; \n} \n\n<\/style><div id=\"cmsmasters_row_69f1ab757437b3_56119806\" class=\"cmsmasters_row cmsmasters_color_scheme_default cmsmasters_row_top_default cmsmasters_row_bot_default cmsmasters_row_boxed\">\n<div class=\"cmsmasters_row_outer_parent\">\n<div class=\"cmsmasters_row_outer\">\n<div class=\"cmsmasters_row_inner\">\n<div class=\"cmsmasters_row_margin\">\n<div class=\"cmsmasters_column one_first\">\n<div class=\"cmsmasters_text\">\n<h1 style=\"text-align: left;\">Wahl in den Aufsichtsrat<\/h1>\n<h3 style=\"text-align: left;\"><span style=\"color: #d43555;\">CHG-Anwalt Dr. Christoph Haidlen im neu gew\u00e4hlten Aufsichtsrat der GemeindeWerke TELFS<br \/>\n<\/span><\/h3>\n<div class=\"cmsmasters_dropcap type1\">Im<\/div> Juli wurde ein neuer Aufsichtsrat f\u00fcr die GemeindeWerke TELFS (GWT) gew\u00e4hlt. Neu im Aufsichtsrat: CHG-Anwalt Dr. Christoph Haidlen.<\/p>\n<p>&nbsp;<\/p>\n<p>Die Gemeindewerke Telfs wurden 1989 gegr\u00fcndet und stehen zu 100 % im Eigentum der Marktgemeinde Telfs. Zum Leistungsspektrum der GWT geh\u00f6ren die Trinkwasserversorgung und Abwasserversorgung, die Versorgung mit Kabel-TV, Internet und Festnetz, Energieerzeugung durch Wasserkraftwerke, Stra\u00dfenbeleuchtung und weitere Dienstleistungen durch den Bauhof. Am 1. Juli 2018 \u00fcbernahm Dirk J\u00e4ger die Gesch\u00e4ftsf\u00fchrung von seinem Vorg\u00e4nger Christian Mader.<\/p>\n<p>Der neue 5-k\u00f6pfige Aufsichtsrat setzt sich wie folgt zusammen:<\/p>\n<ul>\n<li>Aufsichtsratsvorsitzender Dr. Hans Unterdorfer, Vorstand der Tiroler Sparkasse<\/li>\n<li>Dr. Christoph Haidlen, Rechtsanwalt<\/li>\n<li>Dipl.-Ing. Dirk J\u00e4ger, Gesch\u00e4ftsf\u00fchrer der GemeindeWerke TELFS<\/li>\n<li>Doris Schiller, Referatsleiterin Finanzverwaltung Marktgemeinde Telfs<\/li>\n<li>Dipl.-Ing. Harald Schneider, vormaliger Vorstandsvorsitzender der IKB<\/li>\n<\/ul>\n<p><strong>Foto:<\/strong> Der neue Aufsichtsrat der GWT (v.l.n.r.): DI Harald Schneider, Dr. Hans Unterdorfer, Doris Schiller, Dr. Christoph Haidlen, DI Dirk J\u00e4ger, sowie der B\u00fcrgermeister der Marktgemeinde Telfs, Christian H\u00e4rting. \u00a9 Stefan Dietrich<\/p>\n<\/div>\n<div class=\"cmsmasters_text\">\n<p>&nbsp;<\/p>\n<\/div>\n<\/div>\n<\/div>\n<\/div>\n<\/div>\n<\/div>\n<\/div>\n<div id=\"cmsmasters_row_69f1ab75746ba4_28984905\" class=\"cmsmasters_row cmsmasters_color_scheme_default cmsmasters_row_top_default cmsmasters_row_bot_default cmsmasters_row_boxed\">\n<div class=\"cmsmasters_row_outer_parent\">\n<div class=\"cmsmasters_row_outer\">\n<div class=\"cmsmasters_row_inner\">\n<div class=\"cmsmasters_row_margin\">\n<div class=\"cmsmasters_column one_half\">\n<\/div>\n<div class=\"cmsmasters_column one_half\">\n<\/div>\n<\/div>\n<\/div>\n<\/div>\n<\/div>\n<\/div>\n\n","protected":false},"excerpt":{"rendered":"<p>Dr. Christoph Haidlen im Aufsichtsrat der GemeindeWerke TELFS<\/p>\n","protected":false},"author":3,"featured_media":10948,"comment_status":"closed","ping_status":"open","sticky":false,"template":"","format":"image","meta":{"inline_featured_image":false},"categories":[8,33],"tags":[],"yoast_head":"<!-- This site is optimized with the Yoast SEO plugin v19.8 - https:\/\/yoast.com\/wordpress\/plugins\/seo\/ -->\n<title>CHG-Anwalt Haidlen in Aufsichtsrat der Gemeindewerke Telfs gew\u00e4hlt<\/title>\n<meta name=\"description\" content=\"CHG Czernich Rechtsanw\u00e4lte,Christoph Haidlen, Wahl in Aufsichtsrat GemeindeWerke Telfs, Juli 2018, neuer Aufsichtsrat\" \/>\n<meta name=\"robots\" content=\"index, follow, max-snippet:-1, max-image-preview:large, max-video-preview:-1\" \/>\n<link rel=\"canonical\" href=\"https:\/\/www.chg.at\/en\/anwalt-haidlen-in-gwt-aufsichtsrat\/\" \/>\n<meta property=\"og:locale\" content=\"en_US\" \/>\n<meta property=\"og:type\" content=\"article\" \/>\n<meta property=\"og:title\" content=\"ABC\" \/>\n<meta property=\"og:description\" content=\"DEF\" \/>\n<meta property=\"og:url\" content=\"https:\/\/www.chg.at\/en\/anwalt-haidlen-in-gwt-aufsichtsrat\/\" \/>\n<meta property=\"og:site_name\" content=\"CHG Czernich Rechtsanw\u00e4lte \u2013 Wir bewegen Wirtschaft\" \/>\n<meta property=\"article:published_time\" content=\"2018-08-14T10:58:40+00:00\" \/>\n<meta property=\"article:modified_time\" content=\"2019-10-23T11:34:22+00:00\" \/>\n<meta property=\"og:image\" content=\"https:\/\/www.chg.at\/wp-content\/uploads\/2019\/10\/gwt_aufsichtsrat_1160x580-neu.jpg\" \/>\n\t<meta property=\"og:image:width\" content=\"771\" \/>\n\t<meta property=\"og:image:height\" content=\"386\" \/>\n\t<meta property=\"og:image:type\" content=\"image\/jpeg\" \/>\n<meta name=\"author\" content=\"Diana B\u00f6hme\" \/>\n<meta name=\"twitter:card\" content=\"summary_large_image\" \/>\n<meta name=\"twitter:label1\" content=\"Written by\" \/>\n\t<meta name=\"twitter:data1\" content=\"Diana B\u00f6hme\" \/>\n\t<meta name=\"twitter:label2\" content=\"Est. reading time\" \/>\n\t<meta name=\"twitter:data2\" content=\"1 minute\" \/>\n<script type=\"application\/ld+json\" class=\"yoast-schema-graph\">{\"@context\":\"https:\/\/schema.org\",\"@graph\":[{\"@type\":\"Article\",\"@id\":\"https:\/\/www.chg.at\/en\/anwalt-haidlen-in-gwt-aufsichtsrat\/#article\",\"isPartOf\":{\"@id\":\"https:\/\/www.chg.at\/en\/anwalt-haidlen-in-gwt-aufsichtsrat\/\"},\"author\":{\"name\":\"Diana B\u00f6hme\",\"@id\":\"https:\/\/www.chg.at\/en\/#\/schema\/person\/b3b2cd248a314cf8acc3db22217f03b4\"},\"headline\":\"CHG-Anwalt in Aufsichtsrat gew\u00e4hlt\",\"datePublished\":\"2018-08-14T10:58:40+00:00\",\"dateModified\":\"2019-10-23T11:34:22+00:00\",\"mainEntityOfPage\":{\"@id\":\"https:\/\/www.chg.at\/en\/anwalt-haidlen-in-gwt-aufsichtsrat\/\"},\"wordCount\":287,\"publisher\":{\"@id\":\"https:\/\/www.chg.at\/en\/#organization\"},\"articleSection\":[\"CHG News\",\"Veranstaltung\"],\"inLanguage\":\"en-US\"},{\"@type\":\"WebPage\",\"@id\":\"https:\/\/www.chg.at\/en\/anwalt-haidlen-in-gwt-aufsichtsrat\/\",\"url\":\"https:\/\/www.chg.at\/en\/anwalt-haidlen-in-gwt-aufsichtsrat\/\",\"name\":\"CHG-Anwalt Haidlen in Aufsichtsrat der Gemeindewerke Telfs gew\u00e4hlt\",\"isPartOf\":{\"@id\":\"https:\/\/www.chg.at\/en\/#website\"},\"datePublished\":\"2018-08-14T10:58:40+00:00\",\"dateModified\":\"2019-10-23T11:34:22+00:00\",\"description\":\"CHG Czernich Rechtsanw\u00e4lte,Christoph Haidlen, Wahl in Aufsichtsrat GemeindeWerke Telfs, Juli 2018, neuer Aufsichtsrat\",\"breadcrumb\":{\"@id\":\"https:\/\/www.chg.at\/en\/anwalt-haidlen-in-gwt-aufsichtsrat\/#breadcrumb\"},\"inLanguage\":\"en-US\",\"potentialAction\":[{\"@type\":\"ReadAction\",\"target\":[\"https:\/\/www.chg.at\/en\/anwalt-haidlen-in-gwt-aufsichtsrat\/\"]}]},{\"@type\":\"BreadcrumbList\",\"@id\":\"https:\/\/www.chg.at\/en\/anwalt-haidlen-in-gwt-aufsichtsrat\/#breadcrumb\",\"itemListElement\":[{\"@type\":\"ListItem\",\"position\":1,\"name\":\"Startseite\",\"item\":\"https:\/\/www.chg.at\/en\/\"},{\"@type\":\"ListItem\",\"position\":2,\"name\":\"CHG-Anwalt in Aufsichtsrat gew\u00e4hlt\"}]},{\"@type\":\"WebSite\",\"@id\":\"https:\/\/www.chg.at\/en\/#website\",\"url\":\"https:\/\/www.chg.at\/en\/\",\"name\":\"CHG Czernich Rechtsanw\u00e4lte \u2013 Wir bewegen Wirtschaft\",\"description\":\"Wir sorgen f\u00fcr Klarheit, wenn es rechtlich kompliziert wird. In jeder Phase Ihrer Unternehmungen. Sie ergreifen die Chancen. Wir verwandeln Risiken in L\u00f6sungen.\",\"publisher\":{\"@id\":\"https:\/\/www.chg.at\/en\/#organization\"},\"potentialAction\":[{\"@type\":\"SearchAction\",\"target\":{\"@type\":\"EntryPoint\",\"urlTemplate\":\"https:\/\/www.chg.at\/en\/?s={search_term_string}\"},\"query-input\":\"required name=search_term_string\"}],\"inLanguage\":\"en-US\"},{\"@type\":\"Organization\",\"@id\":\"https:\/\/www.chg.at\/en\/#organization\",\"name\":\"CHG Czernich Rechtsanw\u00e4lte\",\"url\":\"https:\/\/www.chg.at\/en\/\",\"sameAs\":[\"https:\/\/www.linkedin.com\/company\/12773263\/admin\/dashboard\/\"],\"logo\":{\"@type\":\"ImageObject\",\"inLanguage\":\"en-US\",\"@id\":\"https:\/\/www.chg.at\/en\/#\/schema\/logo\/image\/\",\"url\":\"https:\/\/www.chg.at\/wp-content\/uploads\/2016\/08\/CHG_logo_250_1.png\",\"contentUrl\":\"https:\/\/www.chg.at\/wp-content\/uploads\/2016\/08\/CHG_logo_250_1.png\",\"width\":250,\"height\":33,\"caption\":\"CHG Czernich Rechtsanw\u00e4lte\"},\"image\":{\"@id\":\"https:\/\/www.chg.at\/en\/#\/schema\/logo\/image\/\"}},{\"@type\":\"Person\",\"@id\":\"https:\/\/www.chg.at\/en\/#\/schema\/person\/b3b2cd248a314cf8acc3db22217f03b4\",\"name\":\"Diana B\u00f6hme\"}]}<\/script>\n<!-- \/ Yoast SEO plugin. -->","yoast_head_json":{"title":"CHG-Anwalt Haidlen in Aufsichtsrat der Gemeindewerke Telfs gew\u00e4hlt","description":"CHG Czernich Rechtsanw\u00e4lte,Christoph Haidlen, Wahl in Aufsichtsrat GemeindeWerke Telfs, Juli 2018, neuer Aufsichtsrat","robots":{"index":"index","follow":"follow","max-snippet":"max-snippet:-1","max-image-preview":"max-image-preview:large","max-video-preview":"max-video-preview:-1"},"canonical":"https:\/\/www.chg.at\/en\/anwalt-haidlen-in-gwt-aufsichtsrat\/","og_locale":"en_US","og_type":"article","og_title":"ABC","og_description":"DEF","og_url":"https:\/\/www.chg.at\/en\/anwalt-haidlen-in-gwt-aufsichtsrat\/","og_site_name":"CHG Czernich Rechtsanw\u00e4lte \u2013 Wir bewegen Wirtschaft","article_published_time":"2018-08-14T10:58:40+00:00","article_modified_time":"2019-10-23T11:34:22+00:00","og_image":[{"width":771,"height":386,"url":"https:\/\/www.chg.at\/wp-content\/uploads\/2019\/10\/gwt_aufsichtsrat_1160x580-neu.jpg","type":"image\/jpeg"}],"author":"Diana B\u00f6hme","twitter_card":"summary_large_image","twitter_misc":{"Written by":"Diana B\u00f6hme","Est. reading time":"1 minute"},"schema":{"@context":"https:\/\/schema.org","@graph":[{"@type":"Article","@id":"https:\/\/www.chg.at\/en\/anwalt-haidlen-in-gwt-aufsichtsrat\/#article","isPartOf":{"@id":"https:\/\/www.chg.at\/en\/anwalt-haidlen-in-gwt-aufsichtsrat\/"},"author":{"name":"Diana B\u00f6hme","@id":"https:\/\/www.chg.at\/en\/#\/schema\/person\/b3b2cd248a314cf8acc3db22217f03b4"},"headline":"CHG-Anwalt in Aufsichtsrat gew\u00e4hlt","datePublished":"2018-08-14T10:58:40+00:00","dateModified":"2019-10-23T11:34:22+00:00","mainEntityOfPage":{"@id":"https:\/\/www.chg.at\/en\/anwalt-haidlen-in-gwt-aufsichtsrat\/"},"wordCount":287,"publisher":{"@id":"https:\/\/www.chg.at\/en\/#organization"},"articleSection":["CHG News","Veranstaltung"],"inLanguage":"en-US"},{"@type":"WebPage","@id":"https:\/\/www.chg.at\/en\/anwalt-haidlen-in-gwt-aufsichtsrat\/","url":"https:\/\/www.chg.at\/en\/anwalt-haidlen-in-gwt-aufsichtsrat\/","name":"CHG-Anwalt Haidlen in Aufsichtsrat der Gemeindewerke Telfs gew\u00e4hlt","isPartOf":{"@id":"https:\/\/www.chg.at\/en\/#website"},"datePublished":"2018-08-14T10:58:40+00:00","dateModified":"2019-10-23T11:34:22+00:00","description":"CHG Czernich Rechtsanw\u00e4lte,Christoph Haidlen, Wahl in Aufsichtsrat GemeindeWerke Telfs, Juli 2018, neuer Aufsichtsrat","breadcrumb":{"@id":"https:\/\/www.chg.at\/en\/anwalt-haidlen-in-gwt-aufsichtsrat\/#breadcrumb"},"inLanguage":"en-US","potentialAction":[{"@type":"ReadAction","target":["https:\/\/www.chg.at\/en\/anwalt-haidlen-in-gwt-aufsichtsrat\/"]}]},{"@type":"BreadcrumbList","@id":"https:\/\/www.chg.at\/en\/anwalt-haidlen-in-gwt-aufsichtsrat\/#breadcrumb","itemListElement":[{"@type":"ListItem","position":1,"name":"Startseite","item":"https:\/\/www.chg.at\/en\/"},{"@type":"ListItem","position":2,"name":"CHG-Anwalt in Aufsichtsrat gew\u00e4hlt"}]},{"@type":"WebSite","@id":"https:\/\/www.chg.at\/en\/#website","url":"https:\/\/www.chg.at\/en\/","name":"CHG Czernich Rechtsanw\u00e4lte \u2013 Wir bewegen Wirtschaft","description":"Wir sorgen f\u00fcr Klarheit, wenn es rechtlich kompliziert wird. In jeder Phase Ihrer Unternehmungen. Sie ergreifen die Chancen. Wir verwandeln Risiken in L\u00f6sungen.","publisher":{"@id":"https:\/\/www.chg.at\/en\/#organization"},"potentialAction":[{"@type":"SearchAction","target":{"@type":"EntryPoint","urlTemplate":"https:\/\/www.chg.at\/en\/?s={search_term_string}"},"query-input":"required name=search_term_string"}],"inLanguage":"en-US"},{"@type":"Organization","@id":"https:\/\/www.chg.at\/en\/#organization","name":"CHG Czernich Rechtsanw\u00e4lte","url":"https:\/\/www.chg.at\/en\/","sameAs":["https:\/\/www.linkedin.com\/company\/12773263\/admin\/dashboard\/"],"logo":{"@type":"ImageObject","inLanguage":"en-US","@id":"https:\/\/www.chg.at\/en\/#\/schema\/logo\/image\/","url":"https:\/\/www.chg.at\/wp-content\/uploads\/2016\/08\/CHG_logo_250_1.png","contentUrl":"https:\/\/www.chg.at\/wp-content\/uploads\/2016\/08\/CHG_logo_250_1.png","width":250,"height":33,"caption":"CHG Czernich Rechtsanw\u00e4lte"},"image":{"@id":"https:\/\/www.chg.at\/en\/#\/schema\/logo\/image\/"}},{"@type":"Person","@id":"https:\/\/www.chg.at\/en\/#\/schema\/person\/b3b2cd248a314cf8acc3db22217f03b4","name":"Diana B\u00f6hme"}]}},"_links":{"self":[{"href":"https:\/\/www.chg.at\/en\/wp-json\/wp\/v2\/posts\/9831"}],"collection":[{"href":"https:\/\/www.chg.at\/en\/wp-json\/wp\/v2\/posts"}],"about":[{"href":"https:\/\/www.chg.at\/en\/wp-json\/wp\/v2\/types\/post"}],"author":[{"embeddable":true,"href":"https:\/\/www.chg.at\/en\/wp-json\/wp\/v2\/users\/3"}],"replies":[{"embeddable":true,"href":"https:\/\/www.chg.at\/en\/wp-json\/wp\/v2\/comments?post=9831"}],"version-history":[{"count":10,"href":"https:\/\/www.chg.at\/en\/wp-json\/wp\/v2\/posts\/9831\/revisions"}],"predecessor-version":[{"id":9842,"href":"https:\/\/www.chg.at\/en\/wp-json\/wp\/v2\/posts\/9831\/revisions\/9842"}],"wp:featuredmedia":[{"embeddable":true,"href":"https:\/\/www.chg.at\/en\/wp-json\/wp\/v2\/media\/10948"}],"wp:attachment":[{"href":"https:\/\/www.chg.at\/en\/wp-json\/wp\/v2\/media?parent=9831"}],"wp:term":[{"taxonomy":"category","embeddable":true,"href":"https:\/\/www.chg.at\/en\/wp-json\/wp\/v2\/categories?post=9831"},{"taxonomy":"post_tag","embeddable":true,"href":"https:\/\/www.chg.at\/en\/wp-json\/wp\/v2\/tags?post=9831"}],"curies":[{"name":"wp","href":"https:\/\/api.w.org\/{rel}","templated":true}]}}