{"id":9862,"date":"2018-10-15T10:32:43","date_gmt":"2018-10-15T08:32:43","guid":{"rendered":"https:\/\/www.chg.at\/?p=9862"},"modified":"2018-10-16T10:50:21","modified_gmt":"2018-10-16T08:50:21","slug":"20181012_empfang_des_honorarkonsuls_deutsche_einheit","status":"publish","type":"post","link":"https:\/\/www.chg.at\/en\/20181012_empfang_des_honorarkonsuls_deutsche_einheit\/","title":{"rendered":"Empfang des Honorarkonsuls zum Tag der Deutschen Einheit 2018"},"content":{"rendered":"<style type=\"text\/css\"> \n#cmsmasters_row_69f2bd1f0b8911_41375759 .cmsmasters_row_outer_parent { \n\tpadding-top: 0px; \n} \n\n#cmsmasters_row_69f2bd1f0b8911_41375759 .cmsmasters_row_outer_parent { \n\tpadding-bottom: 0px; \n} \n\n<\/style><div id=\"cmsmasters_row_69f2bd1f0b8911_41375759\" class=\"cmsmasters_row cmsmasters_color_scheme_default cmsmasters_row_top_default cmsmasters_row_bot_default cmsmasters_row_boxed\">\n<div class=\"cmsmasters_row_outer_parent\">\n<div class=\"cmsmasters_row_outer\">\n<div class=\"cmsmasters_row_inner\">\n<div class=\"cmsmasters_row_margin\">\n<div class=\"cmsmasters_column one_first\">\n<div class=\"cmsmasters_text\">\n<h1>Honorarkonsul l\u00e4dt zum Empfang<\/h1>\n<h3><span style=\"color: #d43555;\">Anl\u00e4sslich des Tages der Deutschen Einheit\u00a0lud der Honorarkonsul Dietmar Czernich zum Empfang.<\/span><\/h3>\n<div class=\"cmsmasters_dropcap type1\">Auch<\/div> in diesem Jahr lud der Honorarkonsul der Bundesrepublik Deutschland wieder zu einer Feierstunde ins Landhaus ein. Neben Landeshauptmann G\u00fcnther Platter, der Landtagspr\u00e4sidentin Sonja Ledl-Rossmann und dem Botschafter der Bundesrepublik Deutschland in \u00d6sterreich, S.E. Johannes Haindl, waren die Spitzen aus Politik, Verwaltung und Wirtschaft in Tirol anwesend.<br \/>\nUnter den G\u00e4sten waren unter anderem Nationalrat Mag. Maximilan Unterrainer, der B\u00fcrgermeister der Stadt Innsbruck, Georg Willi, Vizeb\u00fcrgermeister Franz X. Gruber, der Pr\u00e4sident des OLG Innsbruck, Dr. Klaus Schr\u00f6der, die Leitende Oberstaatsanw\u00e4ltin, Frau Dr. Brigitte Loderbauer sowie viele in Tirol lebende deutsche Staatsb\u00fcrger.<\/p>\n<p>Dr. Franz Fischler, Pr\u00e4sident des Europ\u00e4ischen Forums Alpbach, hielt in diesem Jahr die Festrede zum Thema &#8220;Die Zukunft der Europ\u00e4ischen Union&#8221;. Die Veranstaltung wurde von einem Chor des Tiroler S\u00e4ngerbundes unter der Leitung von Viktor Schellhorn musikalisch umrahmt.<\/p>\n<p>Foto: Botschafter Johannes Haindl, Honorarkonsul Dietmar Czernich, Festredner Franz Fischler, Landtagspr\u00e4sidentin Sonja Ledl-Rossmann, Vizeb\u00fcrgermeister Franz X. Gruber<\/p>\n<p>Fotonachweis: Land Tirol,\u00a0(c) Jakob Kathrein<\/p>\n<\/div>\n<\/div>\n<\/div>\n<\/div>\n<\/div>\n<\/div>\n<\/div>\n\n","protected":false},"excerpt":{"rendered":"<p>Anl\u00e4sslich der Tages der Deutschen Einheit lud der deutsche Honorarkonsul Dietmar Czernich zum Festakt ins Landhaus ein. <\/p>\n","protected":false},"author":3,"featured_media":9865,"comment_status":"closed","ping_status":"open","sticky":false,"template":"","format":"image","meta":{"inline_featured_image":false},"categories":[33],"tags":[],"yoast_head":"<!-- This site is optimized with the Yoast SEO plugin v19.8 - https:\/\/yoast.com\/wordpress\/plugins\/seo\/ -->\n<title>Empfang des Honorarkonsuls von Deutschland Dietmar Czernich<\/title>\n<meta name=\"description\" content=\"Deutscher Honorarkonsul von Tirol Dietmar Czernich begeht Tag der Deutschen Einheit mit einem Festakt, Festredner Wolfgang Reitzle\" \/>\n<meta name=\"robots\" content=\"index, follow, max-snippet:-1, max-image-preview:large, max-video-preview:-1\" \/>\n<link rel=\"canonical\" href=\"https:\/\/www.chg.at\/en\/20181012_empfang_des_honorarkonsuls_deutsche_einheit\/\" \/>\n<meta property=\"og:locale\" content=\"en_US\" \/>\n<meta property=\"og:type\" content=\"article\" \/>\n<meta property=\"og:title\" content=\"ABC\" \/>\n<meta property=\"og:description\" content=\"DEF\" \/>\n<meta property=\"og:url\" content=\"https:\/\/www.chg.at\/en\/20181012_empfang_des_honorarkonsuls_deutsche_einheit\/\" \/>\n<meta property=\"og:site_name\" content=\"CHG Czernich Rechtsanw\u00e4lte \u2013 Wir bewegen Wirtschaft\" \/>\n<meta property=\"article:published_time\" content=\"2018-10-15T08:32:43+00:00\" \/>\n<meta property=\"article:modified_time\" content=\"2018-10-16T08:50:21+00:00\" \/>\n<meta property=\"og:image\" content=\"https:\/\/www.chg.at\/wp-content\/uploads\/2018\/10\/Empfang-d-dt-Honorarkonsuls_2_LandTirol\u00a9Kathrein_1160x580.jpg\" \/>\n\t<meta property=\"og:image:width\" content=\"1160\" \/>\n\t<meta property=\"og:image:height\" content=\"580\" \/>\n\t<meta property=\"og:image:type\" content=\"image\/jpeg\" \/>\n<meta name=\"author\" content=\"Diana B\u00f6hme\" \/>\n<meta name=\"twitter:card\" content=\"summary_large_image\" \/>\n<meta name=\"twitter:label1\" content=\"Written by\" \/>\n\t<meta name=\"twitter:data1\" content=\"Diana B\u00f6hme\" \/>\n\t<meta name=\"twitter:label2\" content=\"Est. reading time\" \/>\n\t<meta name=\"twitter:data2\" content=\"1 minute\" \/>\n<script type=\"application\/ld+json\" class=\"yoast-schema-graph\">{\"@context\":\"https:\/\/schema.org\",\"@graph\":[{\"@type\":\"Article\",\"@id\":\"https:\/\/www.chg.at\/en\/20181012_empfang_des_honorarkonsuls_deutsche_einheit\/#article\",\"isPartOf\":{\"@id\":\"https:\/\/www.chg.at\/en\/20181012_empfang_des_honorarkonsuls_deutsche_einheit\/\"},\"author\":{\"name\":\"Diana B\u00f6hme\",\"@id\":\"https:\/\/www.chg.at\/en\/#\/schema\/person\/b3b2cd248a314cf8acc3db22217f03b4\"},\"headline\":\"Empfang des Honorarkonsuls zum Tag der Deutschen Einheit 2018\",\"datePublished\":\"2018-10-15T08:32:43+00:00\",\"dateModified\":\"2018-10-16T08:50:21+00:00\",\"mainEntityOfPage\":{\"@id\":\"https:\/\/www.chg.at\/en\/20181012_empfang_des_honorarkonsuls_deutsche_einheit\/\"},\"wordCount\":236,\"publisher\":{\"@id\":\"https:\/\/www.chg.at\/en\/#organization\"},\"articleSection\":[\"Veranstaltung\"],\"inLanguage\":\"en-US\"},{\"@type\":\"WebPage\",\"@id\":\"https:\/\/www.chg.at\/en\/20181012_empfang_des_honorarkonsuls_deutsche_einheit\/\",\"url\":\"https:\/\/www.chg.at\/en\/20181012_empfang_des_honorarkonsuls_deutsche_einheit\/\",\"name\":\"Empfang des Honorarkonsuls von Deutschland Dietmar Czernich\",\"isPartOf\":{\"@id\":\"https:\/\/www.chg.at\/en\/#website\"},\"datePublished\":\"2018-10-15T08:32:43+00:00\",\"dateModified\":\"2018-10-16T08:50:21+00:00\",\"description\":\"Deutscher Honorarkonsul von Tirol Dietmar Czernich begeht Tag der Deutschen Einheit mit einem Festakt, Festredner Wolfgang Reitzle\",\"breadcrumb\":{\"@id\":\"https:\/\/www.chg.at\/en\/20181012_empfang_des_honorarkonsuls_deutsche_einheit\/#breadcrumb\"},\"inLanguage\":\"en-US\",\"potentialAction\":[{\"@type\":\"ReadAction\",\"target\":[\"https:\/\/www.chg.at\/en\/20181012_empfang_des_honorarkonsuls_deutsche_einheit\/\"]}]},{\"@type\":\"BreadcrumbList\",\"@id\":\"https:\/\/www.chg.at\/en\/20181012_empfang_des_honorarkonsuls_deutsche_einheit\/#breadcrumb\",\"itemListElement\":[{\"@type\":\"ListItem\",\"position\":1,\"name\":\"Startseite\",\"item\":\"https:\/\/www.chg.at\/en\/\"},{\"@type\":\"ListItem\",\"position\":2,\"name\":\"Empfang des Honorarkonsuls zum Tag der Deutschen Einheit 2018\"}]},{\"@type\":\"WebSite\",\"@id\":\"https:\/\/www.chg.at\/en\/#website\",\"url\":\"https:\/\/www.chg.at\/en\/\",\"name\":\"CHG Czernich Rechtsanw\u00e4lte \u2013 Wir bewegen Wirtschaft\",\"description\":\"Wir sorgen f\u00fcr Klarheit, wenn es rechtlich kompliziert wird. In jeder Phase Ihrer Unternehmungen. Sie ergreifen die Chancen. Wir verwandeln Risiken in L\u00f6sungen.\",\"publisher\":{\"@id\":\"https:\/\/www.chg.at\/en\/#organization\"},\"potentialAction\":[{\"@type\":\"SearchAction\",\"target\":{\"@type\":\"EntryPoint\",\"urlTemplate\":\"https:\/\/www.chg.at\/en\/?s={search_term_string}\"},\"query-input\":\"required name=search_term_string\"}],\"inLanguage\":\"en-US\"},{\"@type\":\"Organization\",\"@id\":\"https:\/\/www.chg.at\/en\/#organization\",\"name\":\"CHG Czernich Rechtsanw\u00e4lte\",\"url\":\"https:\/\/www.chg.at\/en\/\",\"sameAs\":[\"https:\/\/www.linkedin.com\/company\/12773263\/admin\/dashboard\/\"],\"logo\":{\"@type\":\"ImageObject\",\"inLanguage\":\"en-US\",\"@id\":\"https:\/\/www.chg.at\/en\/#\/schema\/logo\/image\/\",\"url\":\"https:\/\/www.chg.at\/wp-content\/uploads\/2016\/08\/CHG_logo_250_1.png\",\"contentUrl\":\"https:\/\/www.chg.at\/wp-content\/uploads\/2016\/08\/CHG_logo_250_1.png\",\"width\":250,\"height\":33,\"caption\":\"CHG Czernich Rechtsanw\u00e4lte\"},\"image\":{\"@id\":\"https:\/\/www.chg.at\/en\/#\/schema\/logo\/image\/\"}},{\"@type\":\"Person\",\"@id\":\"https:\/\/www.chg.at\/en\/#\/schema\/person\/b3b2cd248a314cf8acc3db22217f03b4\",\"name\":\"Diana B\u00f6hme\"}]}<\/script>\n<!-- \/ Yoast SEO plugin. -->","yoast_head_json":{"title":"Empfang des Honorarkonsuls von Deutschland Dietmar Czernich","description":"Deutscher Honorarkonsul von Tirol Dietmar Czernich begeht Tag der Deutschen Einheit mit einem Festakt, Festredner Wolfgang Reitzle","robots":{"index":"index","follow":"follow","max-snippet":"max-snippet:-1","max-image-preview":"max-image-preview:large","max-video-preview":"max-video-preview:-1"},"canonical":"https:\/\/www.chg.at\/en\/20181012_empfang_des_honorarkonsuls_deutsche_einheit\/","og_locale":"en_US","og_type":"article","og_title":"ABC","og_description":"DEF","og_url":"https:\/\/www.chg.at\/en\/20181012_empfang_des_honorarkonsuls_deutsche_einheit\/","og_site_name":"CHG Czernich Rechtsanw\u00e4lte \u2013 Wir bewegen Wirtschaft","article_published_time":"2018-10-15T08:32:43+00:00","article_modified_time":"2018-10-16T08:50:21+00:00","og_image":[{"width":1160,"height":580,"url":"https:\/\/www.chg.at\/wp-content\/uploads\/2018\/10\/Empfang-d-dt-Honorarkonsuls_2_LandTirol\u00a9Kathrein_1160x580.jpg","type":"image\/jpeg"}],"author":"Diana B\u00f6hme","twitter_card":"summary_large_image","twitter_misc":{"Written by":"Diana B\u00f6hme","Est. reading time":"1 minute"},"schema":{"@context":"https:\/\/schema.org","@graph":[{"@type":"Article","@id":"https:\/\/www.chg.at\/en\/20181012_empfang_des_honorarkonsuls_deutsche_einheit\/#article","isPartOf":{"@id":"https:\/\/www.chg.at\/en\/20181012_empfang_des_honorarkonsuls_deutsche_einheit\/"},"author":{"name":"Diana B\u00f6hme","@id":"https:\/\/www.chg.at\/en\/#\/schema\/person\/b3b2cd248a314cf8acc3db22217f03b4"},"headline":"Empfang des Honorarkonsuls zum Tag der Deutschen Einheit 2018","datePublished":"2018-10-15T08:32:43+00:00","dateModified":"2018-10-16T08:50:21+00:00","mainEntityOfPage":{"@id":"https:\/\/www.chg.at\/en\/20181012_empfang_des_honorarkonsuls_deutsche_einheit\/"},"wordCount":236,"publisher":{"@id":"https:\/\/www.chg.at\/en\/#organization"},"articleSection":["Veranstaltung"],"inLanguage":"en-US"},{"@type":"WebPage","@id":"https:\/\/www.chg.at\/en\/20181012_empfang_des_honorarkonsuls_deutsche_einheit\/","url":"https:\/\/www.chg.at\/en\/20181012_empfang_des_honorarkonsuls_deutsche_einheit\/","name":"Empfang des Honorarkonsuls von Deutschland Dietmar Czernich","isPartOf":{"@id":"https:\/\/www.chg.at\/en\/#website"},"datePublished":"2018-10-15T08:32:43+00:00","dateModified":"2018-10-16T08:50:21+00:00","description":"Deutscher Honorarkonsul von Tirol Dietmar Czernich begeht Tag der Deutschen Einheit mit einem Festakt, Festredner Wolfgang Reitzle","breadcrumb":{"@id":"https:\/\/www.chg.at\/en\/20181012_empfang_des_honorarkonsuls_deutsche_einheit\/#breadcrumb"},"inLanguage":"en-US","potentialAction":[{"@type":"ReadAction","target":["https:\/\/www.chg.at\/en\/20181012_empfang_des_honorarkonsuls_deutsche_einheit\/"]}]},{"@type":"BreadcrumbList","@id":"https:\/\/www.chg.at\/en\/20181012_empfang_des_honorarkonsuls_deutsche_einheit\/#breadcrumb","itemListElement":[{"@type":"ListItem","position":1,"name":"Startseite","item":"https:\/\/www.chg.at\/en\/"},{"@type":"ListItem","position":2,"name":"Empfang des Honorarkonsuls zum Tag der Deutschen Einheit 2018"}]},{"@type":"WebSite","@id":"https:\/\/www.chg.at\/en\/#website","url":"https:\/\/www.chg.at\/en\/","name":"CHG Czernich Rechtsanw\u00e4lte \u2013 Wir bewegen Wirtschaft","description":"Wir sorgen f\u00fcr Klarheit, wenn es rechtlich kompliziert wird. In jeder Phase Ihrer Unternehmungen. Sie ergreifen die Chancen. Wir verwandeln Risiken in L\u00f6sungen.","publisher":{"@id":"https:\/\/www.chg.at\/en\/#organization"},"potentialAction":[{"@type":"SearchAction","target":{"@type":"EntryPoint","urlTemplate":"https:\/\/www.chg.at\/en\/?s={search_term_string}"},"query-input":"required name=search_term_string"}],"inLanguage":"en-US"},{"@type":"Organization","@id":"https:\/\/www.chg.at\/en\/#organization","name":"CHG Czernich Rechtsanw\u00e4lte","url":"https:\/\/www.chg.at\/en\/","sameAs":["https:\/\/www.linkedin.com\/company\/12773263\/admin\/dashboard\/"],"logo":{"@type":"ImageObject","inLanguage":"en-US","@id":"https:\/\/www.chg.at\/en\/#\/schema\/logo\/image\/","url":"https:\/\/www.chg.at\/wp-content\/uploads\/2016\/08\/CHG_logo_250_1.png","contentUrl":"https:\/\/www.chg.at\/wp-content\/uploads\/2016\/08\/CHG_logo_250_1.png","width":250,"height":33,"caption":"CHG Czernich Rechtsanw\u00e4lte"},"image":{"@id":"https:\/\/www.chg.at\/en\/#\/schema\/logo\/image\/"}},{"@type":"Person","@id":"https:\/\/www.chg.at\/en\/#\/schema\/person\/b3b2cd248a314cf8acc3db22217f03b4","name":"Diana B\u00f6hme"}]}},"_links":{"self":[{"href":"https:\/\/www.chg.at\/en\/wp-json\/wp\/v2\/posts\/9862"}],"collection":[{"href":"https:\/\/www.chg.at\/en\/wp-json\/wp\/v2\/posts"}],"about":[{"href":"https:\/\/www.chg.at\/en\/wp-json\/wp\/v2\/types\/post"}],"author":[{"embeddable":true,"href":"https:\/\/www.chg.at\/en\/wp-json\/wp\/v2\/users\/3"}],"replies":[{"embeddable":true,"href":"https:\/\/www.chg.at\/en\/wp-json\/wp\/v2\/comments?post=9862"}],"version-history":[{"count":5,"href":"https:\/\/www.chg.at\/en\/wp-json\/wp\/v2\/posts\/9862\/revisions"}],"predecessor-version":[{"id":9868,"href":"https:\/\/www.chg.at\/en\/wp-json\/wp\/v2\/posts\/9862\/revisions\/9868"}],"wp:featuredmedia":[{"embeddable":true,"href":"https:\/\/www.chg.at\/en\/wp-json\/wp\/v2\/media\/9865"}],"wp:attachment":[{"href":"https:\/\/www.chg.at\/en\/wp-json\/wp\/v2\/media?parent=9862"}],"wp:term":[{"taxonomy":"category","embeddable":true,"href":"https:\/\/www.chg.at\/en\/wp-json\/wp\/v2\/categories?post=9862"},{"taxonomy":"post_tag","embeddable":true,"href":"https:\/\/www.chg.at\/en\/wp-json\/wp\/v2\/tags?post=9862"}],"curies":[{"name":"wp","href":"https:\/\/api.w.org\/{rel}","templated":true}]}}